{"id":39801,"date":"2026-08-20T17:08:00","date_gmt":"2026-08-20T15:08:00","guid":{"rendered":"https:\/\/euapp01.newsmemory.com\/lamarseillaise\/news\/?p=39801"},"modified":"2026-08-25T08:15:39","modified_gmt":"2026-08-25T06:15:39","slug":"a-ales-darmanin-entre-soutien-et-promesses","status":"publish","type":"post","link":"https:\/\/euapp01.newsmemory.com\/lamarseillaise\/news\/2026\/08\/20\/a-ales-darmanin-entre-soutien-et-promesses\/","title":{"rendered":"\u00c0 Al\u00e8s, Darmanin entre soutien et promesses"},"content":{"rendered":"<div class=\"paragraph\">\n<p>\u00c0 quelques m\u00e8tres de l\u2019h\u00f4tel de ville, les mots se veulent fermes. Jeudi 13 ao\u00fbt, G\u00e9rald Darmanin est venu \u00e0 Al\u00e8s apporter son soutien \u00e0 Christophe Rivenq, maire LR plac\u00e9 sous protection polici\u00e8re depuis les graves menaces re\u00e7ues en juillet\u00a0: deux balles de 9 mm dans une enveloppe, et des inscriptions sign\u00e9es \u00ab\u00a0DZ NG\u00a0\u00bb.<\/p>\n<p>Apr\u00e8s quarante-cinq minutes d\u2019entretien \u00e0 huis clos, le garde des Sceaux salue \u00ab\u00a0<i>un maire courageux<\/i><i>\u00a0<\/i>\u00bb et assure que \u00ab\u00a0<i>l\u2019enqu\u00eate progresse gr\u00e2ce aux policiers de la police judiciaire<\/i>\u00a0\u00bb. Le Parquet national anticriminalit\u00e9 organis\u00e9e est d\u00e9sormais saisi. Sans confirmer l\u2019implication de la DZ Mafia, revendication d\u2019ailleurs d\u00e9mentie par des hommes se pr\u00e9sentant comme membres du groupe criminel, G\u00e9rald Darmanin dit esp\u00e9rer que les investigations permettront, \u00ab\u00a0<i>dans les prochaines semaines<\/i>\u00a0\u00bb, de mettre fin aux menaces.<\/p>\n<\/p><\/div>\n<div class=\"intext\"> Un tribunal pour enfants d\u00e8s 2027\n              <\/div>\n<div class=\"paragraph\">\n<p>Mais derri\u00e8re la d\u00e9monstration de soutien, le d\u00e9placement devait aussi apporter du concret. G\u00e9rald Darmanin a confirm\u00e9 la cr\u00e9ation, d\u00e9but 2027, d\u2019un tribunal pour enfants \u00e0 Al\u00e8s, revendication ancienne du monde judiciaire. Un juge des enfants, un parquetier sp\u00e9cialis\u00e9 et des greffiers doivent renforcer une justice des mineurs jusqu\u2019ici largement organis\u00e9e depuis N\u00eemes. La Ville fournira les locaux.<\/p>\n<p>Le ministre a \u00e9galement \u00e9voqu\u00e9 un possible d\u00e9m\u00e9nagement du Service p\u00e9nitentiaire d\u2019insertion et de probation, aujourd\u2019hui \u00e0 l\u2019\u00e9troit. Neuf policiers suppl\u00e9mentaires doivent par ailleurs rejoindre Al\u00e8s en septembre, renfort d\u00e9cid\u00e9 avant les menaces contre le maire. Dans une ville gagn\u00e9e par le narcotrafic, l\u2019\u00c9tat promet policiers et magistrats. Reste \u00e0 esp\u00e9rer qu\u2019apr\u00e8s les effets d\u2019annonce, les moyens suivront. Et que la r\u00e9ponse ne s\u2019arr\u00eatera pas au tout-s\u00e9curitaire.<\/p>\n<\/p><\/div>\n","protected":false},"excerpt":{"rendered":"&Agrave; quelques m&egrave;tres de l&rsquo;h&ocirc;tel de ville, les mots se veulent fermes. Jeudi 13 ao&ucirc;t, G&eacute;rald Darmanin est venu &agrave; Al&egrave;s apporter son soutien &agrave; Christophe Rivenq, maire LR plac&eacute; sous &#8230;","protected":false},"author":1,"featured_media":39802,"comment_status":"open","ping_status":"open","sticky":false,"template":"","format":"standard","meta":{"footnotes":""},"categories":[3926,3925,330],"tags":[663,635,2220,2394,238,249,200,2636,268,763,111],"news-destination":[3944],"news-source":[475],"is_homepage":[],"ta_other":[],"class_list":["post-39801","post","type-post","status-publish","format-standard","has-post-thumbnail","hentry","category-accueil-merge","category-accueil-third","category-politique","tag-ales","tag-christophe-rivenq","tag-delinquance","tag-dz-mafia","tag-gard","tag-gerald-darmanin","tag-justice","tag-menaces","tag-narcotrafic","tag-police","tag-securite","news-destination-homepage","news-source-website"],"_links":{"self":[{"href":"https:\/\/euapp01.newsmemory.com\/lamarseillaise\/news\/wp-json\/wp\/v2\/posts\/39801","targetHints":{"allow":["GET"]}}],"collection":[{"href":"https:\/\/euapp01.newsmemory.com\/lamarseillaise\/news\/wp-json\/wp\/v2\/posts"}],"about":[{"href":"https:\/\/euapp01.newsmemory.com\/lamarseillaise\/news\/wp-json\/wp\/v2\/types\/post"}],"author":[{"embeddable":true,"href":"https:\/\/euapp01.newsmemory.com\/lamarseillaise\/news\/wp-json\/wp\/v2\/users\/1"}],"replies":[{"embeddable":true,"href":"https:\/\/euapp01.newsmemory.com\/lamarseillaise\/news\/wp-json\/wp\/v2\/comments?post=39801"}],"version-history":[{"count":2,"href":"https:\/\/euapp01.newsmemory.com\/lamarseillaise\/news\/wp-json\/wp\/v2\/posts\/39801\/revisions"}],"predecessor-version":[{"id":39811,"href":"https:\/\/euapp01.newsmemory.com\/lamarseillaise\/news\/wp-json\/wp\/v2\/posts\/39801\/revisions\/39811"}],"wp:featuredmedia":[{"embeddable":true,"href":"https:\/\/euapp01.newsmemory.com\/lamarseillaise\/news\/wp-json\/wp\/v2\/media\/39802"}],"wp:attachment":[{"href":"https:\/\/euapp01.newsmemory.com\/lamarseillaise\/news\/wp-json\/wp\/v2\/media?parent=39801"}],"wp:term":[{"taxonomy":"category","embeddable":true,"href":"https:\/\/euapp01.newsmemory.com\/lamarseillaise\/news\/wp-json\/wp\/v2\/categories?post=39801"},{"taxonomy":"post_tag","embeddable":true,"href":"https:\/\/euapp01.newsmemory.com\/lamarseillaise\/news\/wp-json\/wp\/v2\/tags?post=39801"},{"taxonomy":"news-destination","embeddable":true,"href":"https:\/\/euapp01.newsmemory.com\/lamarseillaise\/news\/wp-json\/wp\/v2\/news-destination?post=39801"},{"taxonomy":"news-source","embeddable":true,"href":"https:\/\/euapp01.newsmemory.com\/lamarseillaise\/news\/wp-json\/wp\/v2\/news-source?post=39801"},{"taxonomy":"is_homepage","embeddable":true,"href":"https:\/\/euapp01.newsmemory.com\/lamarseillaise\/news\/wp-json\/wp\/v2\/is_homepage?post=39801"},{"taxonomy":"ta_other","embeddable":true,"href":"https:\/\/euapp01.newsmemory.com\/lamarseillaise\/news\/wp-json\/wp\/v2\/ta_other?post=39801"}],"curies":[{"name":"wp","href":"https:\/\/api.w.org\/{rel}","templated":true}]}}