{"id":39798,"date":"2026-08-20T08:43:00","date_gmt":"2026-08-20T06:43:00","guid":{"rendered":"https:\/\/euapp01.newsmemory.com\/lamarseillaise\/news\/?p=39798"},"modified":"2026-08-25T08:02:48","modified_gmt":"2026-08-25T06:02:48","slug":"ils-participent-a-la-rentree-des-gauches","status":"publish","type":"post","link":"https:\/\/euapp01.newsmemory.com\/lamarseillaise\/news\/2026\/08\/20\/ils-participent-a-la-rentree-des-gauches\/","title":{"rendered":"Ils participent \u00e0 la rentr\u00e9e des gauches"},"content":{"rendered":"<div class=\"intext\"> Sophie Roques. Pr\u00e9sidente de Homosexualit\u00e9s et Socialisme (HES) France, PS \u00e0 Marseille\n              <\/div>\n<div class=\"paragraph\">\n<p>\u00ab La table ronde \u00ab Comment contrer les offensives anti-LGBTI+ en France et dans le monde ? \u00bb, s\u2019inscrit dans la p\u00e9riode actuelle o\u00f9 les offensives r\u00e9actionnaires sont extr\u00eamement fortes et extr\u00eamement violentes de partout, y compris aux \u00c9tats-Unis. Malheureusement, ce qui s\u2019y passe, arrive en Europe aussi quelque temps apr\u00e8s. La gauche a une responsabilit\u00e9 \u00e9norme, parce qu\u2019on sait que l\u2019extr\u00eame droite, si elle arrive au pouvoir, ne tiendra jamais ses promesses sur son programme \u00e9conomique. Par contre, on sait qu\u2019elle s\u2019attaquera en premier aux droits des femmes, des minorit\u00e9s et des personnes LGBT. On le voit avec les coupes sur les financements des plannings familiaux. La gauche doit \u00eatre dans un cycle de conqu\u00eate par rapport \u00e0 \u00e7a. Elle a cette responsabilit\u00e9 de proposer une soci\u00e9t\u00e9 \u00e9mancipatrice, plus juste. \u00bb<\/p>\n<\/p><\/div>\n<div class=\"intext\"> Sylvie Vinceneux. Secr\u00e9taire f\u00e9d\u00e9rale du PCF du Var\n              <\/div>\n<div class=\"paragraph\">\n<p>\u00ab J\u2019interviendrais sur le th\u00e8me : quelle ambition pour le logement dans les quartiers populaires ? Le logement doit \u00eatre abord\u00e9 dans la campagne pour l\u2019\u00e9lection pr\u00e9sidentielle. On est quand m\u00eame dans une crise qui est profonde et la plupart des pays europ\u00e9ens sont dans la m\u00eame situation. Derni\u00e8rement, un des commissaires de l\u2019ONU, a lanc\u00e9 une alerte en disant que, vu le nombre aujourd\u2019hui de gens en demande de logement qui \u00e9taient \u00e0 la rue, ce probl\u00e8me devait \u00eatre pris \u00e0 bras-le-corps. Toutes les fondations tirent des signaux d\u2019alarme depuis des ann\u00e9es. Les chiffres ne cessent d\u2019augmenter, on est \u00e0 2,9 millions de personnes en demande de logement. C\u2019est plus de 50% en 10 ans, c\u2019est \u00e9norme ! \u00c0 cela s\u2019ajoutent 305 000 sans domicile fixe. Il y a aussi les personnes qui sont mal log\u00e9es et vivent dans des passoires ou des bouilloires thermiques ; les quartiers populaires concentrent tout cela. \u00bb<\/p>\n<\/p><\/div>\n<div class=\"intext\"> Rapha\u00ebl Arnault. D\u00e9put\u00e9 LFI de la 1\u00e8re circonscription de Vaucluse\n              <\/div>\n<div class=\"paragraph\">\n<p>\u00ab La conf\u00e9rence \u00ab l\u2019\u00e8re du supr\u00e9macisme \u00bb, sur laquelle j\u2019interviens, a pour but de d\u00e9crire la dynamique actuelle de l\u2019extr\u00eame droite, notamment d\u2019un point de vue id\u00e9ologique. On a tendance \u00e0 tenter de faire des comparaisons \u00e0 l\u2019\u00e9chelle internationale, s\u2019il y a des similitudes, il y a aussi de grandes diff\u00e9rences, d\u2019un point de vue du contexte, de l\u2019histoire, de la r\u00e9alit\u00e9 dans laquelle elles \u00e9voluent. On d\u00e9crit, par exemple, le gouvernement actuel isra\u00e9lien, comme \u00e9tant d\u2019extr\u00eame droite. Mais cela manque un peu d\u2019explications de pourquoi est-ce que ces extr\u00eames droites-l\u00e0, en Occident, qui sont historiquement tr\u00e8s antis\u00e9mites, s\u2019allient avec des gouvernements, comme celui d\u2019Isra\u00ebl. C\u2019est tout simplement du supr\u00e9macisme. Il existe, ici dans notre pays, des relais supr\u00e9macistes port\u00e9s par l\u2019extr\u00eame droite organis\u00e9e de fa\u00e7on tr\u00e8s consciente, notamment par le Rassemblement national. \u00bb<\/p>\n<\/p><\/div>\n<div class=\"intext\"> Guy Benarroche. S\u00e9nateur E\u00c9LV des Bouches-du-Rh\u00f4ne\n              <\/div>\n<div class=\"paragraph\">\n<p>\u00ab J\u2019anime l\u2019atelier \u00ab Discriminations et d\u00e9mocratie : du constat \u00e0 l\u2019action politique \u00bb. C\u2019est-\u00e0-dire comment, aujourd\u2019hui, les nouvelles formes de discrimination raciale ou sexiste, qui sont modifi\u00e9es dans leur fa\u00e7on de s\u2019exprimer et dans leur impact, entre autres, par les algorithmes et les r\u00e9seaux sociaux, influent \u00e9norm\u00e9ment sur notre vie d\u00e9mocratique. D\u00e8s lors, comment on pourrait nous, citoyens, et l\u00e9gislateurs aussi, trouver des solutions plus adapt\u00e9es que celles qui existent aujourd\u2019hui, \u00e0 la lutte contre ces formes-l\u00e0 de racisme et de discrimination. Ce qui rend ces universit\u00e9s importantes, c\u2019est la capacit\u00e9 \u00e0 recevoir \u00e9norm\u00e9ment d\u2019intervenants ext\u00e9rieurs au parti politique. C\u2019est tr\u00e8s enrichissant pour la r\u00e9flexion g\u00e9n\u00e9rale du parti, \u00e7a nous permet de confronter ou d\u2019additionner \u00e0 nos positions des analyses sur des th\u00e9matiques telles que le climat, les incendies, l\u2019eau, la justice des mineurs, les discriminations raciales ou l\u2019armement nucl\u00e9aire. \u00bb<\/p>\n<\/p><\/div>\n","protected":false},"excerpt":{"rendered":"&laquo; La table ronde &laquo; Comment contrer les offensives anti-LGBTI+ en France et dans le monde ? &raquo;, s&rsquo;inscrit dans la p&eacute;riode actuelle o&ugrave; les offensives r&eacute;actionnaires sont extr&ecirc;mement fortes et &#8230;","protected":false},"author":1,"featured_media":39799,"comment_status":"open","ping_status":"open","sticky":false,"template":"","format":"standard","meta":{"footnotes":""},"categories":[3926,3925,330],"tags":[6281,5896],"news-destination":[3944],"news-source":[475],"is_homepage":[],"ta_other":[],"class_list":["post-39798","post","type-post","status-publish","format-standard","has-post-thumbnail","hentry","category-accueil-merge","category-accueil-third","category-politique","tag-gauches","tag-universites-dete","news-destination-homepage","news-source-website"],"_links":{"self":[{"href":"https:\/\/euapp01.newsmemory.com\/lamarseillaise\/news\/wp-json\/wp\/v2\/posts\/39798","targetHints":{"allow":["GET"]}}],"collection":[{"href":"https:\/\/euapp01.newsmemory.com\/lamarseillaise\/news\/wp-json\/wp\/v2\/posts"}],"about":[{"href":"https:\/\/euapp01.newsmemory.com\/lamarseillaise\/news\/wp-json\/wp\/v2\/types\/post"}],"author":[{"embeddable":true,"href":"https:\/\/euapp01.newsmemory.com\/lamarseillaise\/news\/wp-json\/wp\/v2\/users\/1"}],"replies":[{"embeddable":true,"href":"https:\/\/euapp01.newsmemory.com\/lamarseillaise\/news\/wp-json\/wp\/v2\/comments?post=39798"}],"version-history":[{"count":1,"href":"https:\/\/euapp01.newsmemory.com\/lamarseillaise\/news\/wp-json\/wp\/v2\/posts\/39798\/revisions"}],"predecessor-version":[{"id":39800,"href":"https:\/\/euapp01.newsmemory.com\/lamarseillaise\/news\/wp-json\/wp\/v2\/posts\/39798\/revisions\/39800"}],"wp:featuredmedia":[{"embeddable":true,"href":"https:\/\/euapp01.newsmemory.com\/lamarseillaise\/news\/wp-json\/wp\/v2\/media\/39799"}],"wp:attachment":[{"href":"https:\/\/euapp01.newsmemory.com\/lamarseillaise\/news\/wp-json\/wp\/v2\/media?parent=39798"}],"wp:term":[{"taxonomy":"category","embeddable":true,"href":"https:\/\/euapp01.newsmemory.com\/lamarseillaise\/news\/wp-json\/wp\/v2\/categories?post=39798"},{"taxonomy":"post_tag","embeddable":true,"href":"https:\/\/euapp01.newsmemory.com\/lamarseillaise\/news\/wp-json\/wp\/v2\/tags?post=39798"},{"taxonomy":"news-destination","embeddable":true,"href":"https:\/\/euapp01.newsmemory.com\/lamarseillaise\/news\/wp-json\/wp\/v2\/news-destination?post=39798"},{"taxonomy":"news-source","embeddable":true,"href":"https:\/\/euapp01.newsmemory.com\/lamarseillaise\/news\/wp-json\/wp\/v2\/news-source?post=39798"},{"taxonomy":"is_homepage","embeddable":true,"href":"https:\/\/euapp01.newsmemory.com\/lamarseillaise\/news\/wp-json\/wp\/v2\/is_homepage?post=39798"},{"taxonomy":"ta_other","embeddable":true,"href":"https:\/\/euapp01.newsmemory.com\/lamarseillaise\/news\/wp-json\/wp\/v2\/ta_other?post=39798"}],"curies":[{"name":"wp","href":"https:\/\/api.w.org\/{rel}","templated":true}]}}