{"id":39789,"date":"2026-08-20T07:48:00","date_gmt":"2026-08-20T05:48:00","guid":{"rendered":"https:\/\/euapp01.newsmemory.com\/lamarseillaise\/news\/?p=39789"},"modified":"2026-08-25T07:22:57","modified_gmt":"2026-08-25T05:22:57","slug":"tous-dehors-les-rues-aixoises-transformees-en-scenes-musicales","status":"publish","type":"post","link":"https:\/\/euapp01.newsmemory.com\/lamarseillaise\/news\/2026\/08\/20\/tous-dehors-les-rues-aixoises-transformees-en-scenes-musicales\/","title":{"rendered":"[Tous dehors] Les rues aixoises transform\u00e9es en sc\u00e8nes musicales"},"content":{"rendered":"<div class=\"paragraph\">\n<p>C<i>omposez votre propre voyage musical<\/i><i>\u00a0<\/i>\u00bb, annonce le conservatoire Darius-Milhaud \u00e0 l\u2019occasion de la 13<sup>e<\/sup>\u00a0\u00e9dition du festival <i>Musique dans la rue<\/i>. Au programme, 47\u00a0rendez-vous dans quatre lieux d\u2019exception\u00a0: la cour Sainte-Catherine, la place d\u2019Albertas, l\u2019\u00e9glise du Saint-Esprit et le jardin du Pavillon de Vend\u00f4me. \u00ab\u00a0<i>L\u2019objectif est de proposer un festival accessible, ouvert \u00e0 tous, m\u00eame au jeune public, et gratuit. Pour les Aixois comme pour les touristes, le but est de d\u00e9couvrir des lieux embl\u00e9matiques de la ville et de venir \u00e9couter des r\u00e9pertoires tr\u00e8s diff\u00e9rents<\/i>\u00a0\u00bb, explique Louisiane Toumelin, coordinatrice du festival.<\/p>\n<p>\u00ab\u00a0<i>On en a pour tous les go\u00fbts<\/i><i>\u00a0<\/i><i>!<\/i><i>\u00a0<\/i>\u00bb, se f\u00e9licite-t-elle. Entre concerts et fanfares ambulantes, une large diversit\u00e9 d\u2019artistes et de genres musicaux est propos\u00e9e, du rock \u00e0 la musique lyrique, en passant par la bossa nova, le classique et le jazz. Chaque concert dure une trentaine de minutes, afin de pouvoir \u00ab\u00a0<i>voir des choses tr\u00e8s diversifi\u00e9es<\/i>\u00a0\u00bb, pr\u00e9cise la coordinatrice. \u00ab\u00a0<i>Le but est de susciter la curiosit\u00e9 du public. Par exemple, on a un concert qui va proposer des reprises de musiques de Gainsbourg, de Rihanna, mais aussi de compositeurs classiques comme Mozart<\/i><i>\u00a0<\/i>\u00bb, annonce-t-elle.<\/p>\n<p>La soir\u00e9e d\u2019ouverture se d\u00e9roulera au conservatoire Darius-Milhaud, ce vendredi 21\u00a0ao\u00fbt de\u00a020h \u00e0\u00a021h15, pour une rencontre \u00ab\u00a0<i>plac\u00e9e sous le signe de l\u2019excellence musicale et du dialogue entre les cultures<\/i><i>\u00a0<\/i>\u00bb. Le violoniste franco-syrien aixois Bilal Alnemr jouera aux c\u00f4t\u00e9s du Jeune Ensemble de Berlin lors d\u2019un concert symphonique.<\/p>\n<\/p><\/div>\n<div class=\"intext\"> Des musiciens<br \/>\n               <br \/>\u00e0 la rencontre du public\n              <\/div>\n<div class=\"paragraph\">\n<p>Trois d\u00e9ambulations festives sont pr\u00e9vues les\u00a027, 28\u00a0et 29\u00a0ao\u00fbt. Entre fanfare \u00e9lectrique et jazz cr\u00e9ole, Louisiane Toumelin invite le public \u00e0 \u00ab\u00a0<i>se raccrocher \u00e0 la d\u00e9ambulation quand elle passera devant les terrasses de caf\u00e9s<\/i>\u00a0\u00bb. Apr\u00e8s des \u00e9ditions compliqu\u00e9es dans le contexte du Covid, la coordinatrice du festival insiste\u00a0: \u00ab\u00a0<i>On est ravis de proposer une belle \u00e9dition, avec autant de concerts dans des lieux en simultan\u00e9. Ce qui va \u00eatre difficile pour le public, c\u2019est de choisir ce qu\u2019il a envie de voir<\/i><i>\u00a0<\/i><i>!<\/i>\u00a0\u00bb<\/p>\n<\/p><\/div>\n<div class=\"paragraph\">\n<p><i>Programmation compl\u00e8te <br \/>sur le site de l\u2019office de tourisme.<\/i><\/p>\n<\/p><\/div>\n","protected":false},"excerpt":{"rendered":"Composez votre propre voyage musical&nbsp;&raquo;, annonce le conservatoire Darius-Milhaud &agrave; l&rsquo;occasion de la 13e&nbsp;&eacute;dition du festival Musique dans la rue. Au programme, 47&nbsp;rendez-vous dans quatre lieux &#8230;","protected":false},"author":1,"featured_media":39790,"comment_status":"open","ping_status":"open","sticky":false,"template":"","format":"standard","meta":{"footnotes":""},"categories":[3926,3925,32],"tags":[556,10,400,1778,1680,1867,948,5630,329,1138,1083,40,2096,3443,2000,698,1258,2328,159],"news-destination":[3944],"news-source":[475],"is_homepage":[],"ta_other":[],"class_list":["post-39789","post","type-post","status-publish","format-standard","has-post-thumbnail","hentry","category-accueil-merge","category-accueil-third","category-culture","tag-aix-en-provence","tag-bouches-du-rhone","tag-concerts","tag-conservatoire","tag-cultures","tag-deambulation","tag-diversite","tag-fanfares","tag-festival","tag-festivites","tag-gratuit","tag-jazz","tag-jeune-public","tag-musique-lyrique","tag-plein-air","tag-rencontre","tag-rock","tag-rue","tag-touristes","news-destination-homepage","news-source-website"],"_links":{"self":[{"href":"https:\/\/euapp01.newsmemory.com\/lamarseillaise\/news\/wp-json\/wp\/v2\/posts\/39789","targetHints":{"allow":["GET"]}}],"collection":[{"href":"https:\/\/euapp01.newsmemory.com\/lamarseillaise\/news\/wp-json\/wp\/v2\/posts"}],"about":[{"href":"https:\/\/euapp01.newsmemory.com\/lamarseillaise\/news\/wp-json\/wp\/v2\/types\/post"}],"author":[{"embeddable":true,"href":"https:\/\/euapp01.newsmemory.com\/lamarseillaise\/news\/wp-json\/wp\/v2\/users\/1"}],"replies":[{"embeddable":true,"href":"https:\/\/euapp01.newsmemory.com\/lamarseillaise\/news\/wp-json\/wp\/v2\/comments?post=39789"}],"version-history":[{"count":1,"href":"https:\/\/euapp01.newsmemory.com\/lamarseillaise\/news\/wp-json\/wp\/v2\/posts\/39789\/revisions"}],"predecessor-version":[{"id":39791,"href":"https:\/\/euapp01.newsmemory.com\/lamarseillaise\/news\/wp-json\/wp\/v2\/posts\/39789\/revisions\/39791"}],"wp:featuredmedia":[{"embeddable":true,"href":"https:\/\/euapp01.newsmemory.com\/lamarseillaise\/news\/wp-json\/wp\/v2\/media\/39790"}],"wp:attachment":[{"href":"https:\/\/euapp01.newsmemory.com\/lamarseillaise\/news\/wp-json\/wp\/v2\/media?parent=39789"}],"wp:term":[{"taxonomy":"category","embeddable":true,"href":"https:\/\/euapp01.newsmemory.com\/lamarseillaise\/news\/wp-json\/wp\/v2\/categories?post=39789"},{"taxonomy":"post_tag","embeddable":true,"href":"https:\/\/euapp01.newsmemory.com\/lamarseillaise\/news\/wp-json\/wp\/v2\/tags?post=39789"},{"taxonomy":"news-destination","embeddable":true,"href":"https:\/\/euapp01.newsmemory.com\/lamarseillaise\/news\/wp-json\/wp\/v2\/news-destination?post=39789"},{"taxonomy":"news-source","embeddable":true,"href":"https:\/\/euapp01.newsmemory.com\/lamarseillaise\/news\/wp-json\/wp\/v2\/news-source?post=39789"},{"taxonomy":"is_homepage","embeddable":true,"href":"https:\/\/euapp01.newsmemory.com\/lamarseillaise\/news\/wp-json\/wp\/v2\/is_homepage?post=39789"},{"taxonomy":"ta_other","embeddable":true,"href":"https:\/\/euapp01.newsmemory.com\/lamarseillaise\/news\/wp-json\/wp\/v2\/ta_other?post=39789"}],"curies":[{"name":"wp","href":"https:\/\/api.w.org\/{rel}","templated":true}]}}