{"id":39786,"date":"2026-08-20T07:50:00","date_gmt":"2026-08-20T05:50:00","guid":{"rendered":"https:\/\/euapp01.newsmemory.com\/lamarseillaise\/news\/?p=39786"},"modified":"2026-08-25T07:37:12","modified_gmt":"2026-08-25T05:37:12","slug":"en-famille-visiter-une-ferme-en-plein-marseille","status":"publish","type":"post","link":"https:\/\/euapp01.newsmemory.com\/lamarseillaise\/news\/2026\/08\/20\/en-famille-visiter-une-ferme-en-plein-marseille\/","title":{"rendered":"[En famille] Visiter une ferme en plein Marseille"},"content":{"rendered":"<div class=\"paragraph\">\n<p>Durant toute l\u2019ann\u00e9e, des ventes de l\u00e9gumes bio sont organis\u00e9es le mercredi, de 16h \u00e0 18h30, ainsi que le samedi, de 9h30 \u00e0 12h, \u00e0 la ferme municipale du Collet des Comtes. Pendant ces cr\u00e9neaux, la ferme est enti\u00e8rement ouverte \u00e0 la visite, de mani\u00e8re libre et gratuite.<\/p>\n<p>En plus de profiter de produits de qualit\u00e9 cultiv\u00e9s au c\u0153ur de Marseille, \u00ab\u00a0<i>des serres, des zones de p\u00e2turage, un verger, une mare et un jardin p\u00e9dagogique compl\u00e8tent ces productions de plein champ. La ferme propose la d\u00e9couverte d\u2019animaux tels qu\u2019un cheval, un \u00e2ne, des cochons, des agneaux, des lapins, des poules et d\u2019autres oiseaux de basse-cour<\/i>\u00a0\u00bb, pr\u00e9cise l\u2019organisation. Au total, une cinquantaine d\u2019animaux sont pr\u00e9sents sur l\u2019exploitation, pour le bonheur des visiteurs.<\/p>\n<\/p><\/div>\n<div class=\"intext\"> Une ferme \u00e0 l\u2019histoire ancienne\n              <\/div>\n<div class=\"paragraph\">\n<p>S\u2019\u00e9tendant sur plus de trois hectares, la ferme se divise en plusieurs b\u00e2timents, dont une bastide du XIX<sup>e<\/sup>\u00a0si\u00e8cle transform\u00e9e en locaux p\u00e9dagogiques. Cr\u00e9\u00e9e en 1855, la ferme a su se maintenir face aux changements urbains, notamment gr\u00e2ce \u00e0 son rachat par la Ville de Marseille en 1980.<\/p>\n<\/p><\/div>\n<div class=\"paragraph\">\n<p><i>Plus d\u2019info sur<\/i><i>\u00a0<\/i><i>: ferme-pedagogique-collet-des-comtes.fr<\/i><\/p>\n<\/p><\/div>\n","protected":false},"excerpt":{"rendered":"Durant toute l&rsquo;ann&eacute;e, des ventes de l&eacute;gumes bio sont organis&eacute;es le mercredi, de 16h &agrave; 18h30, ainsi que le samedi, de 9h30 &agrave; 12h, &agrave; la ferme municipale du Collet des Comtes. Pendant ces cr&eacute;neaux, &#8230;","protected":false},"author":1,"featured_media":39787,"comment_status":"open","ping_status":"open","sticky":false,"template":"","format":"standard","meta":{"footnotes":""},"categories":[3926,3925,1866],"tags":[182,1963,1288,58,2324,2309,16,1126,189,99],"news-destination":[3944],"news-source":[475],"is_homepage":[],"ta_other":[],"class_list":["post-39786","post","type-post","status-publish","format-standard","has-post-thumbnail","hentry","category-accueil-merge","category-accueil-third","category-loisirs","tag-animaux","tag-bio","tag-decouverte","tag-famille","tag-jardin","tag-legumes","tag-marseille","tag-pedagogique","tag-ventes","tag-ville-de-marseille","news-destination-homepage","news-source-website"],"_links":{"self":[{"href":"https:\/\/euapp01.newsmemory.com\/lamarseillaise\/news\/wp-json\/wp\/v2\/posts\/39786","targetHints":{"allow":["GET"]}}],"collection":[{"href":"https:\/\/euapp01.newsmemory.com\/lamarseillaise\/news\/wp-json\/wp\/v2\/posts"}],"about":[{"href":"https:\/\/euapp01.newsmemory.com\/lamarseillaise\/news\/wp-json\/wp\/v2\/types\/post"}],"author":[{"embeddable":true,"href":"https:\/\/euapp01.newsmemory.com\/lamarseillaise\/news\/wp-json\/wp\/v2\/users\/1"}],"replies":[{"embeddable":true,"href":"https:\/\/euapp01.newsmemory.com\/lamarseillaise\/news\/wp-json\/wp\/v2\/comments?post=39786"}],"version-history":[{"count":1,"href":"https:\/\/euapp01.newsmemory.com\/lamarseillaise\/news\/wp-json\/wp\/v2\/posts\/39786\/revisions"}],"predecessor-version":[{"id":39788,"href":"https:\/\/euapp01.newsmemory.com\/lamarseillaise\/news\/wp-json\/wp\/v2\/posts\/39786\/revisions\/39788"}],"wp:featuredmedia":[{"embeddable":true,"href":"https:\/\/euapp01.newsmemory.com\/lamarseillaise\/news\/wp-json\/wp\/v2\/media\/39787"}],"wp:attachment":[{"href":"https:\/\/euapp01.newsmemory.com\/lamarseillaise\/news\/wp-json\/wp\/v2\/media?parent=39786"}],"wp:term":[{"taxonomy":"category","embeddable":true,"href":"https:\/\/euapp01.newsmemory.com\/lamarseillaise\/news\/wp-json\/wp\/v2\/categories?post=39786"},{"taxonomy":"post_tag","embeddable":true,"href":"https:\/\/euapp01.newsmemory.com\/lamarseillaise\/news\/wp-json\/wp\/v2\/tags?post=39786"},{"taxonomy":"news-destination","embeddable":true,"href":"https:\/\/euapp01.newsmemory.com\/lamarseillaise\/news\/wp-json\/wp\/v2\/news-destination?post=39786"},{"taxonomy":"news-source","embeddable":true,"href":"https:\/\/euapp01.newsmemory.com\/lamarseillaise\/news\/wp-json\/wp\/v2\/news-source?post=39786"},{"taxonomy":"is_homepage","embeddable":true,"href":"https:\/\/euapp01.newsmemory.com\/lamarseillaise\/news\/wp-json\/wp\/v2\/is_homepage?post=39786"},{"taxonomy":"ta_other","embeddable":true,"href":"https:\/\/euapp01.newsmemory.com\/lamarseillaise\/news\/wp-json\/wp\/v2\/ta_other?post=39786"}],"curies":[{"name":"wp","href":"https:\/\/api.w.org\/{rel}","templated":true}]}}