{"id":39783,"date":"2026-08-20T07:34:00","date_gmt":"2026-08-20T05:34:00","guid":{"rendered":"https:\/\/euapp01.newsmemory.com\/lamarseillaise\/news\/?p=39783"},"modified":"2026-08-24T11:09:01","modified_gmt":"2026-08-24T09:09:01","slug":"bruno-genesio-en-quete-dune-charniere-centrale","status":"publish","type":"post","link":"https:\/\/euapp01.newsmemory.com\/lamarseillaise\/news\/2026\/08\/20\/bruno-genesio-en-quete-dune-charniere-centrale\/","title":{"rendered":"Bruno Genesio en qu\u00eate d\u2019une charni\u00e8re centrale"},"content":{"rendered":"<div class=\"paragraph\">\n<p>L\u2019OM va donner le coup d\u2019envoi de la nouvelle saison, vendredi.<\/p>\n<p>Pour ce rendez-vous avec Strasbourg, Bruno Genesio doit faire face \u00e0 plusieurs interrogations, qui s\u2019ajoutent aux incertitudes li\u00e9es au mercato. Car, s\u2019il sait qu\u2019il peut \u00e0 tout moment perdre un, voire plusieurs cadres d\u2019ici la cl\u00f4ture du march\u00e9 estival des transferts, dans douze jours, l\u2019entra\u00eeneur marseillais doit aussi faire face \u00e0 des impond\u00e9rables.<\/p>\n<p>Et apr\u00e8s le dernier match de pr\u00e9paration, perdu (1-2) face \u00e0 l\u2019Atl\u00e9tico de Madrid, l\u2019infirmerie a re\u00e7u du monde. Leo Balerdi y a pris ses quartiers alors que Geoffrey Kondogbia est rest\u00e9 en salle. Ainsi, c\u2019est la charni\u00e8re centrale du dernier match qui risque de rater l\u2019ouverture.<\/p>\n<p>\u00c0 ce sujet, Bruno Genesio a apport\u00e9 des pr\u00e9cisions. Pour Leo Balerdi, \u00ab\u00a0<i>il y a une incertitude li\u00e9e \u00e0 une douleur au mollet. Il a donc pass\u00e9 un examen ce matin. On verra cet apr\u00e8s-midi et demain comment il est pour savoir s\u2019il peut participer au match<\/i><i>\u00a0<\/i>\u00bb a-t-il d\u2019abord pr\u00e9cis\u00e9 au sujet de l\u2019Argentin. Concernant Geoffrey Kondogbia, \u00ab\u00a0<i>c\u2019est simplement de la pr\u00e9caution. Nous avons bien travaill\u00e9 et, avec certains joueurs, nous avons parfois besoin de les m\u00e9nager. L\u00e0, il est \u00e0 deux jours du match, donc c\u2019\u00e9tait davantage par pr\u00e9caution. Il a travaill\u00e9 individuellement en salle<\/i><i>\u00a0<\/i>\u00bb.<\/p>\n<p>N\u00e9anmoins, il n\u2019a encore aucune certitude quant \u00e0 la capacit\u00e9 des deux \u00e9l\u00e9ments \u00e0 d\u00e9buter face \u00e0 Strasbourg. Quant \u00e0 savoir si Nayef Aguerd, qui a particip\u00e9 aux exercices collectifs mercredi matin, peut-\u00eatre appel\u00e9, Bruno Genesio a tenu \u00e0 faire une mise au point. \u00ab\u00a0<i>Oui, il est op\u00e9rationnel<\/i><i>\u00a0<\/i>\u00bb, avant de pr\u00e9ciser qu\u2019il \u00ab\u00a0<i>faut voir combien de temps il peut jouer<\/i><i>\u00a0<\/i>\u00bb.<\/p>\n<\/p><\/div>\n<div class=\"intext\"> Bruno Genesio<br \/>\n               <br \/>a besoin de tout le monde\n              <\/div>\n<div class=\"paragraph\">\n<p>Cela fait maintenant cinq mois que le Marocain n\u2019a plus jou\u00e9. d\u2019apr\u00e8s ses propos, c\u2019est son protocole de retour \u00e0 la comp\u00e9tition qui a fait capoter son pr\u00eat \u00e0 la R\u00e9al Sociedad.<\/p>\n<p>Quant \u00e0 savoir si le forfait probable de Leo Balerdi pouvait lui \u00f4ter une \u00e9pine du pied, en lui \u00e9vitant de titulariser l\u2019Argentin, victime d\u2019une bronca du V\u00e9lodrome lors du dernier match, Bruno Genesio a pris imm\u00e9diatement la d\u00e9fense de son joueur.<\/p>\n<p>\u00ab\u00a0<i>Je pense que Leonardo Balerdi a beaucoup souffert de ce qui lui est arriv\u00e9, mais je suis l\u00e0 pour l\u2019aider<\/i><i>\u00a0<\/i>\u00bb a d\u2019abord indiqu\u00e9 son entra\u00eeneur. \u00ab\u00a0<i>J\u2019\u00e9change avec lui r\u00e9guli\u00e8rement pour le soutenir<\/i><i>\u00a0<\/i>\u00bb, encha\u00eene-t-il. Avant de rappeler la situation dans laquelle se trouve l\u2019OM. \u00ab\u00a0<i>Nous sommes aussi en d\u00e9but de saison, dans une situation assez incertaine, notamment dans ce secteur de jeu. Aujourd\u2019hui, compte tenu des blessures des uns, des d\u00e9parts ou non des autres, il y a quand m\u00eame tr\u00e8s, tr\u00e8s peu de solutions.<\/i><i>\u00a0<\/i>\u00bb<\/p>\n<p>C\u2019est pourquoi il rappelle que \u00ab\u00a0<i>mon job, c\u2019est de constituer la meilleure \u00e9quipe possible, le meilleur onze possible pour le match de vendredi, en tenant compte, bien s\u00fbr, de certains \u00e9v\u00e9nements, mais aussi en me disant que \u00e7a fait partie du m\u00e9tier de joueur et d\u2019entra\u00eeneur de surmonter ces difficult\u00e9s-l\u00e0. Mais il ne peut pas les surmonter tout seul. Il a besoin de nous<\/i><i>\u00a0<\/i>\u00bb.<\/p>\n<\/p><\/div>\n","protected":false},"excerpt":{"rendered":"L&rsquo;OM va donner le coup d&rsquo;envoi de la nouvelle saison, vendredi.","protected":false},"author":1,"featured_media":39784,"comment_status":"open","ping_status":"open","sticky":false,"template":"","format":"standard","meta":{"footnotes":""},"categories":[3926,3925,7],"tags":[10,13,1153,16,14],"news-destination":[3944],"news-source":[475],"is_homepage":[],"ta_other":[],"class_list":["post-39783","post","type-post","status-publish","format-standard","has-post-thumbnail","hentry","category-accueil-merge","category-accueil-third","category-sports","tag-bouches-du-rhone","tag-football","tag-ligue-1","tag-marseille","tag-om","news-destination-homepage","news-source-website"],"_links":{"self":[{"href":"https:\/\/euapp01.newsmemory.com\/lamarseillaise\/news\/wp-json\/wp\/v2\/posts\/39783","targetHints":{"allow":["GET"]}}],"collection":[{"href":"https:\/\/euapp01.newsmemory.com\/lamarseillaise\/news\/wp-json\/wp\/v2\/posts"}],"about":[{"href":"https:\/\/euapp01.newsmemory.com\/lamarseillaise\/news\/wp-json\/wp\/v2\/types\/post"}],"author":[{"embeddable":true,"href":"https:\/\/euapp01.newsmemory.com\/lamarseillaise\/news\/wp-json\/wp\/v2\/users\/1"}],"replies":[{"embeddable":true,"href":"https:\/\/euapp01.newsmemory.com\/lamarseillaise\/news\/wp-json\/wp\/v2\/comments?post=39783"}],"version-history":[{"count":1,"href":"https:\/\/euapp01.newsmemory.com\/lamarseillaise\/news\/wp-json\/wp\/v2\/posts\/39783\/revisions"}],"predecessor-version":[{"id":39785,"href":"https:\/\/euapp01.newsmemory.com\/lamarseillaise\/news\/wp-json\/wp\/v2\/posts\/39783\/revisions\/39785"}],"wp:featuredmedia":[{"embeddable":true,"href":"https:\/\/euapp01.newsmemory.com\/lamarseillaise\/news\/wp-json\/wp\/v2\/media\/39784"}],"wp:attachment":[{"href":"https:\/\/euapp01.newsmemory.com\/lamarseillaise\/news\/wp-json\/wp\/v2\/media?parent=39783"}],"wp:term":[{"taxonomy":"category","embeddable":true,"href":"https:\/\/euapp01.newsmemory.com\/lamarseillaise\/news\/wp-json\/wp\/v2\/categories?post=39783"},{"taxonomy":"post_tag","embeddable":true,"href":"https:\/\/euapp01.newsmemory.com\/lamarseillaise\/news\/wp-json\/wp\/v2\/tags?post=39783"},{"taxonomy":"news-destination","embeddable":true,"href":"https:\/\/euapp01.newsmemory.com\/lamarseillaise\/news\/wp-json\/wp\/v2\/news-destination?post=39783"},{"taxonomy":"news-source","embeddable":true,"href":"https:\/\/euapp01.newsmemory.com\/lamarseillaise\/news\/wp-json\/wp\/v2\/news-source?post=39783"},{"taxonomy":"is_homepage","embeddable":true,"href":"https:\/\/euapp01.newsmemory.com\/lamarseillaise\/news\/wp-json\/wp\/v2\/is_homepage?post=39783"},{"taxonomy":"ta_other","embeddable":true,"href":"https:\/\/euapp01.newsmemory.com\/lamarseillaise\/news\/wp-json\/wp\/v2\/ta_other?post=39783"}],"curies":[{"name":"wp","href":"https:\/\/api.w.org\/{rel}","templated":true}]}}