{"id":39780,"date":"2026-08-20T07:35:00","date_gmt":"2026-08-20T05:35:00","guid":{"rendered":"https:\/\/euapp01.newsmemory.com\/lamarseillaise\/news\/?p=39780"},"modified":"2026-08-24T11:22:02","modified_gmt":"2026-08-24T09:22:02","slug":"romane-moulai-ambitieuse-aux-jeux-mediterraneens","status":"publish","type":"post","link":"https:\/\/euapp01.newsmemory.com\/lamarseillaise\/news\/2026\/08\/20\/romane-moulai-ambitieuse-aux-jeux-mediterraneens\/","title":{"rendered":"Romane Moulai ambitieuse aux Jeux m\u00e9diterran\u00e9ens"},"content":{"rendered":"<div class=\"paragraph\">\n<p>Tarente va accueillir les XX<sup>e<\/sup> Jeux m\u00e9diterran\u00e9ens, du 21 ao\u00fbt au 3 septembre.<\/p>\n<p>Parmi les 26 pays engag\u00e9s, la d\u00e9l\u00e9gation fran\u00e7aise va nourrir des ambitions. Notamment en boxe, avec la Marseillaise Romane Moulai. La jeune femme a termin\u00e9 sa pr\u00e9paration \u00e0 l\u2019INSEP. Et il lui tarde d\u00e9sormais d\u2019\u00eatre dans le vif du sujet.<\/p>\n<p>\u00ab\u00a0<i>Je suis \u00e0 100%, le moral gonfl\u00e9 \u00e0 bloc. Maintenant, il n\u2019y a plus qu\u2019\u00e0<\/i><i>\u00a0<\/i><i>!<\/i><i>\u00a0<\/i>\u00bb, confiait-elle avant de s\u2019envoler pour les Pouilles. La jeune femme a fait en sorte de regrouper plusieurs atouts majeurs dans son jeu. \u00ab\u00a0<i>J\u2019ai fait une grosse pr\u00e9paration en Sierra Nevada, suivi un entra\u00eenement intense en Irlande et particip\u00e9 \u00e0 deux coupes du Monde, au Br\u00e9sil et en Chine. Il ne me reste plus qu\u2019\u00e0 me concentrer sur l\u2019objectif et faire le taf<\/i><i>\u00a0<\/i><i>!<\/i><i>\u00a0<\/i>\u00bb<\/p>\n<\/p><\/div>\n<div class=\"intext\"> \u00ab\u00a0Je ne me cache pas\u00a0\u00bb\n              <\/div>\n<div class=\"paragraph\">\n<p>Le taf, comme elle le dit, c\u2019est tout simplement ramener la m\u00e9daille d\u2019or. En 2022, pour ses premiers Jeux \u00e0 Oran, elle avait atteint la finale. \u00ab\u00a0<i>Mais maintenant, je ne me cache pas. J\u2019ai m\u00fbri depuis cette premi\u00e8re participation. Et si je ne reviens pas avec l\u2019or, ce sera une contre-performance.<\/i><i>\u00a0<\/i>\u00bb<i> <\/i><\/p>\n<p>Avec ses entra\u00eeneurs Kamel Hasni et Abadila Alallab, elle a travaill\u00e9 d\u2019arrache pied. Pendant que ses amis profitaient de l\u2019\u00e9t\u00e9, elle s\u2019est donn\u00e9 \u00e0 fond dans les salles. \u00ab\u00a0<i>Je passerai de bonnes vacances apr\u00e8s les comp\u00e9titions. J\u2019ai consenti d\u2019\u00e9normes sacrifices, quitt\u00e9 ma ville, mes amis. C\u2019est le prix \u00e0 payer. Mais quand tu es sur le podium, avec la m\u00e9daille d\u2019or autour du cou, le bonheur que cela procure efface tout<\/i><i>\u00a0<\/i>\u00bb, confesse-t-elle.<\/p>\n<p>Dans sa progression, les Jeux m\u00e9diterran\u00e9ens, qui sont des Jeux olympiques en miniature, avec 26 nations repr\u00e9sent\u00e9es et 36 disciplines au programme, repr\u00e9sentent une \u00e9tape. Romane Moulai, qui vient de f\u00eater son 27<sup>e<\/sup>\u00a0anniversaire, peut pr\u00e9tendre \u00e0 participer au Graal de la boxe amateur\u00a0: les Jeux olympiques.<\/p>\n<p>Ceux de 2028 \u00e0 Los Angeles sont \u00e0 port\u00e9e de gants. Mais elle ne se focalise pas encore sur cette \u00e9ch\u00e9ance. Mais depuis son titre de championne d\u2019Europe, en 2022, elle sait qu\u2019elle a le niveau pour y aller.<\/p>\n<p>D\u2019ici l\u00e0, il y a ce rendez-vous \u00e0 Tarente. Elle conna\u00eetra vendredi son adversaire, et avec elle le tableau vers une potentielle finale que sa boxe impr\u00e9visible lui permet d\u2019envisager s\u00e9rieusement. Elle s\u2019imagine d\u00e9j\u00e0 dans le d\u00e9fil\u00e9 des athl\u00e8tes, qui ouvrira le ban. \u00ab\u00a0<i>Chacun le vit \u00e0 sa mani\u00e8re. Pour moi, je ressens avant tout de la fiert\u00e9 car je r\u00e9alise un r\u00eave de petite fille en portant le maillot de l\u2019\u00e9quipe de France. Je suis aussi la repr\u00e9sentante de Marseille et ces mini JO sont hyper-excitants \u00e0 vivre.<\/i><i>\u00a0<\/i>\u00bb<\/p>\n<p>La Marseillaise qui aime \u00e9galement d\u00e9couvrir d\u2019autres disciplines, croiser d\u2019autres athl\u00e8tes et s\u2019ouvrir des horizons inattendus. Mais, elle regrette une chose. \u00ab\u00a0<i>Je serai une fois encore dans une r\u00e9gion que je n\u2019aurai pas le temps de d\u00e9couvrir. C\u2019est la frustration du sport o\u00f9 tu passes tout ton temps \u00e0 te pr\u00e9parer. Maintenant, j\u2019avoue que je me suis habitu\u00e9e.<\/i><i>\u00a0<\/i>\u00bb<\/p>\n<\/p><\/div>\n<div class=\"paragraph\">\n<p><i><\/i><\/p>\n<p><i>Les Jeux m\u00e9diterran\u00e9ens se d\u00e9rouleront du 21<\/i><i>\u00a0<\/i><i>ao\u00fbt au 3<\/i><i>\u00a0<\/i><i>septembre \u00e0 Tarente.<\/i><\/p>\n<p><i>Les porte-drapeaux de d\u00e9l\u00e9gation fran\u00e7aise l\u2019escrimeuse Elo\u00efse Vanryssel et le taekwondiste Souleimane Alaphilippe.<\/i><\/p>\n<p><i>La France a qualifi\u00e9 330 athl\u00e8tes, 152 femmes et 178 hommes.<\/i><\/p>\n<\/p><\/div>\n","protected":false},"excerpt":{"rendered":"Tarente va accueillir les XXe Jeux m&eacute;diterran&eacute;ens, du 21 ao&ucirc;t au 3 septembre.","protected":false},"author":1,"featured_media":39781,"comment_status":"open","ping_status":"open","sticky":false,"template":"","format":"standard","meta":{"footnotes":""},"categories":[3926,3925,7],"tags":[10,2832,1207,16],"news-destination":[3944],"news-source":[475],"is_homepage":[],"ta_other":[],"class_list":["post-39780","post","type-post","status-publish","format-standard","has-post-thumbnail","hentry","category-accueil-merge","category-accueil-third","category-sports","tag-bouches-du-rhone","tag-boxe","tag-italie","tag-marseille","news-destination-homepage","news-source-website"],"_links":{"self":[{"href":"https:\/\/euapp01.newsmemory.com\/lamarseillaise\/news\/wp-json\/wp\/v2\/posts\/39780","targetHints":{"allow":["GET"]}}],"collection":[{"href":"https:\/\/euapp01.newsmemory.com\/lamarseillaise\/news\/wp-json\/wp\/v2\/posts"}],"about":[{"href":"https:\/\/euapp01.newsmemory.com\/lamarseillaise\/news\/wp-json\/wp\/v2\/types\/post"}],"author":[{"embeddable":true,"href":"https:\/\/euapp01.newsmemory.com\/lamarseillaise\/news\/wp-json\/wp\/v2\/users\/1"}],"replies":[{"embeddable":true,"href":"https:\/\/euapp01.newsmemory.com\/lamarseillaise\/news\/wp-json\/wp\/v2\/comments?post=39780"}],"version-history":[{"count":1,"href":"https:\/\/euapp01.newsmemory.com\/lamarseillaise\/news\/wp-json\/wp\/v2\/posts\/39780\/revisions"}],"predecessor-version":[{"id":39782,"href":"https:\/\/euapp01.newsmemory.com\/lamarseillaise\/news\/wp-json\/wp\/v2\/posts\/39780\/revisions\/39782"}],"wp:featuredmedia":[{"embeddable":true,"href":"https:\/\/euapp01.newsmemory.com\/lamarseillaise\/news\/wp-json\/wp\/v2\/media\/39781"}],"wp:attachment":[{"href":"https:\/\/euapp01.newsmemory.com\/lamarseillaise\/news\/wp-json\/wp\/v2\/media?parent=39780"}],"wp:term":[{"taxonomy":"category","embeddable":true,"href":"https:\/\/euapp01.newsmemory.com\/lamarseillaise\/news\/wp-json\/wp\/v2\/categories?post=39780"},{"taxonomy":"post_tag","embeddable":true,"href":"https:\/\/euapp01.newsmemory.com\/lamarseillaise\/news\/wp-json\/wp\/v2\/tags?post=39780"},{"taxonomy":"news-destination","embeddable":true,"href":"https:\/\/euapp01.newsmemory.com\/lamarseillaise\/news\/wp-json\/wp\/v2\/news-destination?post=39780"},{"taxonomy":"news-source","embeddable":true,"href":"https:\/\/euapp01.newsmemory.com\/lamarseillaise\/news\/wp-json\/wp\/v2\/news-source?post=39780"},{"taxonomy":"is_homepage","embeddable":true,"href":"https:\/\/euapp01.newsmemory.com\/lamarseillaise\/news\/wp-json\/wp\/v2\/is_homepage?post=39780"},{"taxonomy":"ta_other","embeddable":true,"href":"https:\/\/euapp01.newsmemory.com\/lamarseillaise\/news\/wp-json\/wp\/v2\/ta_other?post=39780"}],"curies":[{"name":"wp","href":"https:\/\/api.w.org\/{rel}","templated":true}]}}