{"id":39759,"date":"2026-08-20T11:47:00","date_gmt":"2026-08-20T09:47:00","guid":{"rendered":"https:\/\/euapp01.newsmemory.com\/lamarseillaise\/news\/?p=39759"},"modified":"2026-08-25T08:02:48","modified_gmt":"2026-08-25T06:02:48","slug":"deux-jours-de-celebrations-de-la-liberation-de-la-ville","status":"publish","type":"post","link":"https:\/\/euapp01.newsmemory.com\/lamarseillaise\/news\/2026\/08\/20\/deux-jours-de-celebrations-de-la-liberation-de-la-ville\/","title":{"rendered":"Deux jours de c\u00e9l\u00e9brations de la Lib\u00e9ration de la ville d\u2019Aix-en-Provence"},"content":{"rendered":"<div class=\"paragraph\">\n<p>Le 15 ao\u00fbt 1944, l\u2019op\u00e9ration \u00ab\u00a0Dragoon\u00a0\u00bb est lanc\u00e9e. Les alli\u00e9s d\u00e9barquent entre Toulon et Cannes, avec l\u2019objectif de lib\u00e9rer Toulon et Marseille puis remonter vers le nord. Le 21 ao\u00fbt 1944, apr\u00e8s deux ans d\u2019occupation nazie, Aix-en-Provence est lib\u00e9r\u00e9e par les alli\u00e9s am\u00e9ricains de la 3<sup>e<\/sup>\u00a0Division d\u2019infanterie du g\u00e9n\u00e9ral John W. O\u2019Daniel appuy\u00e9e par les groupes de r\u00e9sistants locaux.<\/p>\n<p>Pour c\u00e9l\u00e9brer l\u2019\u00e9v\u00e9nement, les quartiers aixois de Pont-de-B\u00e9raud, Puyricard, Celony, Luynes et Les Milles organisent des comm\u00e9morations durant ces deux jours. La premi\u00e8re journ\u00e9e d\u2019hommages aux combattants d\u00e9bute \u00e0 Pont-de-B\u00e9raud, et se tiendra le jeudi 20 ao\u00fbt \u00e0 18h30 devant la St\u00e8le \u00e9rig\u00e9e en hommage \u00e0 la 3<sup>e<\/sup>\u00a0Division U.S.<\/p>\n<p>Les autres \u00e9v\u00e9nements comm\u00e9moratifs auront lieu le lendemain, vendredi 21 ao\u00fbt, d\u2019abord \u00e0 9h \u00e0 Puyricard avec un temps de recueillement et d\u00e9p\u00f4t de gerbes au monument aux morts, place des Combattants. S\u2019ensuivra \u00e0 9h30, celle de Celony devant la st\u00e8le \u00e9rig\u00e9e en hommage \u00e0 la 1<sup>\u00e8re<\/sup>\u00a0division fran\u00e7aise libre (DFL), place Augustine Miretti. Luynes accueillera sur les coups de 11h30 un temps de recueillement et d\u00e9p\u00f4t de gerbes au monument aux morts, espace Decastille. Aux Milles auront lieu un hommage \u00e0 l\u2019important r\u00e9sistant local, Roger Chaudon \u00e0 17h, \u00e0 la mairie annexe, puis, une c\u00e9r\u00e9monie au monument aux morts \u00e0 17h20 et enfin un temps de recueillement \u00e0 la chapelle du Serre \u00e0 18h. La journ\u00e9e se cl\u00f4turera par une c\u00e9r\u00e9monie au \u00ab\u00a0m\u00e9morial des Aixois morts pour la patrie\u00a0\u00bb, place Jeanne d\u2019arc \u00e0 18h30, et des v\u00e9hicules militaires d\u2019\u00e9poque remonteront le cours Mirabeau jusqu\u2019\u00e0 cette m\u00eame place, pour un dernier hommage lors de ces c\u00e9l\u00e9brations.<\/p>\n<\/p><\/div>\n","protected":false},"excerpt":{"rendered":"Le 15 ao&ucirc;t 1944, l&rsquo;op&eacute;ration &laquo;&nbsp;Dragoon&nbsp;&raquo; est lanc&eacute;e. Les alli&eacute;s d&eacute;barquent entre Toulon et Cannes, avec l&rsquo;objectif de lib&eacute;rer Toulon et Marseille puis remonter vers le nord. &#8230;","protected":false},"author":1,"featured_media":39760,"comment_status":"open","ping_status":"open","sticky":false,"template":"","format":"standard","meta":{"footnotes":""},"categories":[3926,3925,20],"tags":[556,6278,724,1647],"news-destination":[3944],"news-source":[475],"is_homepage":[],"ta_other":[],"class_list":["post-39759","post","type-post","status-publish","format-standard","has-post-thumbnail","hentry","category-accueil-merge","category-accueil-third","category-societe","tag-aix-en-provence","tag-comemoration","tag-guerre","tag-liberation","news-destination-homepage","news-source-website"],"_links":{"self":[{"href":"https:\/\/euapp01.newsmemory.com\/lamarseillaise\/news\/wp-json\/wp\/v2\/posts\/39759","targetHints":{"allow":["GET"]}}],"collection":[{"href":"https:\/\/euapp01.newsmemory.com\/lamarseillaise\/news\/wp-json\/wp\/v2\/posts"}],"about":[{"href":"https:\/\/euapp01.newsmemory.com\/lamarseillaise\/news\/wp-json\/wp\/v2\/types\/post"}],"author":[{"embeddable":true,"href":"https:\/\/euapp01.newsmemory.com\/lamarseillaise\/news\/wp-json\/wp\/v2\/users\/1"}],"replies":[{"embeddable":true,"href":"https:\/\/euapp01.newsmemory.com\/lamarseillaise\/news\/wp-json\/wp\/v2\/comments?post=39759"}],"version-history":[{"count":2,"href":"https:\/\/euapp01.newsmemory.com\/lamarseillaise\/news\/wp-json\/wp\/v2\/posts\/39759\/revisions"}],"predecessor-version":[{"id":39805,"href":"https:\/\/euapp01.newsmemory.com\/lamarseillaise\/news\/wp-json\/wp\/v2\/posts\/39759\/revisions\/39805"}],"wp:featuredmedia":[{"embeddable":true,"href":"https:\/\/euapp01.newsmemory.com\/lamarseillaise\/news\/wp-json\/wp\/v2\/media\/39760"}],"wp:attachment":[{"href":"https:\/\/euapp01.newsmemory.com\/lamarseillaise\/news\/wp-json\/wp\/v2\/media?parent=39759"}],"wp:term":[{"taxonomy":"category","embeddable":true,"href":"https:\/\/euapp01.newsmemory.com\/lamarseillaise\/news\/wp-json\/wp\/v2\/categories?post=39759"},{"taxonomy":"post_tag","embeddable":true,"href":"https:\/\/euapp01.newsmemory.com\/lamarseillaise\/news\/wp-json\/wp\/v2\/tags?post=39759"},{"taxonomy":"news-destination","embeddable":true,"href":"https:\/\/euapp01.newsmemory.com\/lamarseillaise\/news\/wp-json\/wp\/v2\/news-destination?post=39759"},{"taxonomy":"news-source","embeddable":true,"href":"https:\/\/euapp01.newsmemory.com\/lamarseillaise\/news\/wp-json\/wp\/v2\/news-source?post=39759"},{"taxonomy":"is_homepage","embeddable":true,"href":"https:\/\/euapp01.newsmemory.com\/lamarseillaise\/news\/wp-json\/wp\/v2\/is_homepage?post=39759"},{"taxonomy":"ta_other","embeddable":true,"href":"https:\/\/euapp01.newsmemory.com\/lamarseillaise\/news\/wp-json\/wp\/v2\/ta_other?post=39759"}],"curies":[{"name":"wp","href":"https:\/\/api.w.org\/{rel}","templated":true}]}}