{"id":39756,"date":"2026-08-20T07:30:00","date_gmt":"2026-08-20T05:30:00","guid":{"rendered":"https:\/\/euapp01.newsmemory.com\/lamarseillaise\/news\/?p=39756"},"modified":"2026-08-24T09:37:10","modified_gmt":"2026-08-24T07:37:10","slug":"avant-la-plage-arret-securite-avec-la-crs-autoroutiere","status":"publish","type":"post","link":"https:\/\/euapp01.newsmemory.com\/lamarseillaise\/news\/2026\/08\/20\/avant-la-plage-arret-securite-avec-la-crs-autoroutiere\/","title":{"rendered":"Avant la plage, arr\u00eat s\u00e9curit\u00e9 avec la CRS autorouti\u00e8re"},"content":{"rendered":"<div class=\"paragraph\">\n<p>\u00c0 quelques jours d\u2019un week-end charg\u00e9 dans le sens des retours a d\u00e9j\u00e0 pr\u00e9venu Bison Fut\u00e9, la CRS autorouti\u00e8re de Provence reste comme toute l\u2019ann\u00e9e sur la br\u00e8che. En ce mercredi matin, les agents se pr\u00e9parent \u00e0 installer un point de contr\u00f4le sur l\u2019A55, \u00e0 la sortie de Carry-le-Rouet. Un \u00ab<i>\u00a0<\/i><i>axe Marseille-C\u00f4te Bleue tr\u00e8s fr\u00e9quent\u00e9 en cette p\u00e9riode<\/i>\u00a0\u00bb, la route de la plage, explique lors du briefing au PC Nord leur commandant, R\u00e9mi Labedade. Il s\u2019agit de faire dans \u00ab\u00a0<i>l\u2019al\u00e9atoire<\/i>\u00a0\u00bb, avec d\u00e9pistage de stup\u2019 si n\u00e9cessaire et v\u00e9rification des permis, identit\u00e9s et assurances. \u00ab\u00a0<i>Je vous demanderai aussi de rappeler \u00e0 ceux qui fument que jeter son m\u00e9got par la fen\u00eatre est tr\u00e8s dangereux en ce moment<\/i><i>\u00a0<\/i>\u00bb, ajoute la pr\u00e9f\u00e8te de police d\u00e9l\u00e9gu\u00e9e, Corinne Simon.<\/p>\n<p>Sur site, il suffit de quelques minutes pour que les CRS fassent mouche. Comme ce scoot\u00e9riste foss\u00e9en, 46\u00a0ans, qui pr\u00e9sente un d\u00e9faut d\u2019assurance. Il reconna\u00eet volontiers n\u2019avoir pas r\u00e9gl\u00e9 sa facture depuis mai. Son v\u00e9hicule immobilis\u00e9, il pourra repartir apr\u00e8s s\u2019\u00eatre r\u00e9assur\u00e9 par t\u00e9l\u00e9phone et moyennant une amende de 600\u00a0euros qu\u2019il tentera de marchander. Un motard, au permis suspendu pour exc\u00e8s de vitesse sup\u00e9rieur \u00e0 50 kilom\u00e8tres heure se fait prendre aussi. Il avait juste \u00ab\u00a0<i>envie d\u2019aller \u00e0 la mer<\/i>\u00a0\u00bb. Des conducteurs de deux-roues, tous en shorts et tee-shirts, \u00e0 la merci de la moindre chute s\u2019inqui\u00e8te la pr\u00e9f\u00e8te.<\/p>\n<\/p><\/div>\n<div class=\"intext\"> Balade en famille<br \/>\n               <br \/>sous coca\u00efne et cannabis\n              <\/div>\n<div class=\"paragraph\">\n<p>\u00ab\u00a0<i>Il fait chaud certes mais nous sommes l\u00e0 aussi pour rappeler les bons gestes<\/i>\u00a0\u00bb, estime-t-elle avant de d\u00e9tailler les chiffres de la s\u00e9curit\u00e9 routi\u00e8re. \u00ab\u00a0<i>12% de moins d\u2019accidents depuis janvier avec 6% de moins de bless\u00e9s, mais un mort de plus avec 59<\/i><i>\u00a0<\/i><i>tu\u00e9s contre 58, l\u2019an dernier. Ce qui veut dire que les accidents sont beaucoup plus violents. Quand on regarde sur les 59<\/i><i>\u00a0<\/i><i>personnes qui ont perdu la vie, nous avons 40% de deux-roues<\/i>\u00a0\u00bb, indique-t-elle.<\/p>\n<p>Le commandant Labedade pointe lui cette \u00ab\u00a0<i>banalisation de certains d\u00e9lits routiers<\/i><i>\u00a0<\/i>\u00bb avec des \u00ab\u00a0<i>gens qui ne se rendent pas compte, qui consid\u00e8rent qu\u2019ils conduisent bien et ne tiennent pas compte des autres<\/i><i>\u00a0<\/i>\u00bb. Comme cette petite famille dont les enfants ne sont pas attach\u00e9s \u00e0 l\u2019arri\u00e8re. Arrive un exemple encore plus flagrant avec ce couple et leurs deux gamins. Le conducteur a son permis d\u00e9j\u00e0 suspendu et a consomm\u00e9 de la coca\u00efne et du cannabis. Le papa va partir en garde-\u00e0-vue, la maman au volant, sous le regard des petits qui pleurent.<\/p>\n<p>La conduite sous stup\u00e9fiants, souvent \u00ab\u00a0<i>le joint de la veille<\/i><i>\u00a0<\/i>\u00bb, est monnaie courante assurent les CRS. Lors des contr\u00f4les du soir, s\u2019ajoute l\u2019alcool, consomm\u00e9 lors du pique-nique \u00e0 la plage, et la nuit, les \u00ab\u00a0Fangio\u00a0\u00bb qui se piquent de pointes \u00e0 180 kilom\u00e8tres heure pour une vitesse limit\u00e9e \u00e0 70. Entre Marseille et Toulon, quelque 260 CRS veillent toute l\u2019ann\u00e9e sur les axes autoroutiers.<\/p>\n<\/p><\/div>\n","protected":false},"excerpt":{"rendered":"&Agrave; quelques jours d&rsquo;un week-end charg&eacute; dans le sens des retours a d&eacute;j&agrave; pr&eacute;venu Bison Fut&eacute;, la CRS autorouti&egrave;re de Provence reste comme toute l&rsquo;ann&eacute;e sur la br&egrave;che. En ce &#8230;","protected":false},"author":1,"featured_media":39757,"comment_status":"open","ping_status":"open","sticky":false,"template":"","format":"standard","meta":{"footnotes":""},"categories":[3926,3925,20],"tags":[2746,1707,2203,6277,10,2057,1336,2058,1956,2236,514,2224,2964,1070,3694,763,3203,1232,1802,2387,988],"news-destination":[3944],"news-source":[475],"is_homepage":[],"ta_other":[],"class_list":["post-39756","post","type-post","status-publish","format-standard","has-post-thumbnail","hentry","category-accueil-merge","category-accueil-third","category-societe","tag-accidents","tag-agents","tag-assurances","tag-bison-fute","tag-bouches-du-rhone","tag-cannabis","tag-chiffres","tag-cocaine","tag-conducteurs","tag-conduite","tag-controle","tag-controles","tag-corinne-simon","tag-depistage","tag-plage","tag-police","tag-prefete","tag-prudence","tag-securite-routiere","tag-stupefiants","tag-week-end","news-destination-homepage","news-source-website"],"_links":{"self":[{"href":"https:\/\/euapp01.newsmemory.com\/lamarseillaise\/news\/wp-json\/wp\/v2\/posts\/39756","targetHints":{"allow":["GET"]}}],"collection":[{"href":"https:\/\/euapp01.newsmemory.com\/lamarseillaise\/news\/wp-json\/wp\/v2\/posts"}],"about":[{"href":"https:\/\/euapp01.newsmemory.com\/lamarseillaise\/news\/wp-json\/wp\/v2\/types\/post"}],"author":[{"embeddable":true,"href":"https:\/\/euapp01.newsmemory.com\/lamarseillaise\/news\/wp-json\/wp\/v2\/users\/1"}],"replies":[{"embeddable":true,"href":"https:\/\/euapp01.newsmemory.com\/lamarseillaise\/news\/wp-json\/wp\/v2\/comments?post=39756"}],"version-history":[{"count":1,"href":"https:\/\/euapp01.newsmemory.com\/lamarseillaise\/news\/wp-json\/wp\/v2\/posts\/39756\/revisions"}],"predecessor-version":[{"id":39758,"href":"https:\/\/euapp01.newsmemory.com\/lamarseillaise\/news\/wp-json\/wp\/v2\/posts\/39756\/revisions\/39758"}],"wp:featuredmedia":[{"embeddable":true,"href":"https:\/\/euapp01.newsmemory.com\/lamarseillaise\/news\/wp-json\/wp\/v2\/media\/39757"}],"wp:attachment":[{"href":"https:\/\/euapp01.newsmemory.com\/lamarseillaise\/news\/wp-json\/wp\/v2\/media?parent=39756"}],"wp:term":[{"taxonomy":"category","embeddable":true,"href":"https:\/\/euapp01.newsmemory.com\/lamarseillaise\/news\/wp-json\/wp\/v2\/categories?post=39756"},{"taxonomy":"post_tag","embeddable":true,"href":"https:\/\/euapp01.newsmemory.com\/lamarseillaise\/news\/wp-json\/wp\/v2\/tags?post=39756"},{"taxonomy":"news-destination","embeddable":true,"href":"https:\/\/euapp01.newsmemory.com\/lamarseillaise\/news\/wp-json\/wp\/v2\/news-destination?post=39756"},{"taxonomy":"news-source","embeddable":true,"href":"https:\/\/euapp01.newsmemory.com\/lamarseillaise\/news\/wp-json\/wp\/v2\/news-source?post=39756"},{"taxonomy":"is_homepage","embeddable":true,"href":"https:\/\/euapp01.newsmemory.com\/lamarseillaise\/news\/wp-json\/wp\/v2\/is_homepage?post=39756"},{"taxonomy":"ta_other","embeddable":true,"href":"https:\/\/euapp01.newsmemory.com\/lamarseillaise\/news\/wp-json\/wp\/v2\/ta_other?post=39756"}],"curies":[{"name":"wp","href":"https:\/\/api.w.org\/{rel}","templated":true}]}}