{"id":39753,"date":"2026-08-20T12:14:00","date_gmt":"2026-08-20T10:14:00","guid":{"rendered":"https:\/\/euapp01.newsmemory.com\/lamarseillaise\/news\/?p=39753"},"modified":"2026-08-25T08:15:39","modified_gmt":"2026-08-25T06:15:39","slug":"un-vibrant-hommage-rendu-a-katerina-victime-de-feminicide","status":"publish","type":"post","link":"https:\/\/euapp01.newsmemory.com\/lamarseillaise\/news\/2026\/08\/20\/un-vibrant-hommage-rendu-a-katerina-victime-de-feminicide\/","title":{"rendered":"Un vibrant hommage rendu \u00e0 Katerina \u00e0 Boll\u00e8ne, victime de f\u00e9minicide"},"content":{"rendered":"<div class=\"paragraph\">\n<p>Il y a deux semaines, l\u2019assassinat d\u2019une m\u00e8re de famille, dont le principal suspect est son ex-conjoint, avait suscit\u00e9 une vague d\u2019\u00e9motions \u00e0 Boll\u00e8ne, mais aussi dans la commune voisine de Saint-Paul-Trois-Ch\u00e2teaux (Dr\u00f4me) o\u00f9 \u00ab\u00a0<i>cette femme p\u00e9tillante et maman aimante de deux petits gar\u00e7ons<\/i>\u00a0\u00bb tenait un salon esth\u00e9tique. Katerina est une nouvelle victime d\u2019un f\u00e9minicide. En juin, elle avait signal\u00e9 et expos\u00e9 le climat de violences et b\u00e9n\u00e9ficiait d\u2019un t\u00e9l\u00e9phone grave danger. Son ex-compagnon, qui avait \u00e9t\u00e9 candidat aux derni\u00e8res municipales sur la liste RN, a depuis \u00e9t\u00e9 plac\u00e9 en d\u00e9tention provisoire et mis en examen pour meurtre sur conjoint.<\/p>\n<p>Preuve de l\u2019\u00e9motion et que ce meurtre d\u00e9passe le seul cadre priv\u00e9 familial, une marche blanche \u00e9tait organis\u00e9e ce mercredi soir au d\u00e9part et \u00e0 l\u2019arriv\u00e9e de l\u2019h\u00f4tel de ville de Boll\u00e8ne. Alors que les organisateurs, deux amis de Katerina, attendaient 200\u00a0personnes, l\u2019hommage a r\u00e9uni un millier d\u2019habitants de Boll\u00e8ne ou d\u2019ailleurs. \u00ab\u00a0<i>Je ne la connaissais pas, mais c\u2019est impossible de rester insensible, plus on sera nombreux \u00e0 s\u2019insurger, plus j\u2019esp\u00e8re que ces violences cesseront<\/i><i>\u00a0<\/i>\u00bb, veut croire Nathalie, Boll\u00e9noise pr\u00e9sente avec sa fille ado.<\/p>\n<\/p><\/div>\n<div class=\"intext\"> \u00ab\u00a0Nous refusons de baisser les yeux\u00a0\u00bb\n              <\/div>\n<div class=\"paragraph\">\n<p>\u00ab<i>\u00a0<\/i><i>Vous \u00eates venus parce que ce qu\u2019il s\u2019est pass\u00e9 vous a boulevers\u00e9 et que certaines atrocit\u00e9s d\u00e9passent les liens personnels, et touchent \u00e0 notre capacit\u00e9 \u00e0 ne pas rester indiff\u00e9rent \u00e0 l\u2019injustice, votre pr\u00e9sence est un message de soutien mais aussi pour dire que nous refusons de banaliser la violence et de baisser les yeux<\/i>\u00a0\u00bb, remerciera, en cl\u00f4ture de la marche, Tiffany Garofalo, co-organisatrice de l\u2019hommage. \u00ab\u00a0<i>Tout le territoire partage cette douleur, <\/i>observe Laurence Desfonds-Farjon, 1<sup>re<\/sup>\u00a0adjointe au maire de Boll\u00e8ne. <i>Derri\u00e8re ce f\u00e9minicide, il y a un visage, un nom, une famille, nous avons le devoir de dire plus jamais \u00e7a et de condamner l\u2019inacceptable.<\/i>\u00a0\u00bb<\/p>\n<p>Devant la mairie, la maman de la victime venue de R\u00e9publique tch\u00e8que, pays de Katerina, peine \u00e0 contenir ses larmes. Seule \u00e0 porter du noir, elle s\u2019est effondr\u00e9e en sanglots un peu plus t\u00f4t lorsque le cort\u00e8ge a fait une halte, sur les hauteurs du centre-ville devant la maison de Katerina, o\u00f9 a eu lieu le meurtre. Son portrait a \u00e9t\u00e9 appos\u00e9 sur la porte du garage de la b\u00e2tisse, encore sous scell\u00e9s. Bien que s\u00e9par\u00e9 avant le drame, le nom du couple est encore fix\u00e9 sur la bo\u00eete aux lettres.<\/p>\n<p>Plusieurs personnes d\u00e9posent des fleurs et se recueillent devant le portrait avant de reprendre la marche dans un silence pesant. Et ce derri\u00e8re une banderole \u00ab\u00a0Plus jamais \u00e7a, ensemble pour toutes les Katerina\u00a0\u00bb, tenue \u00e0 ses extr\u00e9mit\u00e9s par deux hommes portant un T-shirt floqu\u00e9 \u00ab\u00a0\u00catre un homme, ce n\u2019est pas frapper, c\u2019est prot\u00e9ger\u00a0\u00bb. \u00ab\u00a0<i>Repose en paix Katerina, nous ne t\u2019oublierons jamais<\/i><i>\u00a0<\/i>\u00bb, conclut Tiffany, suivie d\u2019une salve d\u2019applaudissements.<\/p>\n<\/p><\/div>\n","protected":false},"excerpt":{"rendered":"Il y a deux semaines, l&rsquo;assassinat d&rsquo;une m&egrave;re de famille, dont le principal suspect est son ex-conjoint, avait suscit&eacute; une vague d&rsquo;&eacute;motions &agrave; Boll&egrave;ne, mais aussi dans la commune voisine de &#8230;","protected":false},"author":1,"featured_media":39754,"comment_status":"open","ping_status":"open","sticky":false,"template":"","format":"standard","meta":{"footnotes":""},"categories":[3926,3925,20],"tags":[495,3283,3764,171],"news-destination":[3944],"news-source":[475],"is_homepage":[],"ta_other":[],"class_list":["post-39753","post","type-post","status-publish","format-standard","has-post-thumbnail","hentry","category-accueil-merge","category-accueil-third","category-societe","tag-495","tag-feminicide","tag-marche-blanche","tag-vaucluse","news-destination-homepage","news-source-website"],"_links":{"self":[{"href":"https:\/\/euapp01.newsmemory.com\/lamarseillaise\/news\/wp-json\/wp\/v2\/posts\/39753","targetHints":{"allow":["GET"]}}],"collection":[{"href":"https:\/\/euapp01.newsmemory.com\/lamarseillaise\/news\/wp-json\/wp\/v2\/posts"}],"about":[{"href":"https:\/\/euapp01.newsmemory.com\/lamarseillaise\/news\/wp-json\/wp\/v2\/types\/post"}],"author":[{"embeddable":true,"href":"https:\/\/euapp01.newsmemory.com\/lamarseillaise\/news\/wp-json\/wp\/v2\/users\/1"}],"replies":[{"embeddable":true,"href":"https:\/\/euapp01.newsmemory.com\/lamarseillaise\/news\/wp-json\/wp\/v2\/comments?post=39753"}],"version-history":[{"count":2,"href":"https:\/\/euapp01.newsmemory.com\/lamarseillaise\/news\/wp-json\/wp\/v2\/posts\/39753\/revisions"}],"predecessor-version":[{"id":39806,"href":"https:\/\/euapp01.newsmemory.com\/lamarseillaise\/news\/wp-json\/wp\/v2\/posts\/39753\/revisions\/39806"}],"wp:featuredmedia":[{"embeddable":true,"href":"https:\/\/euapp01.newsmemory.com\/lamarseillaise\/news\/wp-json\/wp\/v2\/media\/39754"}],"wp:attachment":[{"href":"https:\/\/euapp01.newsmemory.com\/lamarseillaise\/news\/wp-json\/wp\/v2\/media?parent=39753"}],"wp:term":[{"taxonomy":"category","embeddable":true,"href":"https:\/\/euapp01.newsmemory.com\/lamarseillaise\/news\/wp-json\/wp\/v2\/categories?post=39753"},{"taxonomy":"post_tag","embeddable":true,"href":"https:\/\/euapp01.newsmemory.com\/lamarseillaise\/news\/wp-json\/wp\/v2\/tags?post=39753"},{"taxonomy":"news-destination","embeddable":true,"href":"https:\/\/euapp01.newsmemory.com\/lamarseillaise\/news\/wp-json\/wp\/v2\/news-destination?post=39753"},{"taxonomy":"news-source","embeddable":true,"href":"https:\/\/euapp01.newsmemory.com\/lamarseillaise\/news\/wp-json\/wp\/v2\/news-source?post=39753"},{"taxonomy":"is_homepage","embeddable":true,"href":"https:\/\/euapp01.newsmemory.com\/lamarseillaise\/news\/wp-json\/wp\/v2\/is_homepage?post=39753"},{"taxonomy":"ta_other","embeddable":true,"href":"https:\/\/euapp01.newsmemory.com\/lamarseillaise\/news\/wp-json\/wp\/v2\/ta_other?post=39753"}],"curies":[{"name":"wp","href":"https:\/\/api.w.org\/{rel}","templated":true}]}}