{"id":39750,"date":"2026-08-20T07:31:00","date_gmt":"2026-08-20T05:31:00","guid":{"rendered":"https:\/\/euapp01.newsmemory.com\/lamarseillaise\/news\/?p=39750"},"modified":"2026-08-24T09:50:29","modified_gmt":"2026-08-24T07:50:29","slug":"le-revest-se-souvient-de-sa-liberation","status":"publish","type":"post","link":"https:\/\/euapp01.newsmemory.com\/lamarseillaise\/news\/2026\/08\/20\/le-revest-se-souvient-de-sa-liberation\/","title":{"rendered":"Le Revest se souvient de sa Lib\u00e9ration"},"content":{"rendered":"<div class=\"paragraph\">\n<p>Les c\u00e9r\u00e9monies qui se multiplient depuis la comm\u00e9moration du d\u00e9barquement de Provence du 15\u00a0ao\u00fbt 1944, pour f\u00eater la reprise des villes et villages du d\u00e9partement \u00e0 l\u2019occupant nazi, sont autant d\u2019opportunit\u00e9s de mettre \u00e0 l\u2019honneur tous ces \u00ab\u00a0\u00e9trangers\u00a0\u00bb venus nous lib\u00e9rer. Aujourd\u2019hui c\u2019est \u00e0 la commune du Revest de participer \u00e0 ce salutaire devoir de m\u00e9moire. Elle peut entre autres s\u2019appuyer pour cela sur le travail r\u00e9alis\u00e9 par le r\u00e9alisateur varois Philippe Maurel et son film <i>Les drailles de la libert\u00e9<\/i> qui, \u00e0 travers la m\u00e9moire des Revestois, revisite l\u2019arriv\u00e9e des Tirailleurs alg\u00e9riens.<\/p>\n<p>Un \u00ab\u00a0minot\u00a0\u00bb du pays n\u00e9, dit-il, dans \u00ab\u00a0la m\u00e9moire de la Seconde Guerre mondiale\u00a0\u00bb. Le parcours de la s\u0153ur a\u00een\u00e9e de son grand-p\u00e8re, l\u2019\u00e9crivaine et po\u00e9tesse Micheline Maurel, l\u2019ayant tr\u00e8s t\u00f4t pris aux tripes et participer \u00e0 faire na\u00eetre le besoin chez lui ne pas laisser cette p\u00e9riode \u00e0 la fois sombre et lumineuse tomber dans l\u2019oubli. Alors jeune \u00e9tudiante, elle rejoint un r\u00e9seau de r\u00e9sistance d\u00e8s\u00a01941 d\u2019o\u00f9 elle reviendra avec l\u2019envie de t\u00e9moigner.<\/p>\n<p>\u00ab\u00a0<i>Je voulais participer \u00e0 faire conna\u00eetre ce pan de notre Histoire parce qu\u2019il y en a visiblement qui ont oubli\u00e9 ce qui s\u2019est pass\u00e9 ou, pire encore, n\u2019ont pas envie d\u2019en entendre parler<\/i>\u00a0\u00bb, explique-t-il.<\/p>\n<p>Et d\u2019ajouter\u00a0: \u00ab\u00a0<i>Ce qui est important c\u2019est de rappeler qui nous a lib\u00e9r\u00e9s<\/i><i>\u00a0<\/i><i>: principalement des tirailleurs alg\u00e9riens et s\u00e9n\u00e9galais. C\u2019\u00e9taient eux, la chair \u00e0 canon, qui \u00e9taient devant<\/i>\u00a0\u00bb.<\/p>\n<\/p><\/div>\n<div class=\"intext\"> Les lib\u00e9rateurs<br \/>\n               <br \/>parlaient arabe\n              <\/div>\n<div class=\"paragraph\">\n<p>\u00ab<i>\u00a0<\/i><i>Quand mon p\u00e8re a entendu parler arabe, c\u2019\u00e9tait pour lui la premi\u00e8re fois. Nous nous sommes sentis lib\u00e9r\u00e9s<\/i>\u00a0\u00bb, confie \u00e0 la cam\u00e9ra Alberte Blanc du Revest.<\/p>\n<p>Une lib\u00e9ration qui va se faire au prix de combats acharn\u00e9s men\u00e9s de concert avec la R\u00e9sistance revestoise sous l\u2019\u00e9gide de Louis Camolli qui, bien en amont, a fourni des informations cruciales sur les fortifications, les mouvements de troupes, les installations allemandes et les itin\u00e9raires susceptibles d\u2019\u00eatre utilis\u00e9s par les Alli\u00e9s.<\/p>\n<p>Son groupe charg\u00e9 de surveiller Siou-Blanc se tient pr\u00eat \u00e0 l\u2019action. Et le 19\u00a0ao\u00fbt au soir une cigarette allum\u00e9e dans l\u2019obscurit\u00e9 r\u00e9v\u00e8le l\u2019arriv\u00e9e de ceux qu\u2019ils attendaient\u00a0: les soldats de la 1<sup>re<\/sup>\u00a0arm\u00e9e fran\u00e7aise, venus d\u2019Afrique, et notamment ceux du 3<sup>e<\/sup>\u00a0R\u00e9giment de Tirailleurs Alg\u00e9riens.<\/p>\n<p>Les hommes de Camolli qui connaissent parfaitement le secteur contrairement aux lib\u00e9rateurs prennent ainsi la t\u00eate de la colonne et guident les tirailleurs par les chemins charretiers proches du mont Caume. Ce qui va permettre de surprendre les Allemands qui ne s\u2019attendaient pas \u00e0 essuyer une attaque par le nord.<\/p>\n<p>Les premiers combats se d\u00e9roulent alors dans le village. Pendant ce temps, un autre groupe de r\u00e9sistants attaque les positions allemandes du Colombier et participe \u00e0 la capture de soldats ennemis.<\/p>\n<p>Ils progressent ensuite tous ensemble vers le barrage. Mais \u00e7a y est, la nouvelle se r\u00e9pand\u00a0: le Revest est lib\u00e9r\u00e9. Mais les combats sont loin d\u2019\u00eatre termin\u00e9s.<\/p>\n<p>Les tirailleurs alg\u00e9riens qui ont ouvert la br\u00e8che par le Nord progressent vers le Port du Levant, mais la vall\u00e9e de Dardennes reste sous le feu ennemi et plusieurs jours vont \u00eatre n\u00e9cessaires pour d\u00e9bloquer ce verrou.<\/p>\n<p>Le 23\u00a0ao\u00fbt, les forces fran\u00e7aises prennent pied dans Toulon o\u00f9 la R\u00e9sistance a d\u00e9j\u00e0 engag\u00e9 le combat. Mais la capitulation des forces allemandes du contre-amiral Heinrich Ruhfus n\u2019interviendra que le 28\u00a0ao\u00fbt.<\/p>\n<p>Pour se souvenir de tout cela et rendre hommage \u00e0 tous ceux qui ont pay\u00e9 le prix de notre libert\u00e9 par leur vie, rendez-vous aujourd\u2019hui au Revest. Les c\u00e9r\u00e9monies d\u00e9buteront \u00e0 18h15 par le d\u00e9p\u00f4t des gerbes \u00e0 la st\u00e8le de la propri\u00e9t\u00e9 Mouttet o\u00f9 avait \u00e9t\u00e9 \u00e9tabli le poste de commandement lors de la prise de Toulon par le colonel De Linares, suivi \u00e0 18h30 du d\u00e9p\u00f4t de gerbe et des discours au monument comm\u00e9moratif du parking Jean-Moulin o\u00f9 seront expos\u00e9s des v\u00e9hicules militaires d\u2019\u00e9poque, dont un half-track M16, une jeep et un Renault Tigresse.<\/p>\n<\/p><\/div>\n","protected":false},"excerpt":{"rendered":"Les c&eacute;r&eacute;monies qui se multiplient depuis la comm&eacute;moration du d&eacute;barquement de Provence du 15&nbsp;ao&ucirc;t 1944, pour f&ecirc;ter la reprise des villes et villages du d&eacute;partement &agrave; l&rsquo;occupant nazi, &#8230;","protected":false},"author":1,"featured_media":39751,"comment_status":"open","ping_status":"open","sticky":false,"template":"","format":"standard","meta":{"footnotes":""},"categories":[3926,3925,20],"tags":[6276,1647],"news-destination":[3944],"news-source":[475],"is_homepage":[],"ta_other":[],"class_list":["post-39750","post","type-post","status-publish","format-standard","has-post-thumbnail","hentry","category-accueil-merge","category-accueil-third","category-societe","tag-le-revest-les-eaux","tag-liberation","news-destination-homepage","news-source-website"],"_links":{"self":[{"href":"https:\/\/euapp01.newsmemory.com\/lamarseillaise\/news\/wp-json\/wp\/v2\/posts\/39750","targetHints":{"allow":["GET"]}}],"collection":[{"href":"https:\/\/euapp01.newsmemory.com\/lamarseillaise\/news\/wp-json\/wp\/v2\/posts"}],"about":[{"href":"https:\/\/euapp01.newsmemory.com\/lamarseillaise\/news\/wp-json\/wp\/v2\/types\/post"}],"author":[{"embeddable":true,"href":"https:\/\/euapp01.newsmemory.com\/lamarseillaise\/news\/wp-json\/wp\/v2\/users\/1"}],"replies":[{"embeddable":true,"href":"https:\/\/euapp01.newsmemory.com\/lamarseillaise\/news\/wp-json\/wp\/v2\/comments?post=39750"}],"version-history":[{"count":1,"href":"https:\/\/euapp01.newsmemory.com\/lamarseillaise\/news\/wp-json\/wp\/v2\/posts\/39750\/revisions"}],"predecessor-version":[{"id":39752,"href":"https:\/\/euapp01.newsmemory.com\/lamarseillaise\/news\/wp-json\/wp\/v2\/posts\/39750\/revisions\/39752"}],"wp:featuredmedia":[{"embeddable":true,"href":"https:\/\/euapp01.newsmemory.com\/lamarseillaise\/news\/wp-json\/wp\/v2\/media\/39751"}],"wp:attachment":[{"href":"https:\/\/euapp01.newsmemory.com\/lamarseillaise\/news\/wp-json\/wp\/v2\/media?parent=39750"}],"wp:term":[{"taxonomy":"category","embeddable":true,"href":"https:\/\/euapp01.newsmemory.com\/lamarseillaise\/news\/wp-json\/wp\/v2\/categories?post=39750"},{"taxonomy":"post_tag","embeddable":true,"href":"https:\/\/euapp01.newsmemory.com\/lamarseillaise\/news\/wp-json\/wp\/v2\/tags?post=39750"},{"taxonomy":"news-destination","embeddable":true,"href":"https:\/\/euapp01.newsmemory.com\/lamarseillaise\/news\/wp-json\/wp\/v2\/news-destination?post=39750"},{"taxonomy":"news-source","embeddable":true,"href":"https:\/\/euapp01.newsmemory.com\/lamarseillaise\/news\/wp-json\/wp\/v2\/news-source?post=39750"},{"taxonomy":"is_homepage","embeddable":true,"href":"https:\/\/euapp01.newsmemory.com\/lamarseillaise\/news\/wp-json\/wp\/v2\/is_homepage?post=39750"},{"taxonomy":"ta_other","embeddable":true,"href":"https:\/\/euapp01.newsmemory.com\/lamarseillaise\/news\/wp-json\/wp\/v2\/ta_other?post=39750"}],"curies":[{"name":"wp","href":"https:\/\/api.w.org\/{rel}","templated":true}]}}