{"id":39747,"date":"2026-08-20T07:33:00","date_gmt":"2026-08-20T05:33:00","guid":{"rendered":"https:\/\/euapp01.newsmemory.com\/lamarseillaise\/news\/?p=39747"},"modified":"2026-08-24T11:09:01","modified_gmt":"2026-08-24T09:09:01","slug":"olivier-galzi-defend-son-arrete-en-utilisant-un-fait-divers","status":"publish","type":"post","link":"https:\/\/euapp01.newsmemory.com\/lamarseillaise\/news\/2026\/08\/20\/olivier-galzi-defend-son-arrete-en-utilisant-un-fait-divers\/","title":{"rendered":"Olivier Galzi d\u00e9fend son arr\u00eat\u00e9 en utilisant un fait divers"},"content":{"rendered":"<div class=\"paragraph\">\n<p>Habituellement, Olivier Galzi n\u2019est pas avare en communication et sait orchestrer toute nouvelle d\u00e9cision. Le maire (DVD) n\u2019avait pourtant pas fait la promotion <a rel=\"noopener noreferrer\" href=\"https:\/\/www.lamarseillaise.fr\/politique\/a-avignon-un-arrete-conteste-contre-l-occupation-de-l-espace-public-KP20587638\" target=\"_blank\">d\u2019un nouvel arr\u00eat\u00e9 r\u00e9glementant l\u2019occupation de l\u2019espace public, publi\u00e9 sur la seule page internet des actes administratifs de la Ville<\/a>. Si la municipalit\u00e9 a r\u00e9pondu aux diverses sollicitations presse, Olivier Galzi a attendu ce mardi pour \u00e9voquer l\u2019arr\u00eat\u00e9 sur ses r\u00e9seaux sociaux.<\/p>\n<p>Et ce, en se servant d\u2019un fait divers, relat\u00e9 par <i>Vaucluse<\/i><i>\u00a0<\/i><i>matin<\/i>, o\u00f9 le 15\u00a0ao\u00fbt sur fond de forte alcoolisation, un individu a arrach\u00e9 un bout de menton \u00e0 un autre pour cause de refus de cigarette. \u00ab\u00a0<i>Notre arr\u00eat\u00e9 entend donner \u00e0 la police municipale une base l\u00e9gale pour intervenir avant que de tels drames ne se produisent<\/i><i>\u00a0<\/i><i>!<\/i><i>\u00a0<\/i>\u00bb, assure le premier magistrat, visiblement agac\u00e9 des critiques de son \u00ab\u00a0<i>opposition de gauche et leur r\u00e9seau d\u2019associations<\/i><i>\u00a0<\/i>\u00bb&#8230; \u00c0 l\u2019instar de la Ligue des droits de l\u2019homme ou de la<a rel=\"noopener noreferrer\" href=\"https:\/\/www.lamarseillaise.fr\/societe\/a-avignon-les-acteurs-de-la-solidarite-prets-a-attaquer-l-arrete-anti-mendicite-NO20597930\" target=\"_blank\"> f\u00e9d\u00e9ration des acteurs de la solidarit\u00e9, pr\u00eate \u00e0 attaquer en justice l\u2019arr\u00eat\u00e9 (notre \u00e9dition de mercredi) <\/a>qualifi\u00e9 \u00ab\u00a0<i>d\u2019anti-mendicit\u00e9<\/i>\u00a0\u00bb.<\/p>\n<p>Olivier Galzi accuse la gauche d\u2019une forme d\u2019ang\u00e9lisme\u00a0: \u00ab<i>\u00a0<\/i><i>Elle refuse de voir le lien entre la pr\u00e9sence de groupes de marginaux dans la rue et l\u2019ins\u00e9curit\u00e9 qui peut en d\u00e9couler&#8230; Elle fait croire que nous nous en prenons aux &#8220;<\/i><i>pauvres<\/i><i>&#8221; comme si la pauvret\u00e9 impliquait toutes les d\u00e9rives d\u00e9crites dans notre arr\u00eat\u00e9. Quel m\u00e9pris pour eux et quel aveuglement coupable envers les victimes<\/i><i>\u00a0<\/i><i>!<\/i><i>\u00a0<\/i>\u00bb La gauche et les associations s\u2019interrogent sur la dur\u00e9e (6\u00a0mois) de l\u2019arr\u00eat\u00e9 et quelle politique plus globale est mise en place \u00e0 destination de ce public vuln\u00e9rable.<\/p>\n<\/p><\/div>\n","protected":false},"excerpt":{"rendered":"Habituellement, Olivier Galzi n&rsquo;est pas avare en communication et sait orchestrer toute nouvelle d&eacute;cision. Le maire (DVD) n&rsquo;avait pourtant pas fait la promotion d&rsquo;un nouvel arr&ecirc;t&eacute; r&eacute;glementant &#8230;","protected":false},"author":1,"featured_media":39748,"comment_status":"open","ping_status":"open","sticky":false,"template":"","format":"standard","meta":{"footnotes":""},"categories":[3926,3925,330],"tags":[495,174,4914,1281,3062,171],"news-destination":[3944],"news-source":[475],"is_homepage":[],"ta_other":[],"class_list":["post-39747","post","type-post","status-publish","format-standard","has-post-thumbnail","hentry","category-accueil-merge","category-accueil-third","category-politique","tag-495","tag-avignon","tag-olivier-galzi","tag-pauvrete","tag-sans-abris","tag-vaucluse","news-destination-homepage","news-source-website"],"_links":{"self":[{"href":"https:\/\/euapp01.newsmemory.com\/lamarseillaise\/news\/wp-json\/wp\/v2\/posts\/39747","targetHints":{"allow":["GET"]}}],"collection":[{"href":"https:\/\/euapp01.newsmemory.com\/lamarseillaise\/news\/wp-json\/wp\/v2\/posts"}],"about":[{"href":"https:\/\/euapp01.newsmemory.com\/lamarseillaise\/news\/wp-json\/wp\/v2\/types\/post"}],"author":[{"embeddable":true,"href":"https:\/\/euapp01.newsmemory.com\/lamarseillaise\/news\/wp-json\/wp\/v2\/users\/1"}],"replies":[{"embeddable":true,"href":"https:\/\/euapp01.newsmemory.com\/lamarseillaise\/news\/wp-json\/wp\/v2\/comments?post=39747"}],"version-history":[{"count":1,"href":"https:\/\/euapp01.newsmemory.com\/lamarseillaise\/news\/wp-json\/wp\/v2\/posts\/39747\/revisions"}],"predecessor-version":[{"id":39749,"href":"https:\/\/euapp01.newsmemory.com\/lamarseillaise\/news\/wp-json\/wp\/v2\/posts\/39747\/revisions\/39749"}],"wp:featuredmedia":[{"embeddable":true,"href":"https:\/\/euapp01.newsmemory.com\/lamarseillaise\/news\/wp-json\/wp\/v2\/media\/39748"}],"wp:attachment":[{"href":"https:\/\/euapp01.newsmemory.com\/lamarseillaise\/news\/wp-json\/wp\/v2\/media?parent=39747"}],"wp:term":[{"taxonomy":"category","embeddable":true,"href":"https:\/\/euapp01.newsmemory.com\/lamarseillaise\/news\/wp-json\/wp\/v2\/categories?post=39747"},{"taxonomy":"post_tag","embeddable":true,"href":"https:\/\/euapp01.newsmemory.com\/lamarseillaise\/news\/wp-json\/wp\/v2\/tags?post=39747"},{"taxonomy":"news-destination","embeddable":true,"href":"https:\/\/euapp01.newsmemory.com\/lamarseillaise\/news\/wp-json\/wp\/v2\/news-destination?post=39747"},{"taxonomy":"news-source","embeddable":true,"href":"https:\/\/euapp01.newsmemory.com\/lamarseillaise\/news\/wp-json\/wp\/v2\/news-source?post=39747"},{"taxonomy":"is_homepage","embeddable":true,"href":"https:\/\/euapp01.newsmemory.com\/lamarseillaise\/news\/wp-json\/wp\/v2\/is_homepage?post=39747"},{"taxonomy":"ta_other","embeddable":true,"href":"https:\/\/euapp01.newsmemory.com\/lamarseillaise\/news\/wp-json\/wp\/v2\/ta_other?post=39747"}],"curies":[{"name":"wp","href":"https:\/\/api.w.org\/{rel}","templated":true}]}}