{"id":39744,"date":"2026-08-20T07:21:00","date_gmt":"2026-08-20T05:21:00","guid":{"rendered":"https:\/\/euapp01.newsmemory.com\/lamarseillaise\/news\/?p=39744"},"modified":"2026-08-20T11:20:10","modified_gmt":"2026-08-20T09:20:10","slug":"bataille-culturelle","status":"publish","type":"post","link":"https:\/\/euapp01.newsmemory.com\/lamarseillaise\/news\/2026\/08\/20\/bataille-culturelle\/","title":{"rendered":"Bataille culturelle"},"content":{"rendered":"<div class=\"paragraph\">\n<p>Si l\u2019\u00e9lection pr\u00e9sidentielle du printemps prochain donne le tempo de la rentr\u00e9e politique en France, la tenue des diff\u00e9rentes universit\u00e9s d\u2019\u00e9t\u00e9 des gauches, qui va commencer ce jeudi jusqu\u2019\u00e0 la fin du mois d\u2019ao\u00fbt, r\u00e9v\u00e8le l\u2019importance de la r\u00e9flexion et du d\u00e9bat d\u2019id\u00e9es. Ces rendez-vous militants mettent aussi \u00e0 jour les grands th\u00e8mes qui devront charpenter les projets pour une autre politique. Ce sera donc aussi l\u2019heure de dresser le bilan d\u00e9sastreux du macronisme et d\u2019ouvrir des perspectives.<\/p>\n<p>Les d\u00e9fis sont nombreux et, le premier, sera de convaincre les citoyens et les tr\u00e8s nombreux Fran\u00e7ais qui se d\u00e9tournent de la chose publique, de s\u2019emparer de ces questions vitales\u00a0: sant\u00e9, \u00e9ducation, d\u00e9mocratie, droits, \u00e9galit\u00e9, etc.<\/p>\n<p>La question sociale est centrale<\/p>\n<p>Pour les progressistes, r\u00e9pondre \u00e0 la question sociale doit demeurer la priorit\u00e9. Pour r\u00e9tablir ce qui a \u00e9t\u00e9 d\u00e9truit mais, surtout, pour proposer de nouvelles conqu\u00eates sociales. Cela ne peut se r\u00e9aliser en vase clos. Le mouvement social doit \u00eatre associ\u00e9 et m\u00eame devenir le moteur des changements si n\u00e9cessaires.<\/p>\n<p>La V<sup>e<\/sup>\u00a0R\u00e9publique et son pr\u00e9sidentialisme outrancier pi\u00e9tinent la dimension collective indispensable pour arracher la justice sociale. Le patronat a fait son choix et franchit la ligne noire en discutant avec l\u2019extr\u00eame droite RN. La droite dite classique fait sienne les propositions rances du parti \u00e0 la flamme. Une bataille culturelle est \u00e0 l\u2019\u0153uvre pour promouvoir ces th\u00e8mes. Les gauches doivent aussi imposer leur r\u00e9cit.<\/p>\n<\/p><\/div>\n","protected":false},"excerpt":{"rendered":"Si l&rsquo;&eacute;lection pr&eacute;sidentielle du printemps prochain donne le tempo de la rentr&eacute;e politique en France, la tenue des diff&eacute;rentes universit&eacute;s d&rsquo;&eacute;t&eacute; des gauches, qui va commencer ce jeudi &#8230;","protected":false},"author":1,"featured_media":39745,"comment_status":"open","ping_status":"open","sticky":false,"template":"","format":"standard","meta":{"footnotes":""},"categories":[332],"tags":[1372,575,572,540,5896],"news-destination":[],"news-source":[475],"is_homepage":[],"ta_other":[],"class_list":["post-39744","post","type-post","status-publish","format-standard","has-post-thumbnail","hentry","category-edito","tag-editoriaux","tag-emmanuel-macron","tag-france","tag-gauche","tag-universites-dete","news-source-website"],"_links":{"self":[{"href":"https:\/\/euapp01.newsmemory.com\/lamarseillaise\/news\/wp-json\/wp\/v2\/posts\/39744","targetHints":{"allow":["GET"]}}],"collection":[{"href":"https:\/\/euapp01.newsmemory.com\/lamarseillaise\/news\/wp-json\/wp\/v2\/posts"}],"about":[{"href":"https:\/\/euapp01.newsmemory.com\/lamarseillaise\/news\/wp-json\/wp\/v2\/types\/post"}],"author":[{"embeddable":true,"href":"https:\/\/euapp01.newsmemory.com\/lamarseillaise\/news\/wp-json\/wp\/v2\/users\/1"}],"replies":[{"embeddable":true,"href":"https:\/\/euapp01.newsmemory.com\/lamarseillaise\/news\/wp-json\/wp\/v2\/comments?post=39744"}],"version-history":[{"count":1,"href":"https:\/\/euapp01.newsmemory.com\/lamarseillaise\/news\/wp-json\/wp\/v2\/posts\/39744\/revisions"}],"predecessor-version":[{"id":39746,"href":"https:\/\/euapp01.newsmemory.com\/lamarseillaise\/news\/wp-json\/wp\/v2\/posts\/39744\/revisions\/39746"}],"wp:featuredmedia":[{"embeddable":true,"href":"https:\/\/euapp01.newsmemory.com\/lamarseillaise\/news\/wp-json\/wp\/v2\/media\/39745"}],"wp:attachment":[{"href":"https:\/\/euapp01.newsmemory.com\/lamarseillaise\/news\/wp-json\/wp\/v2\/media?parent=39744"}],"wp:term":[{"taxonomy":"category","embeddable":true,"href":"https:\/\/euapp01.newsmemory.com\/lamarseillaise\/news\/wp-json\/wp\/v2\/categories?post=39744"},{"taxonomy":"post_tag","embeddable":true,"href":"https:\/\/euapp01.newsmemory.com\/lamarseillaise\/news\/wp-json\/wp\/v2\/tags?post=39744"},{"taxonomy":"news-destination","embeddable":true,"href":"https:\/\/euapp01.newsmemory.com\/lamarseillaise\/news\/wp-json\/wp\/v2\/news-destination?post=39744"},{"taxonomy":"news-source","embeddable":true,"href":"https:\/\/euapp01.newsmemory.com\/lamarseillaise\/news\/wp-json\/wp\/v2\/news-source?post=39744"},{"taxonomy":"is_homepage","embeddable":true,"href":"https:\/\/euapp01.newsmemory.com\/lamarseillaise\/news\/wp-json\/wp\/v2\/is_homepage?post=39744"},{"taxonomy":"ta_other","embeddable":true,"href":"https:\/\/euapp01.newsmemory.com\/lamarseillaise\/news\/wp-json\/wp\/v2\/ta_other?post=39744"}],"curies":[{"name":"wp","href":"https:\/\/api.w.org\/{rel}","templated":true}]}}