{"id":39741,"date":"2026-08-20T11:10:00","date_gmt":"2026-08-20T09:10:00","guid":{"rendered":"https:\/\/euapp01.newsmemory.com\/lamarseillaise\/news\/?p=39741"},"modified":"2026-08-25T08:02:48","modified_gmt":"2026-08-25T06:02:48","slug":"en-sejour-au-frioul-des-marseillais-depayses","status":"publish","type":"post","link":"https:\/\/euapp01.newsmemory.com\/lamarseillaise\/news\/2026\/08\/20\/en-sejour-au-frioul-des-marseillais-depayses\/","title":{"rendered":"En s\u00e9jour au Frioul, des Marseillais d\u00e9pays\u00e9s"},"content":{"rendered":"<div class=\"paragraph\">\n<p>C<i>\u2019est la deuxi\u00e8me \u00e9dition de cette op\u00e9ration qui s\u2019\u00e9tale du 13<\/i><i>\u00a0<\/i><i>juillet au 28<\/i><i>\u00a0<\/i><i>ao\u00fbt, et au vu des retours, on compte bien la p\u00e9renniser<\/i>\u00a0\u00bb, est ravi d\u2019annoncer Hassan Guenfici. L\u2019adjoint au maire d\u00e9l\u00e9gu\u00e9 aux centres sociaux et \u00e0 l\u2019\u00e9ducation populaire a pris le d\u00e9part en navette pour accompagner une nouvelle vague d\u2019h\u00f4tes du centre L\u00e9o Lagrange, \u00ab\u00a0<i>sur un site exceptionnel du Parc national des calanques, proche et d\u00e9paysant \u00e0 la fois<\/i>\u00a0\u00bb.<\/p>\n<p>Sur l\u2019embarcad\u00e8re, six femmes du centre de Malpass\u00e9 savourent d\u2019avance. \u00ab\u00a0<i>On va m\u00eame faire de l\u2019aquagym<\/i><i>\u00a0<\/i><i>!<\/i>\u00a0\u00bb, assure Leila, des frites de piscine mousse dans son sac. Mebarkah et Salima, ont d\u00e9j\u00e0 pris place dans le bateau. \u00ab\u00a0<i>C\u2019est vraiment bien ce que fait la mairie avec L\u2019\u00e9t\u00e9 marseillais. J\u2019ai d\u00e9j\u00e0 fait des sorties avec le groupe mais jamais de s\u00e9jou<\/i>r\u00a0\u00bb, explique Mehbarka. Retrait\u00e9e, elle a \u00ab\u00a0<i>d\u00e9couvert le centre social et toutes ses activit\u00e9s. Sans \u00e7a je ferais kin\u00e9-maison<\/i><i>\u00a0<\/i>\u00bb. M\u00eame enthousiasme du c\u00f4t\u00e9 de la Belle de Mai pour Rahma et ses quatre enfants. \u00ab\u00a0<i>J\u2019ai travaill\u00e9 tout l\u2019\u00e9t\u00e9 et le soir j\u2019\u00e9tais trop fatigu\u00e9e pour sortir. Je ne suis pas v\u00e9hicul\u00e9e et les bus sont pleins \u00e0 craquer. On n\u2019est pas parti en vacances, alors l\u00e0, ils vont lever la t\u00eate des \u00e9crans<\/i><i>\u00a0<\/i>\u00bb, se r\u00e9jouit-elle.<\/p>\n<\/p><\/div>\n<div class=\"intext\"> Oublier qu\u2019on est<br \/>\n               <br \/>\u00e0 Marseille\n              <\/div>\n<div class=\"paragraph\">\n<p>\u00ab\u00a0<i>Je ne suis all\u00e9 nulle part cet \u00e9t\u00e9, \u00e7a me fait mes vacances. Je ne suis jamais venu au Frioul, mais j\u2019ai un bon pressentiment<\/i>\u00a0\u00bb, anticipe Mohamed, 15\u00a0ans, alors que la navette accoste au port. \u00ab\u00a0<i>On y est vraiment, \u00e7a y est<\/i><i>\u00a0<\/i><i>!<\/i><i>\u00a0<\/i>\u00bb, l\u00e2che un ado du centre Romain Rolland en mettant le pied sur l\u2019\u00eele. Une farandole joyeuse tire ses valises sur la route caillouteuse en direction du centre L\u00e9o Lagrange, saluant au passage un autre groupe install\u00e9 dans le petit-train qui termine son s\u00e9jour. Accueillis par Laetitia, un T-shirt \u00ab\u00a0cr\u00e9ateur de souvenirs\u00a0\u00bb sur le dos, les vacanciers \u00e9coutent les consignes. \u00ab\u00a0<i>Pas de chips ni biscuits dans le bungalow, sinon c\u2019est l\u2019invasion de fourmis garantie. En ce moment, il y a beaucoup de b\u00e9b\u00e9s gabians, mais \u00e9vitez de les approcher car&#8230;<\/i><i>\u00a0<\/i>\u00bb. Mohamed termine l\u2019explication\u00a0: \u00ab\u00a0<i>sinon leurs daronnes, elles vont serrer<\/i>\u00a0\u00bb. Et pour la clim qui doit \u00eatre coup\u00e9e en partant, l\u2019ado a encore la r\u00e9ponse\u00a0: \u00ab\u00a0<i>\u00e7a gaspille de l\u2019\u00e9conomie et d\u00e9truit la terre<\/i>\u00a0\u00bb.<\/p>\n<p>Tandis que les nouveaux arriv\u00e9s se r\u00e9partissent dans les chambr\u00e9es et prennent leurs marques, le groupe pr\u00e9c\u00e9dent s\u2019installe \u00e0 table \u00e0 l\u2019ombre des pergolas. Driss, Nour, Yassine, 13\u00a0ans, et la petite Yasmine, 8\u00a0ans, font la moue\u00a0: \u00ab\u00a0<i>On est d\u00e8g\u2019<\/i><i>\u00a0<\/i><i>! De partir<\/i><i>\u00a0<\/i>\u00bb. Nour pr\u00e9cise\u00a0: \u00ab\u00a0<i>tout est tarpin bien ici. Les randos, l\u2019eau turquoise&#8230; M\u00eame le lait il a pas le m\u00eame go\u00fbt qu\u2019\u00e0 Marseille<\/i><i>\u00a0<\/i>\u00bb. De quoi arracher un rire \u00e0 Nawal, maman de deux d\u2019entre eux, mais qui en convient\u00a0: \u00ab\u00a0<i>ne plus faire le m\u00e9nage, prendre le temps de tout, j\u2019ai laiss\u00e9 le stress et le bruit de Marseille, \u00e0 Val Plan. Une vraie pause<\/i><i>\u00a0<\/i><i>!<\/i>\u00a0\u00bb. Nour ajoute\u00a0: \u00ab<i>\u00a0<\/i><i>Et danser aussi tata<\/i><i>\u00a0<\/i><i>!<\/i><i>\u00a0<\/i>\u00bb.<\/p>\n<p>\u00c0 5\u00a0euros par jour et par personne, le s\u00e9jour fait un carton. Et on en redemande. Au centre social Joliette, A\u00efncha, Moinaecha, et Hernani entament leur deuxi\u00e8me ann\u00e9e. Le petit groupe semble soud\u00e9. Hernani a gard\u00e9 au poignet le bracelet L\u00e9o Lagrange de l\u2019ann\u00e9e derni\u00e8re. \u00ab\u00a0<i>La plong\u00e9e, le Kayak, la visite du site et la vue de Marseille depuis l\u2019\u00eele le soir, c\u2019est magnifique. Les soir\u00e9es aussi. On a des supers souvenirs<\/i>\u00a0\u00bb, affirment-ils, unanimes. Ruben et Yostin, arriv\u00e9s depuis peu de Colombie, ont d\u00e9j\u00e0 int\u00e9gr\u00e9 le groupe.<\/p>\n<\/p><\/div>\n","protected":false},"excerpt":{"rendered":"C&rsquo;est la deuxi&egrave;me &eacute;dition de cette op&eacute;ration qui s&rsquo;&eacute;tale du 13&nbsp;juillet au 28&nbsp;ao&ucirc;t, et au vu des retours, on compte bien la p&eacute;renniser&nbsp;&raquo;, est ravi d&rsquo;annoncer Hassan &#8230;","protected":false},"author":1,"featured_media":39804,"comment_status":"open","ping_status":"open","sticky":false,"template":"","format":"standard","meta":{"footnotes":""},"categories":[3926,3925,20],"tags":[],"news-destination":[3944],"news-source":[475],"is_homepage":[],"ta_other":[],"class_list":["post-39741","post","type-post","status-publish","format-standard","has-post-thumbnail","hentry","category-accueil-merge","category-accueil-third","category-societe","news-destination-homepage","news-source-website"],"_links":{"self":[{"href":"https:\/\/euapp01.newsmemory.com\/lamarseillaise\/news\/wp-json\/wp\/v2\/posts\/39741","targetHints":{"allow":["GET"]}}],"collection":[{"href":"https:\/\/euapp01.newsmemory.com\/lamarseillaise\/news\/wp-json\/wp\/v2\/posts"}],"about":[{"href":"https:\/\/euapp01.newsmemory.com\/lamarseillaise\/news\/wp-json\/wp\/v2\/types\/post"}],"author":[{"embeddable":true,"href":"https:\/\/euapp01.newsmemory.com\/lamarseillaise\/news\/wp-json\/wp\/v2\/users\/1"}],"replies":[{"embeddable":true,"href":"https:\/\/euapp01.newsmemory.com\/lamarseillaise\/news\/wp-json\/wp\/v2\/comments?post=39741"}],"version-history":[{"count":1,"href":"https:\/\/euapp01.newsmemory.com\/lamarseillaise\/news\/wp-json\/wp\/v2\/posts\/39741\/revisions"}],"predecessor-version":[{"id":39743,"href":"https:\/\/euapp01.newsmemory.com\/lamarseillaise\/news\/wp-json\/wp\/v2\/posts\/39741\/revisions\/39743"}],"wp:featuredmedia":[{"embeddable":true,"href":"https:\/\/euapp01.newsmemory.com\/lamarseillaise\/news\/wp-json\/wp\/v2\/media\/39804"}],"wp:attachment":[{"href":"https:\/\/euapp01.newsmemory.com\/lamarseillaise\/news\/wp-json\/wp\/v2\/media?parent=39741"}],"wp:term":[{"taxonomy":"category","embeddable":true,"href":"https:\/\/euapp01.newsmemory.com\/lamarseillaise\/news\/wp-json\/wp\/v2\/categories?post=39741"},{"taxonomy":"post_tag","embeddable":true,"href":"https:\/\/euapp01.newsmemory.com\/lamarseillaise\/news\/wp-json\/wp\/v2\/tags?post=39741"},{"taxonomy":"news-destination","embeddable":true,"href":"https:\/\/euapp01.newsmemory.com\/lamarseillaise\/news\/wp-json\/wp\/v2\/news-destination?post=39741"},{"taxonomy":"news-source","embeddable":true,"href":"https:\/\/euapp01.newsmemory.com\/lamarseillaise\/news\/wp-json\/wp\/v2\/news-source?post=39741"},{"taxonomy":"is_homepage","embeddable":true,"href":"https:\/\/euapp01.newsmemory.com\/lamarseillaise\/news\/wp-json\/wp\/v2\/is_homepage?post=39741"},{"taxonomy":"ta_other","embeddable":true,"href":"https:\/\/euapp01.newsmemory.com\/lamarseillaise\/news\/wp-json\/wp\/v2\/ta_other?post=39741"}],"curies":[{"name":"wp","href":"https:\/\/api.w.org\/{rel}","templated":true}]}}