{"id":39738,"date":"2026-08-20T07:12:00","date_gmt":"2026-08-20T05:12:00","guid":{"rendered":"https:\/\/euapp01.newsmemory.com\/lamarseillaise\/news\/?p=39738"},"modified":"2026-08-24T08:44:55","modified_gmt":"2026-08-24T06:44:55","slug":"la-presidentielle-au-coeur-des-universites-dete","status":"publish","type":"post","link":"https:\/\/euapp01.newsmemory.com\/lamarseillaise\/news\/2026\/08\/20\/la-presidentielle-au-coeur-des-universites-dete\/","title":{"rendered":"La pr\u00e9sidentielle au c\u0153ur des universit\u00e9s d\u2019\u00e9t\u00e9"},"content":{"rendered":"<div class=\"paragraph\">\n<p>C\u2019est le rendez-vous qui amorce la rentr\u00e9e politique\u00a0: insoumis et \u00e9cologistes lancent ce jeudi, pour la gauche, la saison des universit\u00e9s d\u2019\u00e9t\u00e9, suivis par les communistes vendredi et les socialistes la semaine suivante. Cette grand-messe r\u00e9unit chaque \u00e9t\u00e9 \u00e9lus, militants et sympathisants autour de d\u00e9bats structurants pour les partis, des ateliers et des formations. \u00c0 huit mois de l\u2019\u00e9lection pr\u00e9sidentielle, le sujet s\u2019impose comme central pour les diff\u00e9rents rassemblements. D\u2019autant que pour les forces de gauche, les strat\u00e9gies divergent.<\/p>\n<p>Les Verts, eux, pr\u00e9voient une soir\u00e9e d\u00e8s l\u2019ouverture jeudi de leurs Journ\u00e9es des \u00e9cologistes, \u00ab\u00a0pour l\u2019\u00e9cologie, pour l\u2019union\u00a0\u00bb\u00a0: \u00ab\u00a0<i>En 2027, la France fera face \u00e0 un choix d\u00e9cisif.<\/i> (&#8230;) <i>Pour emp\u00eacher l\u2019extr\u00eame droite d\u2019arriver au pouvoir et faire gagner la gauche et les \u00e9cologistes, nous devons construire l\u2019union de toutes celles et ceux qui veulent ouvrir une autre voie pour le pays<\/i><i>\u00a0<\/i>\u00bb, \u00e9crivent-ils sur leur site. La secr\u00e9taire nationale du parti a annonc\u00e9 sa candidature \u00e0 une primaire unitaire de la gauche &#8211; celle-ci \u00e9tant quasi enterr\u00e9e. Une enqu\u00eate d\u2019opinion interne confirme\u00a0: 65,13% des votes exprim\u00e9s soutiennent qu\u2019en cas d\u2019\u00e9chec de la primaire, Marine Tondelier serait leur candidate.<\/p>\n<p>Cette option de la primaire r\u00e9unissant la gauche et les \u00e9cologistes \u00e9tait soutenue et port\u00e9e par la patronne des Verts et le Premier secr\u00e9taire du PS, Olivier Faure. Mais ce dernier a \u00e9t\u00e9 mis en \u00e9chec dans son propre camp\u00a0: 55,5% des militants ont vot\u00e9 pour une primaire ferm\u00e9e, r\u00e9serv\u00e9e aux socialistes et aux \u00ab\u00a0<i>organisations politiques se reconnaissant comme faisant partie du p\u00f4le socialiste<\/i><i>\u00a0<\/i>\u00bb, \u00e0 savoir, Place publique de Rapha\u00ebl Glucksmann. La date du scrutin sera adopt\u00e9e en Conseil national le 25\u00a0ao\u00fbt, soit trois jours avant le CamPus \u00e0 Blois. Ce lundi, le parti a fait un pas de plus en d\u00e9diant un site internet \u00e0 son \u00ab\u00a0Projet socialiste\u00a0\u00bb, le programme que portera son ou sa candidate.<\/p>\n<p>De son c\u00f4t\u00e9, le PCF, qui a reconduit Fabien Roussel \u00e0 sa t\u00eate, veut porter sa propre voix en 2027. \u00ab\u00a0<i>J\u2019ai dit que j\u2019\u00e9tais pr\u00eat, si vous le d\u00e9cidiez, \u00e0 mener ce combat avec vous une nouvelle fois<\/i><i>\u00a0<\/i>\u00bb, a confirm\u00e9 ce dernier dans son discours d\u2019ouverture du 40<sup>e<\/sup> Congr\u00e8s des communistes \u00e0 Lille en juillet dernier. Les militants doivent officiellement ent\u00e9riner la candidature de leur secr\u00e9taire national lors d\u2019un vote pr\u00e9vu le 6\u00a0septembre prochain. La question \u00e9lys\u00e9enne sera \u00e9voqu\u00e9e lors des universit\u00e9s d\u2019\u00e9t\u00e9 \u00e0 Toulouse, avec un d\u00e9bat entre les diff\u00e9rentes forces de gauche samedi, et un atelier \u00ab\u00a0comment faire gagner la gauche en 2027\u00a0?\u00a0\u00bb.<\/p>\n<\/p><\/div>\n<div class=\"intext\"> Lutte contre l\u2019extr\u00eame droite\n              <\/div>\n<div class=\"paragraph\">\n<p>Pas de surprise du c\u00f4t\u00e9 de LFI qui se projette d\u00e9j\u00e0 dans la campagne avec une formation dispens\u00e9e lors de ses Amfis d\u00e9di\u00e9e \u00e0 \u00ab\u00a0rechercher les 500\u00a0parrainages pour l\u2019\u00e9lection pr\u00e9sidentielle\u00a0\u00bb. Son leader, Jean-Luc M\u00e9lenchon, candidat pour la quatri\u00e8me fois \u00e0 l\u2019\u00e9lection supr\u00eame donnera un grand meeting ce dimanche pour cl\u00f4turer l\u2019\u00e9v\u00e9nement \u00e0 Valence.<\/p>\n<p>Si elles partent d\u00e9sunies, les organisations politiques affichent un but commun\u00a0: emp\u00eacher l\u2019extr\u00eame droite d\u2019acc\u00e9der au pouvoir. Car le risque n\u2019a jamais \u00e9t\u00e9 aussi grand de voir les pr\u00eacheurs de haine au palais de l\u2019\u00c9lys\u00e9e. Ainsi, les insoumis proposent samedi une conf\u00e9rence intitul\u00e9e \u00ab\u00a0contre l\u2019extr\u00eame droite, la Nouvelle France contre toutes les formes de racisme\u00a0\u00bb. Le m\u00eame jour, les \u00c9cologistes invitent \u00e0 \u00ab\u00a0repenser la riposte num\u00e9rique face \u00e0 l\u2019extr\u00eame droite\u00a0\u00bb. Le lendemain, les communistes proposeront une analyse sur le th\u00e8me suivant \u00ab\u00a0extr\u00eame droite\u00a0: r\u00e9alit\u00e9s et dynamiques \u00e9lectorales\u00a0\u00bb. Quand le PS questionnera\u00a0: \u00ab\u00a0Quels sont les ressorts du r\u00e9cit du Rassemblement national\u00a0? Comment les contrer\u00a0?\u00a0\u00bb, la semaine d\u2019apr\u00e8s.<\/p>\n<\/p><\/div>\n<div class=\"paragraph\">\n<p>\u00ab\u00a0Nous devons construire l\u2019union de toutes celles et ceux qui veulent ouvrir une autre voie pour le pays\u00a0\u00bb<\/p>\n<\/p><\/div>\n","protected":false},"excerpt":{"rendered":"C&rsquo;est le rendez-vous qui amorce la rentr&eacute;e politique&nbsp;: insoumis et &eacute;cologistes lancent ce jeudi, pour la gauche, la saison des universit&eacute;s d&rsquo;&eacute;t&eacute;, suivis par les communistes vendredi et les &#8230;","protected":false},"author":1,"featured_media":39739,"comment_status":"open","ping_status":"open","sticky":false,"template":"","format":"standard","meta":{"footnotes":""},"categories":[3923,3926,330],"tags":[606,505,572,573,304,541,735,769,250,191,38,543,1927,716],"news-destination":[3944],"news-source":[475],"is_homepage":[],"ta_other":[],"class_list":["post-39738","post","type-post","status-publish","format-standard","has-post-thumbnail","hentry","category-accueil-first","category-accueil-merge","category-politique","tag-fabien-roussel","tag-formation","tag-france","tag-jean-luc-melenchon","tag-les-ecologistes","tag-lfi","tag-marine-tondelier","tag-olivier-faure","tag-pcf","tag-politique","tag-programme","tag-ps","tag-raphael-glucksmann","tag-rentree","news-destination-homepage","news-source-website"],"_links":{"self":[{"href":"https:\/\/euapp01.newsmemory.com\/lamarseillaise\/news\/wp-json\/wp\/v2\/posts\/39738","targetHints":{"allow":["GET"]}}],"collection":[{"href":"https:\/\/euapp01.newsmemory.com\/lamarseillaise\/news\/wp-json\/wp\/v2\/posts"}],"about":[{"href":"https:\/\/euapp01.newsmemory.com\/lamarseillaise\/news\/wp-json\/wp\/v2\/types\/post"}],"author":[{"embeddable":true,"href":"https:\/\/euapp01.newsmemory.com\/lamarseillaise\/news\/wp-json\/wp\/v2\/users\/1"}],"replies":[{"embeddable":true,"href":"https:\/\/euapp01.newsmemory.com\/lamarseillaise\/news\/wp-json\/wp\/v2\/comments?post=39738"}],"version-history":[{"count":1,"href":"https:\/\/euapp01.newsmemory.com\/lamarseillaise\/news\/wp-json\/wp\/v2\/posts\/39738\/revisions"}],"predecessor-version":[{"id":39740,"href":"https:\/\/euapp01.newsmemory.com\/lamarseillaise\/news\/wp-json\/wp\/v2\/posts\/39738\/revisions\/39740"}],"wp:featuredmedia":[{"embeddable":true,"href":"https:\/\/euapp01.newsmemory.com\/lamarseillaise\/news\/wp-json\/wp\/v2\/media\/39739"}],"wp:attachment":[{"href":"https:\/\/euapp01.newsmemory.com\/lamarseillaise\/news\/wp-json\/wp\/v2\/media?parent=39738"}],"wp:term":[{"taxonomy":"category","embeddable":true,"href":"https:\/\/euapp01.newsmemory.com\/lamarseillaise\/news\/wp-json\/wp\/v2\/categories?post=39738"},{"taxonomy":"post_tag","embeddable":true,"href":"https:\/\/euapp01.newsmemory.com\/lamarseillaise\/news\/wp-json\/wp\/v2\/tags?post=39738"},{"taxonomy":"news-destination","embeddable":true,"href":"https:\/\/euapp01.newsmemory.com\/lamarseillaise\/news\/wp-json\/wp\/v2\/news-destination?post=39738"},{"taxonomy":"news-source","embeddable":true,"href":"https:\/\/euapp01.newsmemory.com\/lamarseillaise\/news\/wp-json\/wp\/v2\/news-source?post=39738"},{"taxonomy":"is_homepage","embeddable":true,"href":"https:\/\/euapp01.newsmemory.com\/lamarseillaise\/news\/wp-json\/wp\/v2\/is_homepage?post=39738"},{"taxonomy":"ta_other","embeddable":true,"href":"https:\/\/euapp01.newsmemory.com\/lamarseillaise\/news\/wp-json\/wp\/v2\/ta_other?post=39738"}],"curies":[{"name":"wp","href":"https:\/\/api.w.org\/{rel}","templated":true}]}}