{"id":39731,"date":"2026-08-19T11:56:00","date_gmt":"2026-08-19T09:56:00","guid":{"rendered":"https:\/\/euapp01.newsmemory.com\/lamarseillaise\/news\/?p=39731"},"modified":"2026-08-24T08:18:44","modified_gmt":"2026-08-24T06:18:44","slug":"nimes-la-feria-vendanges-promet-le-grand-frisson","status":"publish","type":"post","link":"https:\/\/euapp01.newsmemory.com\/lamarseillaise\/news\/2026\/08\/19\/nimes-la-feria-vendanges-promet-le-grand-frisson\/","title":{"rendered":"N\u00eemes : la feria Vendanges promet le grand frisson"},"content":{"rendered":"<div class=\"paragraph\">\n<p>\u00c0 la fin de l\u2019\u00e9t\u00e9, tandis que la pierre blonde des ar\u00e8nes retiendra encore la chaleur, N\u00eemes remettra ses habits de feria. Du 18 au 20 septembre, cinq rendez-vous taurins composeront les Vendanges 2026, entre grandes figuras, jeunes pousses et paris audacieux. D\u00e9voil\u00e9s le 20\u00a0juillet, les cartels veulent m\u00ealer prestige, transmission et attachement \u00e0 l\u2019amphith\u00e9\u00e2tre.<\/p>\n<p>La Corrida Carmen ouvrira le bal vendredi \u00e0 17h30. Apr\u00e8s une premi\u00e8re \u00e9dition remarqu\u00e9e en 2025, ce rendez-vous entre art et tauromachie revient avec un mano a mano de haute vol\u00e9e entre Alejandro Talavante et Andr\u00e9s Roca Rey. Les deux maestros affronteront des toros de Jandilla, Victoriano del R\u00edo et El Freixo, dans un d\u00e9cor confi\u00e9 \u00e0 Muriel Goro. Install\u00e9e \u00e0 Lunel, la peintre, c\u00e9ramiste et sculptrice a puis\u00e9 dans la Camargue et les couleurs m\u00e9diterran\u00e9ennes pour habiller cette corrida que Simon Casas r\u00eave d\u2019installer comme un embl\u00e8me n\u00eemois.<\/p>\n<\/p><\/div>\n<div class=\"intext\"> \u00ab\u00a0N\u00eemes est une plaza \u00e0 part\u00a0\u00bb\n              <\/div>\n<div class=\"paragraph\">\n<p>Samedi matin, la rel\u00e8ve entrera en piste. Mario Vilau, Manuel Quintana et Clovis, vainqueur de la Cape d\u2019Or \u00e0 Pentec\u00f4te, se mesureront aux novillos des Hermanos Sandoval, pr\u00e9sent\u00e9s pour la premi\u00e8re fois en France. L\u2019apr\u00e8s-midi, le public retrouvera trois toreros familiers des tendidos n\u00eemois\u00a0: S\u00e9bastien Castella, Jos\u00e9 Mar\u00eda Manzanares et Tom\u00e1s Rufo, face aux toros de Garc\u00eda Jim\u00e9nez.<\/p>\n<p>Mais le pari le plus spectaculaire attendra dimanche matin. \u00c0 seulement 18 ans, Marco P\u00e9rez affrontera seul six toros de diff\u00e9rents \u00e9levages. Une <i>encerrona<\/i> qui place le jeune Espagnol dans les pas des grands noms ayant d\u00e9j\u00e0 relev\u00e9 ce d\u00e9fi \u00e0 N\u00eemes. \u00ab\u00a0<i>N\u00eemes, pour moi, est une plaza \u00e0 part. Mon c\u0153ur y bat diff\u00e9remment<\/i>\u00a0\u00bb, a-t-il confi\u00e9 lors de la pr\u00e9sentation. Derri\u00e8re l\u2019exploit physique, l\u2019affiche dit surtout l\u2019ambition d\u2019un torero d\u00e9j\u00e0 adopt\u00e9 par l\u2019amphith\u00e9\u00e2tre.<\/p>\n<p>La feria s\u2019ach\u00e8vera dimanche apr\u00e8s-midi sur une corrida fran\u00e7aise. Juan Leal, Adriano et El Rafi affronteront les Fuente Ymbro. Les deux derniers, enfants de N\u00eemes, restent sur leur triomphe lors de la corrida fran\u00e7aise de Pentec\u00f4te. Une cl\u00f4ture qui entend r\u00e9compenser les r\u00e9sultats plus que les passeports. Entre figures consacr\u00e9es, jeunesse impatiente et fid\u00e9lit\u00e9s locales, les Vendanges promettent de faire r\u00e9sonner le vieux cercle romain au rythme des clarines et des ovations.<\/p>\n<\/p><\/div>\n","protected":false},"excerpt":{"rendered":"&Agrave; la fin de l&rsquo;&eacute;t&eacute;, tandis que la pierre blonde des ar&egrave;nes retiendra encore la chaleur, N&icirc;mes remettra ses habits de feria. Du 18 au 20 septembre, cinq rendez-vous taurins composeront les Vendanges 2026, entre &#8230;","protected":false},"author":1,"featured_media":39732,"comment_status":"open","ping_status":"open","sticky":false,"template":"","format":"standard","meta":{"footnotes":""},"categories":[3926,3925,32,20],"tags":[1908,35,683,238,241,284,6275,3010,5598,2418],"news-destination":[3944],"news-source":[475],"is_homepage":[],"ta_other":[],"class_list":["post-39731","post","type-post","status-publish","format-standard","has-post-thumbnail","hentry","category-accueil-merge","category-accueil-third","category-culture","category-societe","tag-corrida","tag-culture","tag-feria","tag-gard","tag-nimes","tag-occitanie","tag-simon-casas","tag-sylvette-fayet","tag-tauromachie","tag-vincent-bouget","news-destination-homepage","news-source-website"],"_links":{"self":[{"href":"https:\/\/euapp01.newsmemory.com\/lamarseillaise\/news\/wp-json\/wp\/v2\/posts\/39731","targetHints":{"allow":["GET"]}}],"collection":[{"href":"https:\/\/euapp01.newsmemory.com\/lamarseillaise\/news\/wp-json\/wp\/v2\/posts"}],"about":[{"href":"https:\/\/euapp01.newsmemory.com\/lamarseillaise\/news\/wp-json\/wp\/v2\/types\/post"}],"author":[{"embeddable":true,"href":"https:\/\/euapp01.newsmemory.com\/lamarseillaise\/news\/wp-json\/wp\/v2\/users\/1"}],"replies":[{"embeddable":true,"href":"https:\/\/euapp01.newsmemory.com\/lamarseillaise\/news\/wp-json\/wp\/v2\/comments?post=39731"}],"version-history":[{"count":1,"href":"https:\/\/euapp01.newsmemory.com\/lamarseillaise\/news\/wp-json\/wp\/v2\/posts\/39731\/revisions"}],"predecessor-version":[{"id":39733,"href":"https:\/\/euapp01.newsmemory.com\/lamarseillaise\/news\/wp-json\/wp\/v2\/posts\/39731\/revisions\/39733"}],"wp:featuredmedia":[{"embeddable":true,"href":"https:\/\/euapp01.newsmemory.com\/lamarseillaise\/news\/wp-json\/wp\/v2\/media\/39732"}],"wp:attachment":[{"href":"https:\/\/euapp01.newsmemory.com\/lamarseillaise\/news\/wp-json\/wp\/v2\/media?parent=39731"}],"wp:term":[{"taxonomy":"category","embeddable":true,"href":"https:\/\/euapp01.newsmemory.com\/lamarseillaise\/news\/wp-json\/wp\/v2\/categories?post=39731"},{"taxonomy":"post_tag","embeddable":true,"href":"https:\/\/euapp01.newsmemory.com\/lamarseillaise\/news\/wp-json\/wp\/v2\/tags?post=39731"},{"taxonomy":"news-destination","embeddable":true,"href":"https:\/\/euapp01.newsmemory.com\/lamarseillaise\/news\/wp-json\/wp\/v2\/news-destination?post=39731"},{"taxonomy":"news-source","embeddable":true,"href":"https:\/\/euapp01.newsmemory.com\/lamarseillaise\/news\/wp-json\/wp\/v2\/news-source?post=39731"},{"taxonomy":"is_homepage","embeddable":true,"href":"https:\/\/euapp01.newsmemory.com\/lamarseillaise\/news\/wp-json\/wp\/v2\/is_homepage?post=39731"},{"taxonomy":"ta_other","embeddable":true,"href":"https:\/\/euapp01.newsmemory.com\/lamarseillaise\/news\/wp-json\/wp\/v2\/ta_other?post=39731"}],"curies":[{"name":"wp","href":"https:\/\/api.w.org\/{rel}","templated":true}]}}