{"id":39728,"date":"2026-08-19T09:50:00","date_gmt":"2026-08-19T07:50:00","guid":{"rendered":"https:\/\/euapp01.newsmemory.com\/lamarseillaise\/news\/?p=39728"},"modified":"2026-08-19T10:23:47","modified_gmt":"2026-08-19T08:23:47","slug":"cest-lete-lecture-intime","status":"publish","type":"post","link":"https:\/\/euapp01.newsmemory.com\/lamarseillaise\/news\/2026\/08\/19\/cest-lete-lecture-intime\/","title":{"rendered":"[C\u2019est l\u2019\u00e9t\u00e9] Lecture : \u00ab Intime \u00bb"},"content":{"rendered":"<div class=\"paragraph\">\n<p>\u00c0 elle, aujourd\u2019hui, de se raconter. Elle, c\u2019est Catherine Ceylac qui, pendant vingt-trois\u00a0ans, a re\u00e7u 1\u00a0752\u00a0\u00e9minents invit\u00e9s sur le plateau de \u00ab\u00a0Th\u00e9 ou Caf\u00e9\u00a0\u00bb, l\u2019un des talk-shows, nous rappelle-t-elle modestement, \u00e0 la plus grande long\u00e9vit\u00e9, et qui, ajouterons-nous, n\u2019a rien \u00e0 envier au canap\u00e9 rouge de Michel Drucker. Ne vous refusez pas la joie de lire cette fine et attachante autobiographie, qui impose le respect et notre admiration. Sa lecture vous accrochera d\u00e8s la premi\u00e8re ligne. Lisez-la car elle est d\u00e9di\u00e9e \u00e0 nous tous qui l\u2019avons \u00e9cout\u00e9e et regard\u00e9e.<\/p>\n<\/p><\/div>\n<div class=\"paragraph\">\n<p><i>Cherche Midi, 20,50 euros<\/i><\/p>\n<\/p><\/div>\n","protected":false},"excerpt":{"rendered":"&Agrave; elle, aujourd&rsquo;hui, de se raconter. Elle, c&rsquo;est Catherine Ceylac qui, pendant vingt-trois&nbsp;ans, a re&ccedil;u 1&nbsp;752&nbsp;&eacute;minents invit&eacute;s sur le plateau de &laquo;&nbsp;Th&eacute; ou &#8230;","protected":false},"author":1,"featured_media":39729,"comment_status":"open","ping_status":"open","sticky":false,"template":"","format":"standard","meta":{"footnotes":""},"categories":[32],"tags":[4176,1229,6085,572,1293,1248,1244,1240],"news-destination":[],"news-source":[475],"is_homepage":[],"ta_other":[],"class_list":["post-39728","post","type-post","status-publish","format-standard","has-post-thumbnail","hentry","category-culture","tag-autobiographie","tag-biographie","tag-cest-lete","tag-france","tag-lecture","tag-livre","tag-livres","tag-television","news-source-website"],"_links":{"self":[{"href":"https:\/\/euapp01.newsmemory.com\/lamarseillaise\/news\/wp-json\/wp\/v2\/posts\/39728","targetHints":{"allow":["GET"]}}],"collection":[{"href":"https:\/\/euapp01.newsmemory.com\/lamarseillaise\/news\/wp-json\/wp\/v2\/posts"}],"about":[{"href":"https:\/\/euapp01.newsmemory.com\/lamarseillaise\/news\/wp-json\/wp\/v2\/types\/post"}],"author":[{"embeddable":true,"href":"https:\/\/euapp01.newsmemory.com\/lamarseillaise\/news\/wp-json\/wp\/v2\/users\/1"}],"replies":[{"embeddable":true,"href":"https:\/\/euapp01.newsmemory.com\/lamarseillaise\/news\/wp-json\/wp\/v2\/comments?post=39728"}],"version-history":[{"count":1,"href":"https:\/\/euapp01.newsmemory.com\/lamarseillaise\/news\/wp-json\/wp\/v2\/posts\/39728\/revisions"}],"predecessor-version":[{"id":39730,"href":"https:\/\/euapp01.newsmemory.com\/lamarseillaise\/news\/wp-json\/wp\/v2\/posts\/39728\/revisions\/39730"}],"wp:featuredmedia":[{"embeddable":true,"href":"https:\/\/euapp01.newsmemory.com\/lamarseillaise\/news\/wp-json\/wp\/v2\/media\/39729"}],"wp:attachment":[{"href":"https:\/\/euapp01.newsmemory.com\/lamarseillaise\/news\/wp-json\/wp\/v2\/media?parent=39728"}],"wp:term":[{"taxonomy":"category","embeddable":true,"href":"https:\/\/euapp01.newsmemory.com\/lamarseillaise\/news\/wp-json\/wp\/v2\/categories?post=39728"},{"taxonomy":"post_tag","embeddable":true,"href":"https:\/\/euapp01.newsmemory.com\/lamarseillaise\/news\/wp-json\/wp\/v2\/tags?post=39728"},{"taxonomy":"news-destination","embeddable":true,"href":"https:\/\/euapp01.newsmemory.com\/lamarseillaise\/news\/wp-json\/wp\/v2\/news-destination?post=39728"},{"taxonomy":"news-source","embeddable":true,"href":"https:\/\/euapp01.newsmemory.com\/lamarseillaise\/news\/wp-json\/wp\/v2\/news-source?post=39728"},{"taxonomy":"is_homepage","embeddable":true,"href":"https:\/\/euapp01.newsmemory.com\/lamarseillaise\/news\/wp-json\/wp\/v2\/is_homepage?post=39728"},{"taxonomy":"ta_other","embeddable":true,"href":"https:\/\/euapp01.newsmemory.com\/lamarseillaise\/news\/wp-json\/wp\/v2\/ta_other?post=39728"}],"curies":[{"name":"wp","href":"https:\/\/api.w.org\/{rel}","templated":true}]}}