{"id":39725,"date":"2026-08-19T09:51:00","date_gmt":"2026-08-19T07:51:00","guid":{"rendered":"https:\/\/euapp01.newsmemory.com\/lamarseillaise\/news\/?p=39725"},"modified":"2026-08-19T10:23:47","modified_gmt":"2026-08-19T08:23:47","slug":"cest-lete-a-marseille-saint-andre-se-jette-a-leau","status":"publish","type":"post","link":"https:\/\/euapp01.newsmemory.com\/lamarseillaise\/news\/2026\/08\/19\/cest-lete-a-marseille-saint-andre-se-jette-a-leau\/","title":{"rendered":"[C\u2019est l\u2019\u00e9t\u00e9] \u00c0 Marseille, Saint-Andr\u00e9 se jette \u00e0 l\u2019eau"},"content":{"rendered":"<div class=\"paragraph\">\n<p>Avec ses 27\u00a0000\u00a0documents pour adultes et enfants elle offre une riche programmation culturelle et des animations vari\u00e9es. Trois dates \u00e0 retenir pour finir l\u2019\u00e9t\u00e9 en fra\u00eecheur, des matin\u00e9es anim\u00e9es par les biblioth\u00e9caires \u00e0 partir de 10h\u00a0: \u00ab\u00a0Jeux d\u2019eau et ateliers cr\u00e9atifs\u00a0\u00bb pour les 2-4 ans, vendredi 21 ao\u00fbt. \u00ab\u00a0Tous \u00e0 l\u2019eau\u00a0\u00bb pour les 0-3\u00a0ans mardi 25 ao\u00fbt. Et \u00ab\u00a0D\u00e9core tons sac ou ta trousse\u00a0\u00bb pour les 6-10 ans vendredi 28\u00a0ao\u00fbt. Sur inscription au\u00a0: 04.13.94.82.00.<\/p>\n<p>Adresse : 6 boulevard Salducci, 13016.<\/p>\n<\/p><\/div>\n","protected":false},"excerpt":{"rendered":"Avec ses 27&nbsp;000&nbsp;documents pour adultes et enfants elle offre une riche programmation culturelle et des animations vari&eacute;es. Trois dates &agrave; retenir pour finir l&rsquo;&eacute;t&eacute; en fra&icirc;cheur, des matin&eacute;es &#8230;","protected":false},"author":1,"featured_media":39726,"comment_status":"open","ping_status":"open","sticky":false,"template":"","format":"standard","meta":{"footnotes":""},"categories":[32],"tags":[130,1995,10,6085,309,57,58,754,2371,1293,1244,16,1940],"news-destination":[],"news-source":[475],"is_homepage":[],"ta_other":[],"class_list":["post-39725","post","type-post","status-publish","format-standard","has-post-thumbnail","hentry","category-culture","tag-ateliers","tag-bibliotheques","tag-bouches-du-rhone","tag-cest-lete","tag-eau","tag-enfants","tag-famille","tag-familles","tag-jeux","tag-lecture","tag-livres","tag-marseille","tag-villages","news-source-website"],"_links":{"self":[{"href":"https:\/\/euapp01.newsmemory.com\/lamarseillaise\/news\/wp-json\/wp\/v2\/posts\/39725","targetHints":{"allow":["GET"]}}],"collection":[{"href":"https:\/\/euapp01.newsmemory.com\/lamarseillaise\/news\/wp-json\/wp\/v2\/posts"}],"about":[{"href":"https:\/\/euapp01.newsmemory.com\/lamarseillaise\/news\/wp-json\/wp\/v2\/types\/post"}],"author":[{"embeddable":true,"href":"https:\/\/euapp01.newsmemory.com\/lamarseillaise\/news\/wp-json\/wp\/v2\/users\/1"}],"replies":[{"embeddable":true,"href":"https:\/\/euapp01.newsmemory.com\/lamarseillaise\/news\/wp-json\/wp\/v2\/comments?post=39725"}],"version-history":[{"count":1,"href":"https:\/\/euapp01.newsmemory.com\/lamarseillaise\/news\/wp-json\/wp\/v2\/posts\/39725\/revisions"}],"predecessor-version":[{"id":39727,"href":"https:\/\/euapp01.newsmemory.com\/lamarseillaise\/news\/wp-json\/wp\/v2\/posts\/39725\/revisions\/39727"}],"wp:featuredmedia":[{"embeddable":true,"href":"https:\/\/euapp01.newsmemory.com\/lamarseillaise\/news\/wp-json\/wp\/v2\/media\/39726"}],"wp:attachment":[{"href":"https:\/\/euapp01.newsmemory.com\/lamarseillaise\/news\/wp-json\/wp\/v2\/media?parent=39725"}],"wp:term":[{"taxonomy":"category","embeddable":true,"href":"https:\/\/euapp01.newsmemory.com\/lamarseillaise\/news\/wp-json\/wp\/v2\/categories?post=39725"},{"taxonomy":"post_tag","embeddable":true,"href":"https:\/\/euapp01.newsmemory.com\/lamarseillaise\/news\/wp-json\/wp\/v2\/tags?post=39725"},{"taxonomy":"news-destination","embeddable":true,"href":"https:\/\/euapp01.newsmemory.com\/lamarseillaise\/news\/wp-json\/wp\/v2\/news-destination?post=39725"},{"taxonomy":"news-source","embeddable":true,"href":"https:\/\/euapp01.newsmemory.com\/lamarseillaise\/news\/wp-json\/wp\/v2\/news-source?post=39725"},{"taxonomy":"is_homepage","embeddable":true,"href":"https:\/\/euapp01.newsmemory.com\/lamarseillaise\/news\/wp-json\/wp\/v2\/is_homepage?post=39725"},{"taxonomy":"ta_other","embeddable":true,"href":"https:\/\/euapp01.newsmemory.com\/lamarseillaise\/news\/wp-json\/wp\/v2\/ta_other?post=39725"}],"curies":[{"name":"wp","href":"https:\/\/api.w.org\/{rel}","templated":true}]}}