{"id":39713,"date":"2026-08-19T10:03:00","date_gmt":"2026-08-19T08:03:00","guid":{"rendered":"https:\/\/euapp01.newsmemory.com\/lamarseillaise\/news\/?p=39713"},"modified":"2026-08-24T08:05:43","modified_gmt":"2026-08-24T06:05:43","slug":"un-enfant-sur-cinq-prive-de-vacances-le-secours-populaire-francais-agit","status":"publish","type":"post","link":"https:\/\/euapp01.newsmemory.com\/lamarseillaise\/news\/2026\/08\/19\/un-enfant-sur-cinq-prive-de-vacances-le-secours-populaire-francais-agit\/","title":{"rendered":"Un enfant sur cinq priv\u00e9 de vacances : le Secours populaire fran\u00e7ais agit"},"content":{"rendered":"<div class=\"paragraph\">\n<p>Un lac, des for\u00eats \u00e0 perte de vue et surtout un endroit loin de la ville. \u00ab<i>\u00a0<\/i><i>Chaque ann\u00e9e, plus d\u2019un enfant sur cinq n\u2019a pas ce droit aux vacances<\/i><i>\u00a0<\/i>\u00bb, rappelle Gilles Loison, secr\u00e9taire f\u00e9d\u00e9ral du Secours populaire de l\u2019H\u00e9rault. C\u2019est tout l\u2019enjeu de la Journ\u00e9e des oubli\u00e9s des vacances (JOV), une op\u00e9ration qui permet, chaque ann\u00e9e, \u00e0 des enfants de six \u00e0 douze ans de s\u2019\u00e9vader le temps d\u2019une journ\u00e9e. \u00ab<i>\u00a0<\/i><i>L\u2019essentiel est qu\u2019ils aient v\u00e9cu quelque chose dont ils puissent parler. C\u2019est pour cela que ces journ\u00e9es se d\u00e9roulent souvent \u00e0 la mer ou \u00e0 la montagne<\/i><i>\u00a0<\/i>\u00bb, explique Gilles Loison. Le site, un espace de loisirs habituellement ouvert au public, sera enti\u00e8rement r\u00e9serv\u00e9 aux enfants du Secours populaire pour l\u2019occasion.<\/p>\n<\/p><\/div>\n<div class=\"intext\"> Les vacances, un luxe pour un Fran\u00e7ais sur trois\n              <\/div>\n<div class=\"paragraph\">\n<p>Au programme\u00a0: activit\u00e9s nautiques, sorties en bateau, accrobranche et de nombreux jeux.<i> <\/i>\u00ab<i>\u00a0<\/i><i>L\u2019objectif est qu\u2019ils passent une journ\u00e9e enti\u00e8rement consacr\u00e9e au plaisir et aux loisirs<\/i>\u00a0\u00bb, r\u00e9sume le secr\u00e9taire f\u00e9d\u00e9ral.<\/p>\n<p>Selon le Credoc (Centre de recherche pour l\u2019\u00e9tude et l\u2019observation des conditions de vie), environ 35% des Fran\u00e7ais ne partiront pas en vacances cet \u00e9t\u00e9. Parmi les plus modestes, la proportion est bien plus \u00e9lev\u00e9e, elle s\u2019\u00e9l\u00e8ve \u00e0 51% des Fran\u00e7ais.<\/p>\n<p>\u00ab<i>\u00a0<\/i><i>Si l\u2019on revient \u00e0 l\u2019Histoire, le droit aux vacances date de 1936. Mais avoir un droit ne signifie pas forc\u00e9ment avoir les moyens d\u2019en profiter. \u00c0 l\u2019\u00e9poque, partir en vacances co\u00fbtait beaucoup moins cher, <\/i>ajoute Gilles Loison.<i> Aujourd\u2019hui, les vacances repr\u00e9sentent une d\u00e9pense importante et elles ne sont plus accessibles \u00e0 tout le monde. Pourtant, elles devraient \u00eatre consid\u00e9r\u00e9es comme un droit fondamental, car elles participent \u00e0 l\u2019\u00e9veil des enfants et sont essentielles \u00e0 leur d\u00e9veloppement<\/i><i>\u00a0<\/i>\u00bb, estime-t-il. Pour mener \u00e0 bien cette journ\u00e9e, la f\u00e9d\u00e9ration cherche encore de nouveaux b\u00e9n\u00e9voles\u00a0: une dizaine \u00e0 une quinzaine de volontaires suppl\u00e9mentaires seraient les bienvenus, tout comme des dons financiers. Ces derniers permettent de financer le transport en bus, les repas, les go\u00fbters et une partie des activit\u00e9s propos\u00e9es aux enfants, pour de prochains \u00e9v\u00e9nements.<\/p>\n<\/p><\/div>\n","protected":false},"excerpt":{"rendered":"Un lac, des for&ecirc;ts &agrave; perte de vue et surtout un endroit loin de la ville. &laquo;&nbsp;Chaque ann&eacute;e, plus d&rsquo;un enfant sur cinq n&rsquo;a pas ce droit aux vacances&nbsp;&raquo;, rappelle Gilles Loison, secr&eacute;taire &#8230;","protected":false},"author":1,"featured_media":39714,"comment_status":"open","ping_status":"open","sticky":false,"template":"","format":"standard","meta":{"footnotes":""},"categories":[3926,3925,331,20],"tags":[57,239,55,284,185,271,912,1361],"news-destination":[3944],"news-source":[475],"is_homepage":[],"ta_other":[],"class_list":["post-39713","post","type-post","status-publish","format-standard","has-post-thumbnail","hentry","category-accueil-merge","category-accueil-third","category-social","category-societe","tag-enfants","tag-herault","tag-loisirs","tag-occitanie","tag-precaires","tag-precarite","tag-secours-populaire","tag-vacances","news-destination-homepage","news-source-website"],"_links":{"self":[{"href":"https:\/\/euapp01.newsmemory.com\/lamarseillaise\/news\/wp-json\/wp\/v2\/posts\/39713","targetHints":{"allow":["GET"]}}],"collection":[{"href":"https:\/\/euapp01.newsmemory.com\/lamarseillaise\/news\/wp-json\/wp\/v2\/posts"}],"about":[{"href":"https:\/\/euapp01.newsmemory.com\/lamarseillaise\/news\/wp-json\/wp\/v2\/types\/post"}],"author":[{"embeddable":true,"href":"https:\/\/euapp01.newsmemory.com\/lamarseillaise\/news\/wp-json\/wp\/v2\/users\/1"}],"replies":[{"embeddable":true,"href":"https:\/\/euapp01.newsmemory.com\/lamarseillaise\/news\/wp-json\/wp\/v2\/comments?post=39713"}],"version-history":[{"count":1,"href":"https:\/\/euapp01.newsmemory.com\/lamarseillaise\/news\/wp-json\/wp\/v2\/posts\/39713\/revisions"}],"predecessor-version":[{"id":39715,"href":"https:\/\/euapp01.newsmemory.com\/lamarseillaise\/news\/wp-json\/wp\/v2\/posts\/39713\/revisions\/39715"}],"wp:featuredmedia":[{"embeddable":true,"href":"https:\/\/euapp01.newsmemory.com\/lamarseillaise\/news\/wp-json\/wp\/v2\/media\/39714"}],"wp:attachment":[{"href":"https:\/\/euapp01.newsmemory.com\/lamarseillaise\/news\/wp-json\/wp\/v2\/media?parent=39713"}],"wp:term":[{"taxonomy":"category","embeddable":true,"href":"https:\/\/euapp01.newsmemory.com\/lamarseillaise\/news\/wp-json\/wp\/v2\/categories?post=39713"},{"taxonomy":"post_tag","embeddable":true,"href":"https:\/\/euapp01.newsmemory.com\/lamarseillaise\/news\/wp-json\/wp\/v2\/tags?post=39713"},{"taxonomy":"news-destination","embeddable":true,"href":"https:\/\/euapp01.newsmemory.com\/lamarseillaise\/news\/wp-json\/wp\/v2\/news-destination?post=39713"},{"taxonomy":"news-source","embeddable":true,"href":"https:\/\/euapp01.newsmemory.com\/lamarseillaise\/news\/wp-json\/wp\/v2\/news-source?post=39713"},{"taxonomy":"is_homepage","embeddable":true,"href":"https:\/\/euapp01.newsmemory.com\/lamarseillaise\/news\/wp-json\/wp\/v2\/is_homepage?post=39713"},{"taxonomy":"ta_other","embeddable":true,"href":"https:\/\/euapp01.newsmemory.com\/lamarseillaise\/news\/wp-json\/wp\/v2\/ta_other?post=39713"}],"curies":[{"name":"wp","href":"https:\/\/api.w.org\/{rel}","templated":true}]}}