{"id":39707,"date":"2026-08-19T09:37:00","date_gmt":"2026-08-19T07:37:00","guid":{"rendered":"https:\/\/euapp01.newsmemory.com\/lamarseillaise\/news\/?p=39707"},"modified":"2026-08-24T07:52:36","modified_gmt":"2026-08-24T05:52:36","slug":"cest-lete-a-la-gavotte-peyret-on-cultive-la-vie-de-quartier","status":"publish","type":"post","link":"https:\/\/euapp01.newsmemory.com\/lamarseillaise\/news\/2026\/08\/19\/cest-lete-a-la-gavotte-peyret-on-cultive-la-vie-de-quartier\/","title":{"rendered":"[C\u2019est l\u2019\u00e9t\u00e9] \u00c0 la Gavotte Peyret, on cultive la vie de quartier"},"content":{"rendered":"<div class=\"paragraph\">\n<p>Quand on arrive dans la r\u00e9sidence de la Gavotte Peyret, le centre social ne s\u2019aper\u00e7oit pas du premier coup d\u2019\u0153il, mais tous les habitants savent o\u00f9 il est. Car il est au c\u0153ur du quartier, au sens litt\u00e9ral et figur\u00e9, et en particulier l\u2019\u00e9t\u00e9.<\/p>\n<p>Cr\u00e9\u00e9 en 1983, dans un quartier prioritaire de la ville, le centre a toujours \u00e9t\u00e9 ouvert l\u2019\u00e9t\u00e9 et permet aux jeunes et aux moins jeunes de s\u2019occuper pendant ces deux longs mois. Car si le centre social s\u2019occupe de la jeunesse, les seniors ne sont pas laiss\u00e9s-pour-compte.<\/p>\n<p>\u00ab\u00a0<i>Il y a de plus en plus de personnes \u00e2g\u00e9es qui sont isol\u00e9es et qui ne vont pas dans les structures traditionnelles comme les maisons du bel \u00e2ge<\/i>\u00a0\u00bb, explique Djelloul Ouaret, directeur du centre social. Des sorties ou des caf\u00e9s interg\u00e9n\u00e9rationnels sont organis\u00e9s sp\u00e9cialement pour eux. Cette semaine ce sont d\u2019ailleurs les a\u00een\u00e9s qui sont partis en s\u00e9jour dans les Pyr\u00e9n\u00e9es.<\/p>\n<p>Les minots ne sont pas pour autant en reste. Cette ann\u00e9e, ils sont 81 \u00e0 \u00eatre partis en vacances\u00a0: les pr\u00e9ados dans les Alpes et les adolescents \u00e0 c\u00f4t\u00e9 du Cap d\u2019Adge. Pour s\u2019y inscrire, les int\u00e9ress\u00e9s doivent s\u2019investir une semaine au service de leur quartier, en participant \u00e0 des actions de ramassage de d\u00e9chets ou repeindre des graffs. Gr\u00e2ce \u00e0 cela, ils peuvent partir en s\u00e9jour pour 20 ou 30 euros.<\/p>\n<\/p><\/div>\n<div class=\"intext\"> S\u2019approprier le quartier et voyager\n              <\/div>\n<div class=\"paragraph\">\n<p>Des s\u00e9jours qui ont permis \u00e0 Emma, Hyliaa, Zahra et Jenna, 11 ans, de partir quelques jours. \u00ab\u00a0<i>Ce que j\u2019ai pr\u00e9f\u00e9r\u00e9 c\u2019est le rafting, c\u2019\u00e9tait la premi\u00e8re fois que j\u2019en faisais<\/i>\u00a0\u00bb, sourit Emma. Les quatre copines viennent tous les jours au centre social \u00ab<i>\u00a0<\/i><i>parce qu\u2019on fait plein de choses<\/i><i>\u00a0<\/i><i>: on est all\u00e9 au Lac de Peyrolles, aux iles du Frioul, \u00e0 wave land et aqualand<\/i>\u00a0\u00bb, explique Hyliaa. Mais c\u2019est aussi dans le quartier que les jeunes s\u2019investissent\u00a0: en faisant des fresques, des jardins partag\u00e9s ou des nids pour chauve-souris.<\/p>\n<p>Aujourd\u2019hui, c\u2019est pour faire des cr\u00eapes et des g\u00e2teaux qu\u2019elles sont venues. Des p\u00e2tisseries qui seront ensuite distribu\u00e9es aux habitants pendant le cin\u00e9ma en plein air organis\u00e9 le soir m\u00eame. Un \u00e9v\u00e9nement loin d\u2019\u00eatre isol\u00e9, puisque depuis le d\u00e9but des vacances le centre organise r\u00e9guli\u00e8rement des soir\u00e9es pour tout le voisinage.<\/p>\n<p>Une fa\u00e7on pour les jeunes de s\u2019approprier leur quartier. Mais le centre les pousse aussi \u00e0 la mobilit\u00e9. \u00ab\u00a0<i>L\u2019id\u00e9e pour nous, c\u2019est de faire d\u00e9couvrir d\u2019autres lieux, car on n\u2019est pas assign\u00e9s \u00e0 r\u00e9sidence<\/i><i>\u00a0<\/i>\u00bb, insiste Djelloul Ouaret. Cet \u00e9t\u00e9 ils sont neuf de 15 \u00e0 17 ans \u00e0 \u00eatre partis en Tunisie pour visiter Hammamet et Tunis et pour aider \u00e0 l\u2019entretien d\u2019une palmeraie pendant plusieurs jours. Un projet qui a motiv\u00e9 les jeunes durant neuf mois o\u00f9 il a fallu vendre des cr\u00eapes et frapper \u00e0 de nombreuses portes pour trouver les financements.<\/p>\n<p>La structure aide aussi les majeurs \u00e0 partir en voyage. \u00ab\u00a0<i>Les jeunes de 18 \u00e0 25 ans doivent monter un dossier, puis on les aide \u00e0 faire les demandes de bourses europ\u00e9ennes pour la mobilit\u00e9,<\/i> explique le directeur. <i>Car souvent ils ne savent pas que \u00e7a existe, et les seuls qui en profitent sont les \u00e9tudiants qui voyagent d\u00e9j\u00e0.<\/i>\u00a0\u00bb Cet \u00e9t\u00e9 cinq groupes de trois ou quatre ont pu partir en autonomie.<\/p>\n<p>Un moyen pour Djelloul Ouaret de leur montrer qu\u2019eux aussi ont le droit de voyager.<\/p>\n<\/p><\/div>\n","protected":false},"excerpt":{"rendered":"Quand on arrive dans la r&eacute;sidence de la Gavotte Peyret, le centre social ne s&rsquo;aper&ccedil;oit pas du premier coup d&rsquo;&oelig;il, mais tous les habitants savent o&ugrave; il est. Car il est au c&oelig;ur du quartier, au sens &#8230;","protected":false},"author":1,"featured_media":39708,"comment_status":"open","ping_status":"open","sticky":false,"template":"","format":"standard","meta":{"footnotes":""},"categories":[3926,3925,20],"tags":[100,10,2192,6085,501,1774,35,336,59,1063,1943,1526,2047,2602,1361,3645,2145],"news-destination":[3944],"news-source":[475],"is_homepage":[],"ta_other":[],"class_list":["post-39707","post","type-post","status-publish","format-standard","has-post-thumbnail","hentry","category-accueil-merge","category-accueil-third","category-societe","tag-activites","tag-bouches-du-rhone","tag-bourses","tag-cest-lete","tag-centre-social","tag-centres-sociaux","tag-culture","tag-ete","tag-jeunes","tag-jeunesse","tag-personnes-agees","tag-quartier-prioritaire","tag-septemes-les-vallons","tag-sorties","tag-vacances","tag-vie-de-quartier","tag-voyage","news-destination-homepage","news-source-website"],"_links":{"self":[{"href":"https:\/\/euapp01.newsmemory.com\/lamarseillaise\/news\/wp-json\/wp\/v2\/posts\/39707","targetHints":{"allow":["GET"]}}],"collection":[{"href":"https:\/\/euapp01.newsmemory.com\/lamarseillaise\/news\/wp-json\/wp\/v2\/posts"}],"about":[{"href":"https:\/\/euapp01.newsmemory.com\/lamarseillaise\/news\/wp-json\/wp\/v2\/types\/post"}],"author":[{"embeddable":true,"href":"https:\/\/euapp01.newsmemory.com\/lamarseillaise\/news\/wp-json\/wp\/v2\/users\/1"}],"replies":[{"embeddable":true,"href":"https:\/\/euapp01.newsmemory.com\/lamarseillaise\/news\/wp-json\/wp\/v2\/comments?post=39707"}],"version-history":[{"count":1,"href":"https:\/\/euapp01.newsmemory.com\/lamarseillaise\/news\/wp-json\/wp\/v2\/posts\/39707\/revisions"}],"predecessor-version":[{"id":39709,"href":"https:\/\/euapp01.newsmemory.com\/lamarseillaise\/news\/wp-json\/wp\/v2\/posts\/39707\/revisions\/39709"}],"wp:featuredmedia":[{"embeddable":true,"href":"https:\/\/euapp01.newsmemory.com\/lamarseillaise\/news\/wp-json\/wp\/v2\/media\/39708"}],"wp:attachment":[{"href":"https:\/\/euapp01.newsmemory.com\/lamarseillaise\/news\/wp-json\/wp\/v2\/media?parent=39707"}],"wp:term":[{"taxonomy":"category","embeddable":true,"href":"https:\/\/euapp01.newsmemory.com\/lamarseillaise\/news\/wp-json\/wp\/v2\/categories?post=39707"},{"taxonomy":"post_tag","embeddable":true,"href":"https:\/\/euapp01.newsmemory.com\/lamarseillaise\/news\/wp-json\/wp\/v2\/tags?post=39707"},{"taxonomy":"news-destination","embeddable":true,"href":"https:\/\/euapp01.newsmemory.com\/lamarseillaise\/news\/wp-json\/wp\/v2\/news-destination?post=39707"},{"taxonomy":"news-source","embeddable":true,"href":"https:\/\/euapp01.newsmemory.com\/lamarseillaise\/news\/wp-json\/wp\/v2\/news-source?post=39707"},{"taxonomy":"is_homepage","embeddable":true,"href":"https:\/\/euapp01.newsmemory.com\/lamarseillaise\/news\/wp-json\/wp\/v2\/is_homepage?post=39707"},{"taxonomy":"ta_other","embeddable":true,"href":"https:\/\/euapp01.newsmemory.com\/lamarseillaise\/news\/wp-json\/wp\/v2\/ta_other?post=39707"}],"curies":[{"name":"wp","href":"https:\/\/api.w.org\/{rel}","templated":true}]}}