{"id":39701,"date":"2026-08-19T09:20:00","date_gmt":"2026-08-19T07:20:00","guid":{"rendered":"https:\/\/euapp01.newsmemory.com\/lamarseillaise\/news\/?p=39701"},"modified":"2026-08-19T10:09:43","modified_gmt":"2026-08-19T08:09:43","slug":"cest-lete-soiree-festive-a-la-ciotat","status":"publish","type":"post","link":"https:\/\/euapp01.newsmemory.com\/lamarseillaise\/news\/2026\/08\/19\/cest-lete-soiree-festive-a-la-ciotat\/","title":{"rendered":"[C\u2019est l\u2019\u00e9t\u00e9] Soir\u00e9e festive \u00e0 La Ciotat"},"content":{"rendered":"<div class=\"paragraph\">\n<p>\u00c0 21h15, il y aura une p\u00e9goulade, le traditionnel cort\u00e8ge inaugural d\u2019une feria incluant une parade de char, cavaliers et fanfares. Ce sera suivi d\u2019un d\u00e9fil\u00e9 aux lampions sur le port vieux. La soir\u00e9e se termine par un concert du groupe Eden Age, place de l\u2019Escalet \u00e0 22h15.<\/p>\n<p><b>G.C.<\/b><\/p>\n<p><i>La soir\u00e9e est enti\u00e8rement gratuite et accessible \u00e0 tous. Les votives se terminent le 23<\/i><i>\u00a0<\/i><i>ao\u00fbt.<\/i><\/p>\n<\/p><\/div>\n","protected":false},"excerpt":{"rendered":"&Agrave; 21h15, il y aura une p&eacute;goulade, le traditionnel cort&egrave;ge inaugural d&rsquo;une feria incluant une parade de char, cavaliers et fanfares. Ce sera suivi d&rsquo;un d&eacute;fil&eacute; aux lampions sur le port vieux. La &#8230;","protected":false},"author":1,"featured_media":39702,"comment_status":"open","ping_status":"open","sticky":false,"template":"","format":"standard","meta":{"footnotes":""},"categories":[20],"tags":[10,6085,683,329,980,3649,743,55,2156],"news-destination":[],"news-source":[475],"is_homepage":[],"ta_other":[],"class_list":["post-39701","post","type-post","status-publish","format-standard","has-post-thumbnail","hentry","category-societe","tag-bouches-du-rhone","tag-cest-lete","tag-feria","tag-festival","tag-fetes","tag-fetes-votives","tag-la-ciotat","tag-loisirs","tag-parade","news-source-website"],"_links":{"self":[{"href":"https:\/\/euapp01.newsmemory.com\/lamarseillaise\/news\/wp-json\/wp\/v2\/posts\/39701","targetHints":{"allow":["GET"]}}],"collection":[{"href":"https:\/\/euapp01.newsmemory.com\/lamarseillaise\/news\/wp-json\/wp\/v2\/posts"}],"about":[{"href":"https:\/\/euapp01.newsmemory.com\/lamarseillaise\/news\/wp-json\/wp\/v2\/types\/post"}],"author":[{"embeddable":true,"href":"https:\/\/euapp01.newsmemory.com\/lamarseillaise\/news\/wp-json\/wp\/v2\/users\/1"}],"replies":[{"embeddable":true,"href":"https:\/\/euapp01.newsmemory.com\/lamarseillaise\/news\/wp-json\/wp\/v2\/comments?post=39701"}],"version-history":[{"count":1,"href":"https:\/\/euapp01.newsmemory.com\/lamarseillaise\/news\/wp-json\/wp\/v2\/posts\/39701\/revisions"}],"predecessor-version":[{"id":39703,"href":"https:\/\/euapp01.newsmemory.com\/lamarseillaise\/news\/wp-json\/wp\/v2\/posts\/39701\/revisions\/39703"}],"wp:featuredmedia":[{"embeddable":true,"href":"https:\/\/euapp01.newsmemory.com\/lamarseillaise\/news\/wp-json\/wp\/v2\/media\/39702"}],"wp:attachment":[{"href":"https:\/\/euapp01.newsmemory.com\/lamarseillaise\/news\/wp-json\/wp\/v2\/media?parent=39701"}],"wp:term":[{"taxonomy":"category","embeddable":true,"href":"https:\/\/euapp01.newsmemory.com\/lamarseillaise\/news\/wp-json\/wp\/v2\/categories?post=39701"},{"taxonomy":"post_tag","embeddable":true,"href":"https:\/\/euapp01.newsmemory.com\/lamarseillaise\/news\/wp-json\/wp\/v2\/tags?post=39701"},{"taxonomy":"news-destination","embeddable":true,"href":"https:\/\/euapp01.newsmemory.com\/lamarseillaise\/news\/wp-json\/wp\/v2\/news-destination?post=39701"},{"taxonomy":"news-source","embeddable":true,"href":"https:\/\/euapp01.newsmemory.com\/lamarseillaise\/news\/wp-json\/wp\/v2\/news-source?post=39701"},{"taxonomy":"is_homepage","embeddable":true,"href":"https:\/\/euapp01.newsmemory.com\/lamarseillaise\/news\/wp-json\/wp\/v2\/is_homepage?post=39701"},{"taxonomy":"ta_other","embeddable":true,"href":"https:\/\/euapp01.newsmemory.com\/lamarseillaise\/news\/wp-json\/wp\/v2\/ta_other?post=39701"}],"curies":[{"name":"wp","href":"https:\/\/api.w.org\/{rel}","templated":true}]}}