{"id":39698,"date":"2026-08-19T09:25:00","date_gmt":"2026-08-19T07:25:00","guid":{"rendered":"https:\/\/euapp01.newsmemory.com\/lamarseillaise\/news\/?p=39698"},"modified":"2026-08-19T10:09:43","modified_gmt":"2026-08-19T08:09:43","slug":"cest-lete-visite-dun-atelier-de-santons-a-aubagne","status":"publish","type":"post","link":"https:\/\/euapp01.newsmemory.com\/lamarseillaise\/news\/2026\/08\/19\/cest-lete-visite-dun-atelier-de-santons-a-aubagne\/","title":{"rendered":"[C\u2019est l\u2019\u00e9t\u00e9] Visite d\u2019un atelier de santons \u00e0 Aubagne"},"content":{"rendered":"<div class=\"paragraph\">\n<p>\u00ab <i>C<\/i><i>e sont ma tante et mes parents qui ont cr\u00e9\u00e9 l\u2019entreprise, d\u2019abord nous \u00e9tions \u00e0 Marseille, puis, maintenant, \u00e0 Aubagne, depuis 1976 nous fabriquons des santons<\/i><i>\u00a0<\/i>\u00bb,<i> <\/i>d\u00e9clare Didier Coulomb, fier du savoir-faire familial. V\u00e9ritable patrimoine proven\u00e7al, les petites figurines de terre cuite sont aujourd\u2019hui produites par Didier et 5 autres artisans dans cet atelier.<\/p>\n<p>Cr\u00e9ation du santon, fabrication du moule jusqu\u2019\u00e0 la peinture et l\u2019habillage, tout est fait de leurs mains. Pour d\u00e9couvrir ce savoir-faire, l\u2019atelier vous est ouvert tous les mardis et jeudis \u00e0 14h pour une visite guid\u00e9e d\u2019une heure. L\u2019entr\u00e9e \u00e0 6\u00a0euros pour les plus de douze ans et 5\u00a0euros pour les plus jeunes comprend \u00e9galement l\u2019acc\u00e8s \u00e0 un mus\u00e9e compos\u00e9 de plus de 400\u00a0pi\u00e8ces uniques de santons bibliques, proven\u00e7aux et historiques dont certains remontent jusqu\u2019au XIX<sup>e<\/sup>\u00a0si\u00e8cle. Le mus\u00e9e \u00e0 lui seul est gratuit le lundi et peut \u00eatre visit\u00e9 du lundi au vendredi de 9h \u00e0 17h. L\u2019\u00e9tablissement dans son int\u00e9gralit\u00e9 est accessible aux personnes en situation de handicap. plus d\u2019informations sont disponibles sur le site de l\u2019office de tourisme d\u2019Aubagne.<\/p>\n<\/p><\/div>\n","protected":false},"excerpt":{"rendered":"&laquo; Ce sont ma tante et mes parents qui ont cr&eacute;&eacute; l&rsquo;entreprise, d&rsquo;abord nous &eacute;tions &agrave; Marseille, puis, maintenant, &agrave; Aubagne, depuis 1976 nous fabriquons des santons&nbsp;&raquo;, d&eacute;clare &#8230;","protected":false},"author":1,"featured_media":39699,"comment_status":"open","ping_status":"open","sticky":false,"template":"","format":"standard","meta":{"footnotes":""},"categories":[20],"tags":[1881,130,493,10,6085,58,1083,153,1662,895,2331,1885,2602],"news-destination":[],"news-source":[475],"is_homepage":[],"ta_other":[],"class_list":["post-39698","post","type-post","status-publish","format-standard","has-post-thumbnail","hentry","category-societe","tag-artisanat","tag-ateliers","tag-aubagne","tag-bouches-du-rhone","tag-cest-lete","tag-famille","tag-gratuit","tag-musee","tag-office-de-tourisme","tag-provence","tag-santons","tag-savoir-faire","tag-sorties","news-source-website"],"_links":{"self":[{"href":"https:\/\/euapp01.newsmemory.com\/lamarseillaise\/news\/wp-json\/wp\/v2\/posts\/39698","targetHints":{"allow":["GET"]}}],"collection":[{"href":"https:\/\/euapp01.newsmemory.com\/lamarseillaise\/news\/wp-json\/wp\/v2\/posts"}],"about":[{"href":"https:\/\/euapp01.newsmemory.com\/lamarseillaise\/news\/wp-json\/wp\/v2\/types\/post"}],"author":[{"embeddable":true,"href":"https:\/\/euapp01.newsmemory.com\/lamarseillaise\/news\/wp-json\/wp\/v2\/users\/1"}],"replies":[{"embeddable":true,"href":"https:\/\/euapp01.newsmemory.com\/lamarseillaise\/news\/wp-json\/wp\/v2\/comments?post=39698"}],"version-history":[{"count":1,"href":"https:\/\/euapp01.newsmemory.com\/lamarseillaise\/news\/wp-json\/wp\/v2\/posts\/39698\/revisions"}],"predecessor-version":[{"id":39700,"href":"https:\/\/euapp01.newsmemory.com\/lamarseillaise\/news\/wp-json\/wp\/v2\/posts\/39698\/revisions\/39700"}],"wp:featuredmedia":[{"embeddable":true,"href":"https:\/\/euapp01.newsmemory.com\/lamarseillaise\/news\/wp-json\/wp\/v2\/media\/39699"}],"wp:attachment":[{"href":"https:\/\/euapp01.newsmemory.com\/lamarseillaise\/news\/wp-json\/wp\/v2\/media?parent=39698"}],"wp:term":[{"taxonomy":"category","embeddable":true,"href":"https:\/\/euapp01.newsmemory.com\/lamarseillaise\/news\/wp-json\/wp\/v2\/categories?post=39698"},{"taxonomy":"post_tag","embeddable":true,"href":"https:\/\/euapp01.newsmemory.com\/lamarseillaise\/news\/wp-json\/wp\/v2\/tags?post=39698"},{"taxonomy":"news-destination","embeddable":true,"href":"https:\/\/euapp01.newsmemory.com\/lamarseillaise\/news\/wp-json\/wp\/v2\/news-destination?post=39698"},{"taxonomy":"news-source","embeddable":true,"href":"https:\/\/euapp01.newsmemory.com\/lamarseillaise\/news\/wp-json\/wp\/v2\/news-source?post=39698"},{"taxonomy":"is_homepage","embeddable":true,"href":"https:\/\/euapp01.newsmemory.com\/lamarseillaise\/news\/wp-json\/wp\/v2\/is_homepage?post=39698"},{"taxonomy":"ta_other","embeddable":true,"href":"https:\/\/euapp01.newsmemory.com\/lamarseillaise\/news\/wp-json\/wp\/v2\/ta_other?post=39698"}],"curies":[{"name":"wp","href":"https:\/\/api.w.org\/{rel}","templated":true}]}}