{"id":39689,"date":"2026-08-19T09:14:00","date_gmt":"2026-08-19T07:14:00","guid":{"rendered":"https:\/\/euapp01.newsmemory.com\/lamarseillaise\/news\/?p=39689"},"modified":"2026-08-19T10:09:43","modified_gmt":"2026-08-19T08:09:43","slug":"cest-lete-des-contes-en-musique-a-la-garde","status":"publish","type":"post","link":"https:\/\/euapp01.newsmemory.com\/lamarseillaise\/news\/2026\/08\/19\/cest-lete-des-contes-en-musique-a-la-garde\/","title":{"rendered":"[C\u2019est l\u2019\u00e9t\u00e9] Des contes en musique \u00e0 La Garde"},"content":{"rendered":"<div class=\"paragraph\">\n<p>La compagnie Zyane a mis en musique \u00ab\u00a0<i>Les bas des flamants<\/i>\u00a0\u00bb, un r\u00e9cit venu d\u2019Am\u00e9rique du Sud. \u00ab\u00a0<i>La tricoteuse de mots<\/i>\u00a0\u00bb, un conte du Moyen-Orient, est r\u00e9cit\u00e9 par une com\u00e9dienne en duo avec un musicien. La soir\u00e9e sera conclue avec une histoire qu\u00e9b\u00e9coise.<\/p>\n<p><b>G.C.<\/b><\/p>\n<p><i>19h30, prix en acc\u00e8s libre.<\/i><\/p>\n<\/p><\/div>\n","protected":false},"excerpt":{"rendered":"La compagnie Zyane a mis en musique &laquo;&nbsp;Les bas des flamants&nbsp;&raquo;, un r&eacute;cit venu d&rsquo;Am&eacute;rique du Sud. &laquo;&nbsp;La tricoteuse de mots&nbsp;&raquo;, un conte du Moyen-Orient, est r&eacute;cit&eacute; par une &#8230;","protected":false},"author":1,"featured_media":39690,"comment_status":"open","ping_status":"open","sticky":false,"template":"","format":"standard","meta":{"footnotes":""},"categories":[32],"tags":[6085,2421,350,2812,325,6207,3391,2938,31],"news-destination":[],"news-source":[475],"is_homepage":[],"ta_other":[],"class_list":["post-39689","post","type-post","status-publish","format-standard","has-post-thumbnail","hentry","category-culture","tag-cest-lete","tag-contes","tag-la-garde","tag-moyen-orient","tag-musique","tag-nocturne","tag-nuit","tag-recit","tag-var","news-source-website"],"_links":{"self":[{"href":"https:\/\/euapp01.newsmemory.com\/lamarseillaise\/news\/wp-json\/wp\/v2\/posts\/39689","targetHints":{"allow":["GET"]}}],"collection":[{"href":"https:\/\/euapp01.newsmemory.com\/lamarseillaise\/news\/wp-json\/wp\/v2\/posts"}],"about":[{"href":"https:\/\/euapp01.newsmemory.com\/lamarseillaise\/news\/wp-json\/wp\/v2\/types\/post"}],"author":[{"embeddable":true,"href":"https:\/\/euapp01.newsmemory.com\/lamarseillaise\/news\/wp-json\/wp\/v2\/users\/1"}],"replies":[{"embeddable":true,"href":"https:\/\/euapp01.newsmemory.com\/lamarseillaise\/news\/wp-json\/wp\/v2\/comments?post=39689"}],"version-history":[{"count":1,"href":"https:\/\/euapp01.newsmemory.com\/lamarseillaise\/news\/wp-json\/wp\/v2\/posts\/39689\/revisions"}],"predecessor-version":[{"id":39691,"href":"https:\/\/euapp01.newsmemory.com\/lamarseillaise\/news\/wp-json\/wp\/v2\/posts\/39689\/revisions\/39691"}],"wp:featuredmedia":[{"embeddable":true,"href":"https:\/\/euapp01.newsmemory.com\/lamarseillaise\/news\/wp-json\/wp\/v2\/media\/39690"}],"wp:attachment":[{"href":"https:\/\/euapp01.newsmemory.com\/lamarseillaise\/news\/wp-json\/wp\/v2\/media?parent=39689"}],"wp:term":[{"taxonomy":"category","embeddable":true,"href":"https:\/\/euapp01.newsmemory.com\/lamarseillaise\/news\/wp-json\/wp\/v2\/categories?post=39689"},{"taxonomy":"post_tag","embeddable":true,"href":"https:\/\/euapp01.newsmemory.com\/lamarseillaise\/news\/wp-json\/wp\/v2\/tags?post=39689"},{"taxonomy":"news-destination","embeddable":true,"href":"https:\/\/euapp01.newsmemory.com\/lamarseillaise\/news\/wp-json\/wp\/v2\/news-destination?post=39689"},{"taxonomy":"news-source","embeddable":true,"href":"https:\/\/euapp01.newsmemory.com\/lamarseillaise\/news\/wp-json\/wp\/v2\/news-source?post=39689"},{"taxonomy":"is_homepage","embeddable":true,"href":"https:\/\/euapp01.newsmemory.com\/lamarseillaise\/news\/wp-json\/wp\/v2\/is_homepage?post=39689"},{"taxonomy":"ta_other","embeddable":true,"href":"https:\/\/euapp01.newsmemory.com\/lamarseillaise\/news\/wp-json\/wp\/v2\/ta_other?post=39689"}],"curies":[{"name":"wp","href":"https:\/\/api.w.org\/{rel}","templated":true}]}}