{"id":39686,"date":"2026-08-19T09:17:00","date_gmt":"2026-08-19T07:17:00","guid":{"rendered":"https:\/\/euapp01.newsmemory.com\/lamarseillaise\/news\/?p=39686"},"modified":"2026-08-19T10:09:43","modified_gmt":"2026-08-19T08:09:43","slug":"cest-lete-atelier-dart-a-quinson","status":"publish","type":"post","link":"https:\/\/euapp01.newsmemory.com\/lamarseillaise\/news\/2026\/08\/19\/cest-lete-atelier-dart-a-quinson\/","title":{"rendered":"[C\u2019est l\u2019\u00e9t\u00e9] Atelier d\u2019art \u00e0 Quinson"},"content":{"rendered":"<div class=\"paragraph\">\n<p>Les participants r\u00e9aliseront leur propre fresque \u00e0 partir d\u2019outils et de techniques inspir\u00e9s de l\u2019\u00e9poque, en s\u2019inspirant des chefs-d\u2019\u0153uvre des grottes orn\u00e9es.<\/p>\n<p><b>G.C.<\/b><\/p>\n<p><i>\u00c0 partir de 3 ans, sur r\u00e9servation de 14h30 \u00e0 15h30.<\/i><\/p>\n<\/p><\/div>\n","protected":false},"excerpt":{"rendered":"Les participants r&eacute;aliseront leur propre fresque &agrave; partir d&rsquo;outils et de techniques inspir&eacute;s de l&rsquo;&eacute;poque, en s&rsquo;inspirant des chefs-d&rsquo;&oelig;uvre des grottes orn&eacute;es. G.C.&Agrave; partir de 3 &#8230;","protected":false},"author":1,"featured_media":39687,"comment_status":"open","ping_status":"open","sticky":false,"template":"","format":"standard","meta":{"footnotes":""},"categories":[32],"tags":[4768,4467,130,6085,57,55,798,153,2034,1796],"news-destination":[],"news-source":[475],"is_homepage":[],"ta_other":[],"class_list":["post-39686","post","type-post","status-publish","format-standard","has-post-thumbnail","hentry","category-culture","tag-alpes","tag-alpes-de-haute-provence","tag-ateliers","tag-cest-lete","tag-enfants","tag-loisirs","tag-mediation","tag-musee","tag-musees","tag-prehistoire","news-source-website"],"_links":{"self":[{"href":"https:\/\/euapp01.newsmemory.com\/lamarseillaise\/news\/wp-json\/wp\/v2\/posts\/39686","targetHints":{"allow":["GET"]}}],"collection":[{"href":"https:\/\/euapp01.newsmemory.com\/lamarseillaise\/news\/wp-json\/wp\/v2\/posts"}],"about":[{"href":"https:\/\/euapp01.newsmemory.com\/lamarseillaise\/news\/wp-json\/wp\/v2\/types\/post"}],"author":[{"embeddable":true,"href":"https:\/\/euapp01.newsmemory.com\/lamarseillaise\/news\/wp-json\/wp\/v2\/users\/1"}],"replies":[{"embeddable":true,"href":"https:\/\/euapp01.newsmemory.com\/lamarseillaise\/news\/wp-json\/wp\/v2\/comments?post=39686"}],"version-history":[{"count":1,"href":"https:\/\/euapp01.newsmemory.com\/lamarseillaise\/news\/wp-json\/wp\/v2\/posts\/39686\/revisions"}],"predecessor-version":[{"id":39688,"href":"https:\/\/euapp01.newsmemory.com\/lamarseillaise\/news\/wp-json\/wp\/v2\/posts\/39686\/revisions\/39688"}],"wp:featuredmedia":[{"embeddable":true,"href":"https:\/\/euapp01.newsmemory.com\/lamarseillaise\/news\/wp-json\/wp\/v2\/media\/39687"}],"wp:attachment":[{"href":"https:\/\/euapp01.newsmemory.com\/lamarseillaise\/news\/wp-json\/wp\/v2\/media?parent=39686"}],"wp:term":[{"taxonomy":"category","embeddable":true,"href":"https:\/\/euapp01.newsmemory.com\/lamarseillaise\/news\/wp-json\/wp\/v2\/categories?post=39686"},{"taxonomy":"post_tag","embeddable":true,"href":"https:\/\/euapp01.newsmemory.com\/lamarseillaise\/news\/wp-json\/wp\/v2\/tags?post=39686"},{"taxonomy":"news-destination","embeddable":true,"href":"https:\/\/euapp01.newsmemory.com\/lamarseillaise\/news\/wp-json\/wp\/v2\/news-destination?post=39686"},{"taxonomy":"news-source","embeddable":true,"href":"https:\/\/euapp01.newsmemory.com\/lamarseillaise\/news\/wp-json\/wp\/v2\/news-source?post=39686"},{"taxonomy":"is_homepage","embeddable":true,"href":"https:\/\/euapp01.newsmemory.com\/lamarseillaise\/news\/wp-json\/wp\/v2\/is_homepage?post=39686"},{"taxonomy":"ta_other","embeddable":true,"href":"https:\/\/euapp01.newsmemory.com\/lamarseillaise\/news\/wp-json\/wp\/v2\/ta_other?post=39686"}],"curies":[{"name":"wp","href":"https:\/\/api.w.org\/{rel}","templated":true}]}}