{"id":39682,"date":"2026-08-19T07:59:00","date_gmt":"2026-08-19T05:59:00","guid":{"rendered":"https:\/\/euapp01.newsmemory.com\/lamarseillaise\/news\/?p=39682"},"modified":"2026-08-19T10:09:43","modified_gmt":"2026-08-19T08:09:43","slug":"quand-toulon-inspire-dautres-collectivites","status":"publish","type":"post","link":"https:\/\/euapp01.newsmemory.com\/lamarseillaise\/news\/2026\/08\/19\/quand-toulon-inspire-dautres-collectivites\/","title":{"rendered":"Quand Toulon inspire d\u2019autres collectivit\u00e9s"},"content":{"rendered":"<div class=\"paragraph\">\n<p>Une r\u00e9alisation qui s\u2019inscrit dans la strat\u00e9gie globale d\u2019adapter progressivement le patrimoine scolaire aux \u00e9volutions climatiques. Une fiert\u00e9 pour les \u00e9lus toulonnais d\u2019avoir pu \u00e9changer et faire d\u00e9couvrir cette solution, qui s\u2019inscrit pleinement dans les r\u00e9ponses aux enjeux des d\u00e9fis de demain.<\/p>\n<\/p><\/div>\n","protected":false},"excerpt":{"rendered":"Une r&eacute;alisation qui s&rsquo;inscrit dans la strat&eacute;gie globale d&rsquo;adapter progressivement le patrimoine scolaire aux &eacute;volutions climatiques. Une fiert&eacute; pour les &eacute;lus toulonnais d&rsquo;avoir pu &eacute;changer &#8230;","protected":false},"author":1,"featured_media":39683,"comment_status":"open","ping_status":"open","sticky":false,"template":"","format":"standard","meta":{"footnotes":""},"categories":[333],"tags":[3275,208,411,2741,1455,597,31],"news-destination":[],"news-source":[475],"is_homepage":[],"ta_other":[],"class_list":["post-39682","post","type-post","status-publish","format-standard","has-post-thumbnail","hentry","category-environnement","tag-adaptation-climatique","tag-collectivites","tag-ecoles","tag-maternelles","tag-photovoltaique","tag-toulon","tag-var","news-source-website"],"_links":{"self":[{"href":"https:\/\/euapp01.newsmemory.com\/lamarseillaise\/news\/wp-json\/wp\/v2\/posts\/39682","targetHints":{"allow":["GET"]}}],"collection":[{"href":"https:\/\/euapp01.newsmemory.com\/lamarseillaise\/news\/wp-json\/wp\/v2\/posts"}],"about":[{"href":"https:\/\/euapp01.newsmemory.com\/lamarseillaise\/news\/wp-json\/wp\/v2\/types\/post"}],"author":[{"embeddable":true,"href":"https:\/\/euapp01.newsmemory.com\/lamarseillaise\/news\/wp-json\/wp\/v2\/users\/1"}],"replies":[{"embeddable":true,"href":"https:\/\/euapp01.newsmemory.com\/lamarseillaise\/news\/wp-json\/wp\/v2\/comments?post=39682"}],"version-history":[{"count":1,"href":"https:\/\/euapp01.newsmemory.com\/lamarseillaise\/news\/wp-json\/wp\/v2\/posts\/39682\/revisions"}],"predecessor-version":[{"id":39684,"href":"https:\/\/euapp01.newsmemory.com\/lamarseillaise\/news\/wp-json\/wp\/v2\/posts\/39682\/revisions\/39684"}],"wp:featuredmedia":[{"embeddable":true,"href":"https:\/\/euapp01.newsmemory.com\/lamarseillaise\/news\/wp-json\/wp\/v2\/media\/39683"}],"wp:attachment":[{"href":"https:\/\/euapp01.newsmemory.com\/lamarseillaise\/news\/wp-json\/wp\/v2\/media?parent=39682"}],"wp:term":[{"taxonomy":"category","embeddable":true,"href":"https:\/\/euapp01.newsmemory.com\/lamarseillaise\/news\/wp-json\/wp\/v2\/categories?post=39682"},{"taxonomy":"post_tag","embeddable":true,"href":"https:\/\/euapp01.newsmemory.com\/lamarseillaise\/news\/wp-json\/wp\/v2\/tags?post=39682"},{"taxonomy":"news-destination","embeddable":true,"href":"https:\/\/euapp01.newsmemory.com\/lamarseillaise\/news\/wp-json\/wp\/v2\/news-destination?post=39682"},{"taxonomy":"news-source","embeddable":true,"href":"https:\/\/euapp01.newsmemory.com\/lamarseillaise\/news\/wp-json\/wp\/v2\/news-source?post=39682"},{"taxonomy":"is_homepage","embeddable":true,"href":"https:\/\/euapp01.newsmemory.com\/lamarseillaise\/news\/wp-json\/wp\/v2\/is_homepage?post=39682"},{"taxonomy":"ta_other","embeddable":true,"href":"https:\/\/euapp01.newsmemory.com\/lamarseillaise\/news\/wp-json\/wp\/v2\/ta_other?post=39682"}],"curies":[{"name":"wp","href":"https:\/\/api.w.org\/{rel}","templated":true}]}}