{"id":39679,"date":"2026-08-19T07:43:00","date_gmt":"2026-08-19T05:43:00","guid":{"rendered":"https:\/\/euapp01.newsmemory.com\/lamarseillaise\/news\/?p=39679"},"modified":"2026-08-24T07:13:30","modified_gmt":"2026-08-24T05:13:30","slug":"marseille-le-desastre-de-bonneveine-un-bourbier-politique","status":"publish","type":"post","link":"https:\/\/euapp01.newsmemory.com\/lamarseillaise\/news\/2026\/08\/19\/marseille-le-desastre-de-bonneveine-un-bourbier-politique\/","title":{"rendered":"Marseille : le d\u00e9sastre de Bonneveine, un bourbier politique"},"content":{"rendered":"<div class=\"paragraph\">\n<p>\u00c0 l\u2019initiative de LFI et de la coalition citoyenne Comm\u2019un Possible Marseille (Donut Infolab, Alternatiba Marseille, Climat Paca, Eden Initiative, etc.), une petite manifestation d\u2019une vingtaine de personnes s\u2019est tenue devant la mairie centrale \u00e0 18h \u00ab\u00a0<i>pour rendre le massacre \u00e0 son auteur<\/i><i>\u00a0<\/i>\u00bb en d\u00e9posant sous les fen\u00eatres de Beno\u00eet Payan des tron\u00e7ons d\u2019arbres.<\/p>\n<p>\u00ab\u00a0<i>Du grand n\u2019importe <\/i><i>quoi<\/i><i>\u00a0<\/i>\u00bb ass\u00e8ne Romain Simmarano, le conseiller municipal (Renaissance) d\u2019opposition pour qui \u00ab\u00a0<i>Bonneveine est plus qu\u2019une simple faute politique, c\u2019est un sympt\u00f4me<\/i><i>\u00a0<\/i><i>: la mairie est litt\u00e9ralement \u00e0 l\u2019arr\u00eat, alors que Marseille a besoin de mouvement, d\u2019\u00e9nergie, d\u2019envie, de r\u00e9sultats<\/i><i>\u00a0<\/i><i>!<\/i><i>\u00a0<\/i>\u00bb <i><\/i><\/p>\n<p>Mardi matin, les tron\u00e7onneuses ont continu\u00e9 \u00e0 hacher menu les 26 pins matures d\u00e9stabilis\u00e9s par les travaux et abattus la veille malgr\u00e9 la forte mobilisation citoyenne et associative. \u00ab\u00a0<i>C\u2019est un d\u00e9sastre \u00e0 partir d\u2019une connerie initiale de la ville. S\u2019il y avait eu un management comp\u00e9tent, on n\u2019en serait pas l\u00e0<\/i><i>\u00a0<\/i><i>!<\/i><i>\u00a0<\/i>\u00bb, peste Richard Hardouin, le pr\u00e9sident de France nature environnement\u00a013, venu voir le d\u00e9sastre, mais emp\u00each\u00e9 par les policiers municipaux d\u2019approcher des crat\u00e8res. \u00ab\u00a0<i>On aurait pu sauver des arbres en les \u00e9laguant ou en les \u00e9tayant<\/i><i>\u00a0<\/i>\u00bb<i>, <\/i>estime le d\u00e9fenseur de l\u2019environnement. \u00ab\u00a0<i>C\u2019est choquant d\u2019avoir constitu\u00e9 fin juillet un groupe avec des riverains responsables, de se r\u00e9unir le 10<\/i><i>\u00a0<\/i><i>ao\u00fbt avec Perrine Prigent, l\u2019adjointe aux espaces verts, qui n\u2019a pas attendu le d\u00e9lai de 15<\/i><i>\u00a0<\/i><i>jours qu\u2019elle avait propos\u00e9. Ils ont abattu m\u00eame des arbres non pr\u00e9conis\u00e9s par l\u2019expertise d\u2019ONF Vegetis.<\/i><i>\u00a0<\/i>\u00bb Une habitu\u00e9e du parc fulmine\u00a0: \u00ab\u00a0<i>C\u2019est un scandale sans nom. Quand on voit que des pompiers sont morts pour sauver des for\u00eats dans les Landes<\/i><i>\u00a0<\/i><i>!<\/i><i>\u00a0<\/i>\u00bb<\/p>\n<p>Plus loin, un militant s\u2019est perch\u00e9 dans un grand pin condamn\u00e9. Jean-Luc, habitant du Roy d\u2019Espagne, entend ainsi protester \u00ab\u00a0<i>contre le plan de d\u00e9coupe lanc\u00e9 subitement par un bureau d\u2019\u00e9tudes qui a d\u00e9cid\u00e9 sans l\u2019avis des riverains avec sa vision de la nature, de lancer une guerre \u00e9clair. Ce sont des arbres matures qui rendaient service aux habitants. Les arbres ne sont pas des biens mobiliers. Le parc doit se faire autour des arbres existants.<\/i>\u00a0\u00bb Il finit par descendre, aid\u00e9 d\u2019un escabeau amen\u00e9 par la police.<\/p>\n<p>Invit\u00e9s \u00e0 une r\u00e9union \u00e0 la Direction de la Nature en Ville, avenue Clot-Bey, les repr\u00e9sentants du collectif de riverains sont ressortis d\u00e9pit\u00e9s. \u00ab\u00a0<i>On a \u00e9t\u00e9 re\u00e7u par trois seconds couteaux des espaces verts, sans r\u00e9pondant, qui en ont dit le moins possible. Il n\u2019y avait pas Perrine Prigent l\u2019adjointe aux espaces verts, ni Marc Foveau le DGA qui avait lanc\u00e9 l\u2019invitation<\/i>\u00a0\u00bb, se d\u00e9sole encore Alain Senentz pr\u00e9sident du collectif de riverains.<\/p>\n<\/p><\/div>\n","protected":false},"excerpt":{"rendered":"&Agrave; l&rsquo;initiative de LFI et de la coalition citoyenne Comm&rsquo;un Possible Marseille (Donut Infolab, Alternatiba Marseille, Climat Paca, Eden Initiative, etc.), une petite manifestation d&rsquo;une vingtaine de personnes s&rsquo;est &#8230;","protected":false},"author":1,"featured_media":39680,"comment_status":"open","ping_status":"open","sticky":false,"template":"","format":"standard","meta":{"footnotes":""},"categories":[3926,3925,330,20],"tags":[3271,2605,774,10,417,102,146,2823,1490,26,2606,6182,106,541,3520,16,152,650,4053,191,380,1064,2036],"news-destination":[3944],"news-source":[475],"is_homepage":[],"ta_other":[],"class_list":["post-39679","post","type-post","status-publish","format-standard","has-post-thumbnail","hentry","category-accueil-merge","category-accueil-third","category-politique","category-societe","tag-alternatiba","tag-arbres","tag-benoit-payan","tag-bouches-du-rhone","tag-climat","tag-collectif","tag-concertation","tag-destruction","tag-direction","tag-environnement","tag-espaces-verts","tag-france-nature-environnement","tag-habitants","tag-lfi","tag-management","tag-marseille","tag-mobilisation-citoyenne","tag-participation","tag-perrine-prigent","tag-politique","tag-reseaux-sociaux","tag-riverains","tag-romain-simmarano","news-destination-homepage","news-source-website"],"_links":{"self":[{"href":"https:\/\/euapp01.newsmemory.com\/lamarseillaise\/news\/wp-json\/wp\/v2\/posts\/39679","targetHints":{"allow":["GET"]}}],"collection":[{"href":"https:\/\/euapp01.newsmemory.com\/lamarseillaise\/news\/wp-json\/wp\/v2\/posts"}],"about":[{"href":"https:\/\/euapp01.newsmemory.com\/lamarseillaise\/news\/wp-json\/wp\/v2\/types\/post"}],"author":[{"embeddable":true,"href":"https:\/\/euapp01.newsmemory.com\/lamarseillaise\/news\/wp-json\/wp\/v2\/users\/1"}],"replies":[{"embeddable":true,"href":"https:\/\/euapp01.newsmemory.com\/lamarseillaise\/news\/wp-json\/wp\/v2\/comments?post=39679"}],"version-history":[{"count":1,"href":"https:\/\/euapp01.newsmemory.com\/lamarseillaise\/news\/wp-json\/wp\/v2\/posts\/39679\/revisions"}],"predecessor-version":[{"id":39681,"href":"https:\/\/euapp01.newsmemory.com\/lamarseillaise\/news\/wp-json\/wp\/v2\/posts\/39679\/revisions\/39681"}],"wp:featuredmedia":[{"embeddable":true,"href":"https:\/\/euapp01.newsmemory.com\/lamarseillaise\/news\/wp-json\/wp\/v2\/media\/39680"}],"wp:attachment":[{"href":"https:\/\/euapp01.newsmemory.com\/lamarseillaise\/news\/wp-json\/wp\/v2\/media?parent=39679"}],"wp:term":[{"taxonomy":"category","embeddable":true,"href":"https:\/\/euapp01.newsmemory.com\/lamarseillaise\/news\/wp-json\/wp\/v2\/categories?post=39679"},{"taxonomy":"post_tag","embeddable":true,"href":"https:\/\/euapp01.newsmemory.com\/lamarseillaise\/news\/wp-json\/wp\/v2\/tags?post=39679"},{"taxonomy":"news-destination","embeddable":true,"href":"https:\/\/euapp01.newsmemory.com\/lamarseillaise\/news\/wp-json\/wp\/v2\/news-destination?post=39679"},{"taxonomy":"news-source","embeddable":true,"href":"https:\/\/euapp01.newsmemory.com\/lamarseillaise\/news\/wp-json\/wp\/v2\/news-source?post=39679"},{"taxonomy":"is_homepage","embeddable":true,"href":"https:\/\/euapp01.newsmemory.com\/lamarseillaise\/news\/wp-json\/wp\/v2\/is_homepage?post=39679"},{"taxonomy":"ta_other","embeddable":true,"href":"https:\/\/euapp01.newsmemory.com\/lamarseillaise\/news\/wp-json\/wp\/v2\/ta_other?post=39679"}],"curies":[{"name":"wp","href":"https:\/\/api.w.org\/{rel}","templated":true}]}}