{"id":39676,"date":"2026-08-19T08:00:00","date_gmt":"2026-08-19T06:00:00","guid":{"rendered":"https:\/\/euapp01.newsmemory.com\/lamarseillaise\/news\/?p=39676"},"modified":"2026-08-24T07:26:40","modified_gmt":"2026-08-24T05:26:40","slug":"dans-les-bouches-du-rhone-des-ressources-en-eau-stables-mais-surveillees","status":"publish","type":"post","link":"https:\/\/euapp01.newsmemory.com\/lamarseillaise\/news\/2026\/08\/19\/dans-les-bouches-du-rhone-des-ressources-en-eau-stables-mais-surveillees\/","title":{"rendered":"Dans les Bouches-du-Rh\u00f4ne, des ressources en eau stables mais surveill\u00e9es"},"content":{"rendered":"<div class=\"paragraph\">\n<p>Services de l\u2019\u00c9tat, repr\u00e9sentants du monde agricole et des activit\u00e9s \u00e9conomiques, collectivit\u00e9s, gestionnaires des milieux aquatiques, d\u2019infrastructures hydrauliques ou encore des associations pour la d\u00e9fense de l\u2019environnement se sont r\u00e9unis la semaine derni\u00e8re au sein d\u2019un comit\u00e9 de ressource en eau (CRE) des Bouches-du-Rh\u00f4ne afin \u00ab\u00a0<i>de faire le point sur la situation hydrologique du d\u00e9partement et \u00e9changer avec les diff\u00e9rents acteurs sur les perspectives pour le reste de la saison estivale<\/i>\u00a0\u00bb, indique la pr\u00e9fecture dans un communiqu\u00e9.<\/p>\n<p>Premier enseignement\u00a0: notre d\u00e9partement reste \u00ab\u00a0<i>moins s\u00e9v\u00e8rement frapp\u00e9 par la s\u00e9cheresse que le reste du territoire national<\/i><i>\u00a0<\/i>\u00bb, note les services de l\u2019\u00c9tat.<\/p>\n<\/p><\/div>\n<div class=\"intext\"> Alerte renforc\u00e9e sur<br \/>\n               <br \/>les cours d\u2019eau et nappes\n              <\/div>\n<div class=\"paragraph\">\n<p>La zone desservie par la \u00ab\u00a0<i>ressource stock\u00e9e<\/i><i>\u00a0<\/i>\u00bb, entendre les retenues de Serre-Pon\u00e7on sur la Durance et Sainte-Croix sur le Verdon, devrait rester en \u00ab\u00a0<i>vigilance<\/i>\u00a0\u00bb pour le reste de la saison pr\u00e9voit la pr\u00e9fecture. Mais pour ce qui concerne les ressources dites \u00ab<i>\u00a0<\/i><i>locales<\/i>\u00a0\u00bb, en clair, les cours d\u2019eau et nappes, l\u2019alerte \u00ab\u00a0<i>renforc\u00e9e est maintenue sur les zones Arc amont, Arc aval et R\u00e9al de Jouques<\/i><i>\u00a0<\/i>\u00bb. L\u2019\u00c9tat assure que \u00ab\u00a0<i>le suivi r\u00e9gulier des diff\u00e9rentes ressources se poursuit<\/i><i>\u00a0<\/i>\u00bb afin de pouvoir, \u00ab\u00a0<i>adapter les mesures de restriction selon les conditions observ\u00e9es<\/i>\u00a0\u00bb.<\/p>\n<p>En attendant, le pr\u00e9fet des Bouches-du-Rh\u00f4ne appelle l\u2019ensemble des usagers (particuliers, collectivit\u00e9s, industriels, commer\u00e7ants, artisans, exploitants agricoles&#8230;) \u00ab\u00a0<i>\u00e0 maintenir un usage \u00e9conome de l\u2019eau et \u00e0 respecter les restrictions en vigueur<\/i><i>\u00a0<\/i>\u00bb. Les pr\u00e9l\u00e8vements directs en cours d\u2019eau, hors pr\u00e9l\u00e8vements des associations syndicales autoris\u00e9es, restant interdits dans les secteurs du R\u00e9al de Jouques et de l\u2019Arc.<\/p>\n<\/p><\/div>\n","protected":false},"excerpt":{"rendered":"Services de l&rsquo;&Eacute;tat, repr&eacute;sentants du monde agricole et des activit&eacute;s &eacute;conomiques, collectivit&eacute;s, gestionnaires des milieux aquatiques, d&rsquo;infrastructures hydrauliques ou encore des associations pour la &#8230;","protected":false},"author":1,"featured_media":39677,"comment_status":"open","ping_status":"open","sticky":false,"template":"","format":"standard","meta":{"footnotes":""},"categories":[3926,3925,333,20],"tags":[10,208,309,26,4754,379,1567,2920,1399,1899,1698,1397],"news-destination":[3944],"news-source":[475],"is_homepage":[],"ta_other":[],"class_list":["post-39676","post","type-post","status-publish","format-standard","has-post-thumbnail","hentry","category-accueil-merge","category-accueil-third","category-environnement","category-societe","tag-bouches-du-rhone","tag-collectivites","tag-eau","tag-environnement","tag-nappes-phreatiques","tag-particuliers","tag-prefet","tag-ressource-en-eau","tag-ressources","tag-riviere","tag-saison-estivale","tag-secheresse","news-destination-homepage","news-source-website"],"_links":{"self":[{"href":"https:\/\/euapp01.newsmemory.com\/lamarseillaise\/news\/wp-json\/wp\/v2\/posts\/39676","targetHints":{"allow":["GET"]}}],"collection":[{"href":"https:\/\/euapp01.newsmemory.com\/lamarseillaise\/news\/wp-json\/wp\/v2\/posts"}],"about":[{"href":"https:\/\/euapp01.newsmemory.com\/lamarseillaise\/news\/wp-json\/wp\/v2\/types\/post"}],"author":[{"embeddable":true,"href":"https:\/\/euapp01.newsmemory.com\/lamarseillaise\/news\/wp-json\/wp\/v2\/users\/1"}],"replies":[{"embeddable":true,"href":"https:\/\/euapp01.newsmemory.com\/lamarseillaise\/news\/wp-json\/wp\/v2\/comments?post=39676"}],"version-history":[{"count":1,"href":"https:\/\/euapp01.newsmemory.com\/lamarseillaise\/news\/wp-json\/wp\/v2\/posts\/39676\/revisions"}],"predecessor-version":[{"id":39678,"href":"https:\/\/euapp01.newsmemory.com\/lamarseillaise\/news\/wp-json\/wp\/v2\/posts\/39676\/revisions\/39678"}],"wp:featuredmedia":[{"embeddable":true,"href":"https:\/\/euapp01.newsmemory.com\/lamarseillaise\/news\/wp-json\/wp\/v2\/media\/39677"}],"wp:attachment":[{"href":"https:\/\/euapp01.newsmemory.com\/lamarseillaise\/news\/wp-json\/wp\/v2\/media?parent=39676"}],"wp:term":[{"taxonomy":"category","embeddable":true,"href":"https:\/\/euapp01.newsmemory.com\/lamarseillaise\/news\/wp-json\/wp\/v2\/categories?post=39676"},{"taxonomy":"post_tag","embeddable":true,"href":"https:\/\/euapp01.newsmemory.com\/lamarseillaise\/news\/wp-json\/wp\/v2\/tags?post=39676"},{"taxonomy":"news-destination","embeddable":true,"href":"https:\/\/euapp01.newsmemory.com\/lamarseillaise\/news\/wp-json\/wp\/v2\/news-destination?post=39676"},{"taxonomy":"news-source","embeddable":true,"href":"https:\/\/euapp01.newsmemory.com\/lamarseillaise\/news\/wp-json\/wp\/v2\/news-source?post=39676"},{"taxonomy":"is_homepage","embeddable":true,"href":"https:\/\/euapp01.newsmemory.com\/lamarseillaise\/news\/wp-json\/wp\/v2\/is_homepage?post=39676"},{"taxonomy":"ta_other","embeddable":true,"href":"https:\/\/euapp01.newsmemory.com\/lamarseillaise\/news\/wp-json\/wp\/v2\/ta_other?post=39676"}],"curies":[{"name":"wp","href":"https:\/\/api.w.org\/{rel}","templated":true}]}}