{"id":39673,"date":"2026-08-19T07:57:00","date_gmt":"2026-08-19T05:57:00","guid":{"rendered":"https:\/\/euapp01.newsmemory.com\/lamarseillaise\/news\/?p=39673"},"modified":"2026-08-24T07:26:40","modified_gmt":"2026-08-24T05:26:40","slug":"entretien-patrick-bourdillon-cgt-avec-lambulatoire-la-prise-en-charge-echoit-aux-familles","status":"publish","type":"post","link":"https:\/\/euapp01.newsmemory.com\/lamarseillaise\/news\/2026\/08\/19\/entretien-patrick-bourdillon-cgt-avec-lambulatoire-la-prise-en-charge-echoit-aux-familles\/","title":{"rendered":"[Entretien] Patrick Bourdillon, CGT : \u00ab&nbsp;Avec l\u2019ambulatoire, la prise en charge \u00e9choit aux familles&nbsp;\u00bb"},"content":{"rendered":"<div class=\"paragraph\">\n<p><b>La Marseillaise<\/b><b>\u00a0<\/b><b>:<\/b> <b>La maternit\u00e9 d\u2019Apt a ferm\u00e9 en 2016, celle de la clinique Urbain V \u00e0 Avignon en 2024. Quelles cons\u00e9quences ont pu avoir ces fermetures<\/b><b>\u00a0<\/b><b>? <\/b><\/p>\n<p>Patrick Bourdillon\u00a0: La baisse de la natalit\u00e9 consid\u00e9rable dans notre d\u00e9partement a fait que l\u2019absorption de l\u2019activit\u00e9 d\u2019Urbain\u00a0V n\u2019a pas eu pour cons\u00e9quence une explosion des naissances sur le centre hospitalier d\u2019Avignon. Mais la fermeture de l\u2019h\u00f4pital d\u2019Apt a amen\u00e9 beaucoup plus de naissances \u00e0 Cavaillon, d\u2019autant plus que la distance est importante depuis Apt. Et il y avait eu avant les fermetures \u00e0 Vaison-la-Romaine et Pertuis. Si les chiffres de difficult\u00e9s dans la naissance n\u2019ont pas forc\u00e9ment augment\u00e9, leur pourcentage par rapport au nombre de femmes qui accouchent lui augmente. On s\u2019aper\u00e7oit surtout que c\u2019est le nombre de professionnels en capacit\u00e9 de prendre en charge l\u2019enfant, et la dur\u00e9e notamment de l\u2019hospitalisation en post-partum, qui vont compter.<\/p>\n<p><b>Le rapport de l\u2019Igas pointe le manque de places en r\u00e9animation en n\u00e9onatalogie dans la r\u00e9gion, quels constats faites-vous<\/b><b>\u00a0<\/b><b>? <\/b><\/p>\n<p>P.B.\u00a0: Sur un centre hospitalier de la taille de celui d\u2019Avignon, le service de n\u00e9onatalogie n\u2019est pas suffisant puisque c\u2019est une maternit\u00e9 de niveau 2, donc nous n\u2019avons pas de r\u00e9animation en p\u00e9diatrie. La plus proche est \u00e0 Marseille, \u00e0 pratiquement une heure de trajet. Un b\u00e9b\u00e9 en difficult\u00e9 \u00e0 Orange aura donc moins de chances qu\u2019un b\u00e9b\u00e9 \u00e0 la Timone. Mais les difficult\u00e9s sur la r\u00e9animation existent aussi pour les adultes.<\/p>\n<p><b>Quelles sont les conditions de travail en n\u00e9onatalogie<\/b><b>\u00a0<\/b><b>? <\/b><\/p>\n<p>P.B.\u00a0: Elles sont plut\u00f4t bonnes dans la mesure o\u00f9 il y a un encadrement suffisant, m\u00eame si parfois il y a des n\u00e9cessit\u00e9s plus fortes. La n\u00e9onatalogie est relativement pr\u00e9serv\u00e9e, mais nous ne sommes pas capables de g\u00e9rer si beaucoup d\u2019enfants ont des n\u00e9cessit\u00e9s de soins, essentiellement pour les enfants pr\u00e9matur\u00e9s ou pour ceux qui ont des complexit\u00e9s m\u00e9taboliques ou des probl\u00e9matiques d\u2019organes.<\/p>\n<p><b>Le travail de pr\u00e9vention est-il suffisant<\/b><b>\u00a0<\/b><b>? <\/b><\/p>\n<p>P.B.\u00a0: Quand on voit les suppressions de subventions au Planning familial, on s\u2019interroge&#8230; Ils ont d\u00fb faire appel \u00e0 des dons en urgence\u00a0! D\u2019autres pr\u00e9ventions rel\u00e8vent de la m\u00e9decine de ville, mais le nombre de m\u00e9decins est de moins en moins important. Cela a des cons\u00e9quences, avant la naissance mais aussi apr\u00e8s la grossesse. Il y a beaucoup d\u2019arriv\u00e9es aux urgences p\u00e9diatriques de jeunes mamans totalement perdues. L\u2019ancien programme d\u2019accompagnement du retour \u00e0 domicile encourageait les jeunes mamans \u00e0 rentrer le lendemain de l\u2019accouchement, on a voulu faire de l\u2019ambulatoire avec pour limite une prise en charge de l\u2019individu qui \u00e9choit aux familles, et pas aux professionnels de sant\u00e9. Alors il y a des incompr\u00e9hensions sur la perception des sympt\u00f4mes de l\u2019enfant, alors qu\u2019il est de plus en plus compliqu\u00e9 de trouver des m\u00e9decins, ne parlons m\u00eame pas des p\u00e9diatres, pour voir si l\u2019enfant est en danger ou pas. Le quadrillage m\u00e9dical ne se joue pas seulement sur les h\u00f4pitaux et maternit\u00e9s.<\/p>\n<\/p><\/div>\n","protected":false},"excerpt":{"rendered":"La Marseillaise&nbsp;: La maternit&eacute; d&rsquo;Apt a ferm&eacute; en 2016, celle de la clinique Urbain V &agrave; Avignon en 2024. Quelles cons&eacute;quences ont pu avoir ces fermetures&nbsp;?","protected":false},"author":1,"featured_media":39674,"comment_status":"open","ping_status":"open","sticky":false,"template":"","format":"standard","meta":{"footnotes":""},"categories":[3926,3925,331,20],"tags":[174,113,343,105,1501,6272,2891,4494,2497,1088,594,256,382,1544,171],"news-destination":[3944],"news-source":[475],"is_homepage":[],"ta_other":[],"class_list":["post-39673","post","type-post","status-publish","format-standard","has-post-thumbnail","hentry","category-accueil-merge","category-accueil-third","category-social","category-societe","tag-avignon","tag-cgt","tag-entretien","tag-fermeture","tag-hopital","tag-igas","tag-maternite","tag-natalite","tag-pediatrie","tag-planning-familial","tag-rapport","tag-sante","tag-soins","tag-urgences","tag-vaucluse","news-destination-homepage","news-source-website"],"_links":{"self":[{"href":"https:\/\/euapp01.newsmemory.com\/lamarseillaise\/news\/wp-json\/wp\/v2\/posts\/39673","targetHints":{"allow":["GET"]}}],"collection":[{"href":"https:\/\/euapp01.newsmemory.com\/lamarseillaise\/news\/wp-json\/wp\/v2\/posts"}],"about":[{"href":"https:\/\/euapp01.newsmemory.com\/lamarseillaise\/news\/wp-json\/wp\/v2\/types\/post"}],"author":[{"embeddable":true,"href":"https:\/\/euapp01.newsmemory.com\/lamarseillaise\/news\/wp-json\/wp\/v2\/users\/1"}],"replies":[{"embeddable":true,"href":"https:\/\/euapp01.newsmemory.com\/lamarseillaise\/news\/wp-json\/wp\/v2\/comments?post=39673"}],"version-history":[{"count":1,"href":"https:\/\/euapp01.newsmemory.com\/lamarseillaise\/news\/wp-json\/wp\/v2\/posts\/39673\/revisions"}],"predecessor-version":[{"id":39675,"href":"https:\/\/euapp01.newsmemory.com\/lamarseillaise\/news\/wp-json\/wp\/v2\/posts\/39673\/revisions\/39675"}],"wp:featuredmedia":[{"embeddable":true,"href":"https:\/\/euapp01.newsmemory.com\/lamarseillaise\/news\/wp-json\/wp\/v2\/media\/39674"}],"wp:attachment":[{"href":"https:\/\/euapp01.newsmemory.com\/lamarseillaise\/news\/wp-json\/wp\/v2\/media?parent=39673"}],"wp:term":[{"taxonomy":"category","embeddable":true,"href":"https:\/\/euapp01.newsmemory.com\/lamarseillaise\/news\/wp-json\/wp\/v2\/categories?post=39673"},{"taxonomy":"post_tag","embeddable":true,"href":"https:\/\/euapp01.newsmemory.com\/lamarseillaise\/news\/wp-json\/wp\/v2\/tags?post=39673"},{"taxonomy":"news-destination","embeddable":true,"href":"https:\/\/euapp01.newsmemory.com\/lamarseillaise\/news\/wp-json\/wp\/v2\/news-destination?post=39673"},{"taxonomy":"news-source","embeddable":true,"href":"https:\/\/euapp01.newsmemory.com\/lamarseillaise\/news\/wp-json\/wp\/v2\/news-source?post=39673"},{"taxonomy":"is_homepage","embeddable":true,"href":"https:\/\/euapp01.newsmemory.com\/lamarseillaise\/news\/wp-json\/wp\/v2\/is_homepage?post=39673"},{"taxonomy":"ta_other","embeddable":true,"href":"https:\/\/euapp01.newsmemory.com\/lamarseillaise\/news\/wp-json\/wp\/v2\/ta_other?post=39673"}],"curies":[{"name":"wp","href":"https:\/\/api.w.org\/{rel}","templated":true}]}}