{"id":39670,"date":"2026-08-19T07:52:00","date_gmt":"2026-08-19T05:52:00","guid":{"rendered":"https:\/\/euapp01.newsmemory.com\/lamarseillaise\/news\/?p=39670"},"modified":"2026-08-19T10:09:43","modified_gmt":"2026-08-19T08:09:43","slug":"le-ban-des-vendanges-pret-a-reinvestir-avignon","status":"publish","type":"post","link":"https:\/\/euapp01.newsmemory.com\/lamarseillaise\/news\/2026\/08\/19\/le-ban-des-vendanges-pret-a-reinvestir-avignon\/","title":{"rendered":"Le ban des vendanges pr\u00eat \u00e0 r\u00e9investir Avignon"},"content":{"rendered":"<div class=\"paragraph\">\n<p>Contraint l\u2019an dernier de d\u00e9laisser le jardin du Rocher des Doms en travaux pour s\u2019installer sur la place du palais des Papes, le ban des vendanges s\u2019ancre finalement par choix cette ann\u00e9e aussi devant le c\u00e9l\u00e8bre monument d\u2019Avignon. Une manifestation quasi trentenaire qui se d\u00e9roulera le samedi 29 ao\u00fbt de 17h \u00e0 minuit. \u00ab\u00a0<i>C\u2019est une grande f\u00eate populaire gratuite qui c\u00e9l\u00e8bre la premi\u00e8re \u00e9conomie de Vaucluse, l\u2019ultime rendez-vous avant la rentr\u00e9e<\/i><i>\u00a0<\/i>\u00bb, souligne David B\u00e9rard, d\u00e9l\u00e9gu\u00e9 op\u00e9rationnel et d\u00e9veloppement <a rel=\"noopener noreferrer\" href=\"https:\/\/www.lamarseillaise.fr\/societe\/les-compagnons-des-cotes-du-rhone-preparent-leur-cuvee-dans-le-vaucluse-JH20274805\" target=\"_blank\">des Compagnons des C\u00f4tes-du-Rh\u00f4ne, l\u2019association organisatrice, qui a pr\u00e9sent\u00e9 l\u2019\u00e9dition ce mardi.<\/a><\/p>\n<p>Quelque 10\u00a0000\u00a0personnes sont attendues, d\u2019abord autour d\u2019un d\u00e9fil\u00e9 des confr\u00e9ries bachiques dans les rues du centre-ville depuis l\u2019\u00e9glise Saint-Agricol puis d\u2019une messe vigneronne avec b\u00e9n\u00e9diction des vendanges \u00e0 la cath\u00e9drale Notre-Dame-des-Doms. Suivra l\u2019ouverture du march\u00e9 gourmand (16 stands) \u00e0 18h30 avant la proclamation officielle du ban (19h) et le bal (20h30). \u00ab\u00a0<i>On n\u2019est pas l\u00e0 pour pousser \u00e0 l\u2019ultra consommation, on arr\u00eate la vente d\u2019alcool \u00e0 23h<\/i>\u00a0\u00bb, assure Fran\u00e7ois-Xavier Nicolas, vice-pr\u00e9sident des Compagnons. Le ban des vendanges met d\u2019ailleurs \u00e0 l\u2019honneur une seule appellation, celle de Vaison-la-Romaine. \u00ab\u00a0<i>C\u2019est la f\u00eate des confr\u00e9ries, pas un \u00e9v\u00e9nement o\u00f9 les producteurs vendent leurs vins<\/i><i>\u00a0<\/i>\u00bb, pr\u00e9cise Brigitte Bouvier, pr\u00e9sidente des Compagnons.<\/p>\n<p>Malgr\u00e9 des vendanges de plus en plus pr\u00e9coces &#8211;\u00a0celles pour le blanc et ros\u00e9 ont d\u00e9marr\u00e9 il y a deux semaines\u00a0-, Brigitte Bouvier annonce un mill\u00e9sime \u00ab\u00a0<i>plut\u00f4t prometteur avec des volumes un peu en baisse \u00e0 cause la s\u00e9cheresse<\/i><i>\u00a0<\/i>\u00bb, observe celle qui est aussi directrice du lyc\u00e9e viticole d\u2019Orange.<\/p>\n<\/p><\/div>\n","protected":false},"excerpt":{"rendered":"Contraint l&rsquo;an dernier de d&eacute;laisser le jardin du Rocher des Doms en travaux pour s&rsquo;installer sur la place du palais des Papes, le ban des vendanges s&rsquo;ancre finalement par choix cette ann&eacute;e aussi devant le &#8230;","protected":false},"author":1,"featured_media":39671,"comment_status":"open","ping_status":"open","sticky":false,"template":"","format":"standard","meta":{"footnotes":""},"categories":[20],"tags":[495,174,1138,2347,1083,689,171,3334,1431,1355],"news-destination":[],"news-source":[475],"is_homepage":[],"ta_other":[],"class_list":["post-39670","post","type-post","status-publish","format-standard","has-post-thumbnail","hentry","category-societe","tag-495","tag-avignon","tag-festivites","tag-fete-populaire","tag-gratuit","tag-messe","tag-vaucluse","tag-vignerons","tag-vins","tag-viticulture","news-source-website"],"_links":{"self":[{"href":"https:\/\/euapp01.newsmemory.com\/lamarseillaise\/news\/wp-json\/wp\/v2\/posts\/39670","targetHints":{"allow":["GET"]}}],"collection":[{"href":"https:\/\/euapp01.newsmemory.com\/lamarseillaise\/news\/wp-json\/wp\/v2\/posts"}],"about":[{"href":"https:\/\/euapp01.newsmemory.com\/lamarseillaise\/news\/wp-json\/wp\/v2\/types\/post"}],"author":[{"embeddable":true,"href":"https:\/\/euapp01.newsmemory.com\/lamarseillaise\/news\/wp-json\/wp\/v2\/users\/1"}],"replies":[{"embeddable":true,"href":"https:\/\/euapp01.newsmemory.com\/lamarseillaise\/news\/wp-json\/wp\/v2\/comments?post=39670"}],"version-history":[{"count":1,"href":"https:\/\/euapp01.newsmemory.com\/lamarseillaise\/news\/wp-json\/wp\/v2\/posts\/39670\/revisions"}],"predecessor-version":[{"id":39672,"href":"https:\/\/euapp01.newsmemory.com\/lamarseillaise\/news\/wp-json\/wp\/v2\/posts\/39670\/revisions\/39672"}],"wp:featuredmedia":[{"embeddable":true,"href":"https:\/\/euapp01.newsmemory.com\/lamarseillaise\/news\/wp-json\/wp\/v2\/media\/39671"}],"wp:attachment":[{"href":"https:\/\/euapp01.newsmemory.com\/lamarseillaise\/news\/wp-json\/wp\/v2\/media?parent=39670"}],"wp:term":[{"taxonomy":"category","embeddable":true,"href":"https:\/\/euapp01.newsmemory.com\/lamarseillaise\/news\/wp-json\/wp\/v2\/categories?post=39670"},{"taxonomy":"post_tag","embeddable":true,"href":"https:\/\/euapp01.newsmemory.com\/lamarseillaise\/news\/wp-json\/wp\/v2\/tags?post=39670"},{"taxonomy":"news-destination","embeddable":true,"href":"https:\/\/euapp01.newsmemory.com\/lamarseillaise\/news\/wp-json\/wp\/v2\/news-destination?post=39670"},{"taxonomy":"news-source","embeddable":true,"href":"https:\/\/euapp01.newsmemory.com\/lamarseillaise\/news\/wp-json\/wp\/v2\/news-source?post=39670"},{"taxonomy":"is_homepage","embeddable":true,"href":"https:\/\/euapp01.newsmemory.com\/lamarseillaise\/news\/wp-json\/wp\/v2\/is_homepage?post=39670"},{"taxonomy":"ta_other","embeddable":true,"href":"https:\/\/euapp01.newsmemory.com\/lamarseillaise\/news\/wp-json\/wp\/v2\/ta_other?post=39670"}],"curies":[{"name":"wp","href":"https:\/\/api.w.org\/{rel}","templated":true}]}}