{"id":39661,"date":"2026-08-19T07:34:00","date_gmt":"2026-08-19T05:34:00","guid":{"rendered":"https:\/\/euapp01.newsmemory.com\/lamarseillaise\/news\/?p=39661"},"modified":"2026-08-24T07:13:30","modified_gmt":"2026-08-24T05:13:30","slug":"face-au-feu-les-agents-de-lonf-aux-aguets-dans-les-hautes-alpes","status":"publish","type":"post","link":"https:\/\/euapp01.newsmemory.com\/lamarseillaise\/news\/2026\/08\/19\/face-au-feu-les-agents-de-lonf-aux-aguets-dans-les-hautes-alpes\/","title":{"rendered":"Face au feu, les agents de l\u2019ONF aux aguets dans les Hautes-Alpes"},"content":{"rendered":"<div class=\"paragraph\">\n<p>Il est 11h30 \u00e0 la base de Baratier,<b> <\/b>David Raimbault et Herv\u00e9 Tabouret pr\u00e9parent leur patrouille quotidienne qui s\u2019ach\u00e8ve \u00e0 19h30. \u00c0 bord de leur Pick-up jaune, ils embarquent une radio reli\u00e9e aux pompiers, une tablette num\u00e9rique pour transmettre les donn\u00e9es collect\u00e9es au centre de commandement de l\u2019ONF, mais aussi une cuve de 700 litres et une motopompe pour intervenir sur un feu naissant. \u00ab<i>\u00a0<\/i><i>L\u2019avantage pour les pompiers, c\u2019est qu\u2019on est leurs yeux sur place, <\/i>explique Herv\u00e9 Tabouret. <i>On va pouvoir leur dire si les acc\u00e8s sont possibles, si les pistes sont d\u00e9broussaill\u00e9es, s\u2019il y a beaucoup de vent, des habitations&#8230; En arrivant en premier sur le site du sinistre, on va leur expliquer les conditions en temps r\u00e9el, ce qui leur donne de l\u2019avance.<\/i><i>\u00a0<\/i>\u00bb<i><\/i><\/p>\n<p>Le bin\u00f4me fait partie des deux patrouilles PSI (Pr\u00e9vention, surveillance, intervention), qui op\u00e8rent chaque jour durant l\u2019\u00e9t\u00e9 sur trois secteurs\u00a0: l\u2019Embrunais, la Haute-Durance et le Queyras. Depuis le 24\u00a0juillet, le d\u00e9partement est en vigilance rouge, ce qui signifie que tout feu ext\u00e9rieur du type feu d\u2019artifice, barbecue, feu de camp, br\u00fblage de v\u00e9g\u00e9taux, cigarettes, ou travaux \u00e9mettant des \u00e9tincelles, est interdit \u00e0 moins de 200m des for\u00eats et espaces naturels. Apr\u00e8s une visite au Centre d\u2019incendie et de secours (CIS) d\u2019Embrun, pour se concerter avec les sapeurs-pompiers, ils partent sur le terrain.<\/p>\n<\/p><\/div>\n<div class=\"intext\"> Un public plus averti qu\u2019auparavant\n              <\/div>\n<div class=\"paragraph\">\n<p>En cette fin de matin\u00e9e, ils arpentent la plage de Chanterenne \u00e0 Crots, o\u00f9 ils s\u2019attendent \u00e0 trouver des restes de places \u00e0 feux improvis\u00e9es. Et \u00e7a ne loupe pas, \u00e0 peine quelques minutes de marche, ils en trouvent deux, \u00e0 100m l\u2019une de l\u2019autre. \u00ab<i>\u00a0<\/i><i>Une contravention pour un feu sauvage en p\u00e9riode rouge, c\u2019est 135<\/i><i>\u00a0<\/i><i>euros d\u2019amende, <\/i>rappelle Herv\u00e9 Tabouret. <i>On en constate une dizaine par jour, surtout sur les bords de plages tr\u00e8s fr\u00e9quent\u00e9s en \u00e9t\u00e9 et dans les fonds de vall\u00e9e, en altitude, l\u00e0 o\u00f9 les gens se sentent un peu cach\u00e9s.<\/i><i>\u00a0<\/i>\u00bb<i> <\/i>Les deux agents enl\u00e8vent les pierres et m\u00e9langent les cendres \u00e0 la terre. Autour du lac, la v\u00e9g\u00e9tation est dense, et particuli\u00e8rement s\u00e8che en cet \u00e9t\u00e9 de canicule s\u00e9v\u00e8re. \u00ab<i>\u00a0<\/i><i>Une place \u00e0 feu reste dangereuse, m\u00eame \u00e9teinte. Il y a des braises qui restent incandescentes. Le vent, la temp\u00e9rature, le taux d\u2019humidit\u00e9 bas&#8230; Toutes les conditions sont r\u00e9unies pour qu\u2019une braise s\u2019envole et d\u00e9clenche un feu<\/i><i>\u00a0<\/i>\u00bb, explique Herv\u00e9 Tabouret.<\/p>\n<p>Si, depuis le passage en p\u00e9riode rouge, des affiches sont placard\u00e9es sur les sites, tous les publics ne sont pas forc\u00e9ment au fait des interdictions, la PSI a un r\u00f4le primordial de pr\u00e9vention. \u00ab<i>\u00a0<\/i><i>On voit que la patrouille a un impact dans la pr\u00e9vention, on trouve moins de place \u00e0 feux sauvages que les ann\u00e9es pr\u00e9c\u00e9dentes, <\/i>constate Herv\u00e9. <i>Le fait que cette ann\u00e9e il y ait \u00e9norm\u00e9ment d\u2019incendies, que les m\u00e9dias en parlent beaucoup, fait que quand on \u00e9change avec les gens, on voit qu\u2019ils sont beaucoup plus sensibilis\u00e9s qu\u2019avant. Il suffit qu\u2019on nous voit d\u00e9monter une place \u00e0 feu pour qu\u2019on vienne nous poser des questions. Et l\u00e0, on joue notre r\u00f4le, c\u2019est-\u00e0-dire expliquer, sensibiliser.<\/i><i>\u00a0<\/i>\u00bb <i><\/i><\/p>\n<\/p><\/div>\n","protected":false},"excerpt":{"rendered":"Il est 11h30 &agrave; la base de Baratier, David Raimbault et Herv&eacute; Tabouret pr&eacute;parent leur patrouille quotidienne qui s&rsquo;ach&egrave;ve &agrave; 19h30. &Agrave; bord de leur Pick-up jaune, ils embarquent une radio reli&eacute;e &#8230;","protected":false},"author":1,"featured_media":39662,"comment_status":"open","ping_status":"open","sticky":false,"template":"","format":"standard","meta":{"footnotes":""},"categories":[3926,3925,20],"tags":[4768,1673,4468,319,3584,320,431,6273],"news-destination":[3944],"news-source":[475],"is_homepage":[],"ta_other":[],"class_list":["post-39661","post","type-post","status-publish","format-standard","has-post-thumbnail","hentry","category-accueil-merge","category-accueil-third","category-societe","tag-alpes","tag-feux","tag-hautes-alpes","tag-incendie","tag-onf","tag-pompiers","tag-prevention","tag-vigilance-rouge","news-destination-homepage","news-source-website"],"_links":{"self":[{"href":"https:\/\/euapp01.newsmemory.com\/lamarseillaise\/news\/wp-json\/wp\/v2\/posts\/39661","targetHints":{"allow":["GET"]}}],"collection":[{"href":"https:\/\/euapp01.newsmemory.com\/lamarseillaise\/news\/wp-json\/wp\/v2\/posts"}],"about":[{"href":"https:\/\/euapp01.newsmemory.com\/lamarseillaise\/news\/wp-json\/wp\/v2\/types\/post"}],"author":[{"embeddable":true,"href":"https:\/\/euapp01.newsmemory.com\/lamarseillaise\/news\/wp-json\/wp\/v2\/users\/1"}],"replies":[{"embeddable":true,"href":"https:\/\/euapp01.newsmemory.com\/lamarseillaise\/news\/wp-json\/wp\/v2\/comments?post=39661"}],"version-history":[{"count":1,"href":"https:\/\/euapp01.newsmemory.com\/lamarseillaise\/news\/wp-json\/wp\/v2\/posts\/39661\/revisions"}],"predecessor-version":[{"id":39663,"href":"https:\/\/euapp01.newsmemory.com\/lamarseillaise\/news\/wp-json\/wp\/v2\/posts\/39661\/revisions\/39663"}],"wp:featuredmedia":[{"embeddable":true,"href":"https:\/\/euapp01.newsmemory.com\/lamarseillaise\/news\/wp-json\/wp\/v2\/media\/39662"}],"wp:attachment":[{"href":"https:\/\/euapp01.newsmemory.com\/lamarseillaise\/news\/wp-json\/wp\/v2\/media?parent=39661"}],"wp:term":[{"taxonomy":"category","embeddable":true,"href":"https:\/\/euapp01.newsmemory.com\/lamarseillaise\/news\/wp-json\/wp\/v2\/categories?post=39661"},{"taxonomy":"post_tag","embeddable":true,"href":"https:\/\/euapp01.newsmemory.com\/lamarseillaise\/news\/wp-json\/wp\/v2\/tags?post=39661"},{"taxonomy":"news-destination","embeddable":true,"href":"https:\/\/euapp01.newsmemory.com\/lamarseillaise\/news\/wp-json\/wp\/v2\/news-destination?post=39661"},{"taxonomy":"news-source","embeddable":true,"href":"https:\/\/euapp01.newsmemory.com\/lamarseillaise\/news\/wp-json\/wp\/v2\/news-source?post=39661"},{"taxonomy":"is_homepage","embeddable":true,"href":"https:\/\/euapp01.newsmemory.com\/lamarseillaise\/news\/wp-json\/wp\/v2\/is_homepage?post=39661"},{"taxonomy":"ta_other","embeddable":true,"href":"https:\/\/euapp01.newsmemory.com\/lamarseillaise\/news\/wp-json\/wp\/v2\/ta_other?post=39661"}],"curies":[{"name":"wp","href":"https:\/\/api.w.org\/{rel}","templated":true}]}}