{"id":39658,"date":"2026-08-19T07:36:00","date_gmt":"2026-08-19T05:36:00","guid":{"rendered":"https:\/\/euapp01.newsmemory.com\/lamarseillaise\/news\/?p=39658"},"modified":"2026-08-24T07:13:30","modified_gmt":"2026-08-24T05:13:30","slug":"voile-la-releve-en-quete-de-sacre-a-la-base-de-martigues","status":"publish","type":"post","link":"https:\/\/euapp01.newsmemory.com\/lamarseillaise\/news\/2026\/08\/19\/voile-la-releve-en-quete-de-sacre-a-la-base-de-martigues\/","title":{"rendered":"Voile : la rel\u00e8ve en qu\u00eate de sacre \u00e0 la base de Martigues"},"content":{"rendered":"<div class=\"paragraph\">\n<p>Alors que Brest est le cadre des championnats de France de planche \u00e0 voile, Martigues renoue avec ceux des d\u00e9riveurs et habitables.<\/p>\n<p>Sur l\u2019\u00c9tang de Berre, les jeunes de 12 \u00e0 25\u00a0ans r\u00e9gateront sur 12\u00a0s\u00e9ries. Cette ann\u00e9e, les \u00e9preuves en d\u00e9riveurs et catamarans pour les minimes s\u2019int\u00e8grent au championnat de France jeunes solitaire \u00e9quipage. Avec 950 comp\u00e9titeurs attendus sur le site de Tholon, ce choix permet aux jeunes talents de b\u00e9n\u00e9ficier d\u2019une exp\u00e9rience de comp\u00e9tition plus riche, dans un moment fort de partage entre les g\u00e9n\u00e9rations.<\/p>\n<p>La grande majorit\u00e9 des engag\u00e9s sont d\u2019ores et d\u00e9j\u00e0 pied d\u2019\u0153uvre. Mardi, la base de vie du CVM \u00e9tait une v\u00e9ritable ruche. Passage devant les juges arbitres, inspection des bateaux et des licences, premi\u00e8re sortie sur l\u2019eau pour v\u00e9rifier que tout est ok sur le bateau, ils avaient d\u00e9j\u00e0 la t\u00eate aux championnats de France.<\/p>\n<\/p><\/div>\n<div class=\"intext\"> M\u00e9tropole et outre-mer\n              <\/div>\n<div class=\"paragraph\">\n<p>\u00ab\u00a0<i>Les Ligues ont envoy\u00e9 du monde. Et nous avons des participants qui viennent de Guadeloupe, Martinique, R\u00e9union et Nouvelle-Cal\u00e9donie. Cela nous annonce de tr\u00e8s belles r\u00e9gates<\/i><i>\u00a0<\/i>\u00bb, confie Bertille Beurel. La charg\u00e9e de communication de la F\u00e9d\u00e9ration fran\u00e7aise de voile et son \u00e9quipe \u00e9taient \u00e9galement en r\u00e9p\u00e9tition g\u00e9n\u00e9rale, mardi matin.<\/p>\n<p>Si les comp\u00e9titeurs devaient v\u00e9rifier que tout \u00e9tait ok sur leur bateau, c\u00f4t\u00e9 terre, il fallait \u00e9galement voir les connexions radios, les liaisons et autres postes de juge arbitre, afin que les \u00e9preuves, puissent se d\u00e9rouler sans souci.<\/p>\n<p>\u00ab\u00a0<i>Nous devrions avoir de bonnes conditions m\u00e9t\u00e9o<\/i><i>\u00a0<\/i>\u00bb, estime Bertille Beurel. Si le vent \u00e9tait un peu fort, mardi matin, \u00ab\u00a0<i>les pr\u00e9visions avec 11 \u00e0 15 n\u0153uds nous permettent d\u2019envisager de belles courses<\/i><i>\u00a0<\/i>\u00bb.<\/p>\n<p>L\u2019\u00c9tang de Berre va \u00eatre, jusqu\u2019au 27\u00a0ao\u00fbt, le terrain de jeu des engag\u00e9s. Ils seront 450 sur la ligne de d\u00e9part, pour la premi\u00e8re semaine, d\u00e8s ce mercredi \u00e0 13 heures, coup d\u2019envoi des premi\u00e8res manches. Ce sont les Optimist, 29er, 420, ILCA 4, 6 et 7, Open 570 qui vont se mesurer, sur les quatre sites de course, jusqu\u2019au 22\u00a0ao\u00fbt. Du 23 au 27, ce seront les Nacra 15, Open Skiff, RS Feva, Tyka, Flotte Partag\u00e9e qui prendront le relais.<\/p>\n<p>Si le Cercle de voile de Martigues appr\u00e9cie d\u2019\u00eatre \u00e0 nouveau sous les feux de l\u2019actualit\u00e9, du c\u00f4t\u00e9 de la F\u00e9d\u00e9ration fran\u00e7aise de voile, ce retour \u00e0 Tholon est \u00e9galement appr\u00e9ci\u00e9. \u00ab\u00a0<i>Nous avons de tr\u00e8s bonnes conditions de travail. Il y a une v\u00e9ritable symbiose qui s\u2019est cr\u00e9\u00e9e et cela se ressent \u00e0 tous les niveaux<\/i><i>\u00a0<\/i>\u00bb, souligne Bertille Beurel.<\/p>\n<p>L\u2019autre atout majeur du site mart\u00e9gal est l\u2019\u00c9tang de Berre. \u00ab\u00a0<i>Pour de jeunes comp\u00e9titeurs, c\u2019est un endroit parfait. Il est s\u00fbr et offre n\u00e9anmoins de bonnes conditions de navigation.<\/i><i>\u00a0<\/i>\u00bb Un plan d\u2019eau parfait pour apprendre \u00e0 naviguer notamment pour les plus jeunes, sur leur Optimists.<\/p>\n<p>Apr\u00e8s une premi\u00e8re journ\u00e9e o\u00f9 chacun a pris ses rep\u00e8res, avec en point d\u2019orgue une c\u00e9r\u00e9monie d\u2019ouverture qui avait des airs de d\u00e9fil\u00e9s des athl\u00e8tes aux Jeux olympiques, les choses s\u00e9rieuses sont donc au rendez-vous en d\u00e9but d\u2019apr\u00e8s-midi. Jusqu\u2019\u00e0 dimanche, pour la premi\u00e8re vague.<\/p>\n<\/p><\/div>\n<div class=\"paragraph\">\n<p><b>La reconnaissance du savoir-faire mart\u00e9gal<\/b><\/p>\n<p>Pierre Caste est un homme heureux.<\/p>\n<p>Le pr\u00e9sident du Cercle de voile de Martigues appr\u00e9cie le retour des championnats de France jeunes sur la base de Tholon, avec \u00e0 la cl\u00e9 deux semaines de comp\u00e9tition. \u00ab <i>La F\u00e9d\u00e9ration nous a m\u00eame annonc\u00e9 que nous accueillerons \u00e9galement la prochaine \u00e9dition, en 2027. Pour nous, c\u2019est la reconnaissance du savoir-faire mart\u00e9gal. <\/i>\u00bb<\/p>\n<p>Le site est le cadre r\u00e9gulier de grandes manifestations. Et avait d\u00e9j\u00e0 vu l\u2019\u00e9preuve s\u2019y d\u00e9rouler en 2001, 2003 et 2005. \u00ab <i>Les conditions sont id\u00e9ales. La mise \u00e0 l\u2019eau est juste \u00e0 c\u00f4t\u00e9 des lieux de vie, c\u2019est fortement appr\u00e9ci\u00e9 par les participants. Et cela donne une belle carte postale de Martigues <\/i>\u00bb, souligne-t-il.<\/p>\n<p>M.Ga.<\/p>\n<\/p><\/div>\n","protected":false},"excerpt":{"rendered":"Alors que Brest est le cadre des championnats de France de planche &agrave; voile, Martigues renoue avec ceux des d&eacute;riveurs et habitables.","protected":false},"author":1,"featured_media":39659,"comment_status":"open","ping_status":"open","sticky":false,"template":"","format":"standard","meta":{"footnotes":""},"categories":[3926,3925,7],"tags":[10,1162,63,1198],"news-destination":[3944],"news-source":[475],"is_homepage":[],"ta_other":[],"class_list":["post-39658","post","type-post","status-publish","format-standard","has-post-thumbnail","hentry","category-accueil-merge","category-accueil-third","category-sports","tag-bouches-du-rhone","tag-championnats","tag-martigues","tag-voile","news-destination-homepage","news-source-website"],"_links":{"self":[{"href":"https:\/\/euapp01.newsmemory.com\/lamarseillaise\/news\/wp-json\/wp\/v2\/posts\/39658","targetHints":{"allow":["GET"]}}],"collection":[{"href":"https:\/\/euapp01.newsmemory.com\/lamarseillaise\/news\/wp-json\/wp\/v2\/posts"}],"about":[{"href":"https:\/\/euapp01.newsmemory.com\/lamarseillaise\/news\/wp-json\/wp\/v2\/types\/post"}],"author":[{"embeddable":true,"href":"https:\/\/euapp01.newsmemory.com\/lamarseillaise\/news\/wp-json\/wp\/v2\/users\/1"}],"replies":[{"embeddable":true,"href":"https:\/\/euapp01.newsmemory.com\/lamarseillaise\/news\/wp-json\/wp\/v2\/comments?post=39658"}],"version-history":[{"count":1,"href":"https:\/\/euapp01.newsmemory.com\/lamarseillaise\/news\/wp-json\/wp\/v2\/posts\/39658\/revisions"}],"predecessor-version":[{"id":39660,"href":"https:\/\/euapp01.newsmemory.com\/lamarseillaise\/news\/wp-json\/wp\/v2\/posts\/39658\/revisions\/39660"}],"wp:featuredmedia":[{"embeddable":true,"href":"https:\/\/euapp01.newsmemory.com\/lamarseillaise\/news\/wp-json\/wp\/v2\/media\/39659"}],"wp:attachment":[{"href":"https:\/\/euapp01.newsmemory.com\/lamarseillaise\/news\/wp-json\/wp\/v2\/media?parent=39658"}],"wp:term":[{"taxonomy":"category","embeddable":true,"href":"https:\/\/euapp01.newsmemory.com\/lamarseillaise\/news\/wp-json\/wp\/v2\/categories?post=39658"},{"taxonomy":"post_tag","embeddable":true,"href":"https:\/\/euapp01.newsmemory.com\/lamarseillaise\/news\/wp-json\/wp\/v2\/tags?post=39658"},{"taxonomy":"news-destination","embeddable":true,"href":"https:\/\/euapp01.newsmemory.com\/lamarseillaise\/news\/wp-json\/wp\/v2\/news-destination?post=39658"},{"taxonomy":"news-source","embeddable":true,"href":"https:\/\/euapp01.newsmemory.com\/lamarseillaise\/news\/wp-json\/wp\/v2\/news-source?post=39658"},{"taxonomy":"is_homepage","embeddable":true,"href":"https:\/\/euapp01.newsmemory.com\/lamarseillaise\/news\/wp-json\/wp\/v2\/is_homepage?post=39658"},{"taxonomy":"ta_other","embeddable":true,"href":"https:\/\/euapp01.newsmemory.com\/lamarseillaise\/news\/wp-json\/wp\/v2\/ta_other?post=39658"}],"curies":[{"name":"wp","href":"https:\/\/api.w.org\/{rel}","templated":true}]}}