{"id":39655,"date":"2026-08-19T07:19:01","date_gmt":"2026-08-19T05:19:01","guid":{"rendered":"https:\/\/euapp01.newsmemory.com\/lamarseillaise\/news\/?p=39655"},"modified":"2026-08-23T18:50:05","modified_gmt":"2026-08-23T16:50:05","slug":"le-grand-retour-des-expulsions-sans-solution-pour-les-roms","status":"publish","type":"post","link":"https:\/\/euapp01.newsmemory.com\/lamarseillaise\/news\/2026\/08\/19\/le-grand-retour-des-expulsions-sans-solution-pour-les-roms\/","title":{"rendered":"Le grand retour des expulsions sans solution pour les Roms"},"content":{"rendered":"<div class=\"paragraph\">\n<p>Un terrain \u00e0 la Valentine dans le 11<sup>e<\/sup>\u00a0arrondissement, un autre dans le 15<sup>e<\/sup>, une caserne dans le 3<sup>e<\/sup> \u00e0 l\u2019abandon depuis des lustres et squatt\u00e9e \u00e0 plusieurs reprises. Seule certitude sur ces sites occup\u00e9s depuis des ann\u00e9es par des familles originaires de Roumanie, les expulsions sont pendantes. Et \u00ab<i>\u00a0<\/i><i>le concours de la force publique est accord\u00e9<\/i>\u00a0\u00bb, pr\u00e9cise ma\u00eetre Adam Borie, avocat au barreau de Marseille. Quant aux dates\u00a0?<\/p>\n<p>Sollicit\u00e9e \u00e0 plusieurs reprises, la pr\u00e9fecture ne r\u00e9pond pas. De quoi laisser l\u2019angoisse s\u2019installer. D\u2019autant plus que la rentr\u00e9e scolaire approche et que sur chacun des sites, de nombreux enfants sont scolaris\u00e9s. La Ville, propri\u00e9taire du site, motive quant \u00e0 elle la demande d\u2019\u00e9vacuation par\u00a0: \u00ab\u00a0<i>Un danger sur un b\u00e2timent qui reste occup\u00e9, une activit\u00e9 de ferraille et des conditions d\u2019occupation qui pr\u00e9sentent un danger pour eux comme pour les riverains, le non-respect des installations d\u2019acc\u00e8s \u00e0 l\u2019eau, \u00e0 l\u2019\u00e9lectricit\u00e9 et \u00e0 l\u2019hygi\u00e8ne en d\u00e9pit d\u2019un grand travail d\u2019accompagnement pour s\u00e9curiser le site.<\/i>\u00a0\u00bb Pour autant, elle avait port\u00e9 \u00ab\u00a0<i>une exigence de relogement<\/i><i>\u00a0<\/i>\u00bb, qui incombe \u00e0 l\u2019\u00c9tat.<\/p>\n<p>\u00ab\u00a0<i>Les expulsions produisent une rupture dans le parcours de soins des personnes malades, le suivi des femmes enceintes et l\u2019accompagnement social<\/i>\u00a0\u00bb, ajoute Laurent Sapin, \u00e0 l\u2019origine de la conf\u00e9rence de presse. Car il se d\u00e9gage un sc\u00e9nario trop couru pour \u00eatre ignor\u00e9, dans ces injonctions \u00e0 quitter le terrain. \u00c0 l\u2019\u00e9coute, le p\u00e8re Paul Daniel, qui a offici\u00e9 \u00e0 la Belle de Mai, se souvient avoir ouvert les portes de la paroisse \u00e0 des familles expuls\u00e9es, un soir d\u2019octobre 2012, par un fort mistral, \u00ab\u00a0<i>des enfants, des personnes \u00e2g\u00e9es, des malades, \u00e9puis\u00e9s par la marche<\/i>\u00a0\u00bb, traqu\u00e9es par les CRS pour les emp\u00eacher de s\u2019installer dans une nouvelle friche.<\/p>\n<\/p><\/div>\n<div class=\"intext\"> Des droits \u00e0 d\u00e9fendre\n              <\/div>\n<div class=\"paragraph\">\n<p>Elena, qui vit \u00e0 Marseille depuis 15\u00a0ans, \u00ab<i>\u00a0<\/i><i>repr\u00e9sente une association de soutien aux familles roms<\/i><i>\u00a0<\/i>\u00bb et t\u00e9moigne\u00a0: \u00ab\u00a0<i>On en a marre de changer d\u2019endroit \u00e0 chaque fois que la police vient nous d\u00e9loger. \u00c0 chaque fois, c\u2019est justifi\u00e9 par la question de la s\u00e9curit\u00e9. Mais il n\u2019y a jamais de solution durable.<\/i><i>\u00a0<\/i>\u00bb<i> <\/i>Elle argumente et interroge\u00a0: \u00ab\u00a0<i>Quand dans les bidonvilles ont \u00e9t\u00e9 \u00e9vacu\u00e9s, des logements ont \u00e9t\u00e9 construits pour reloger. Pourquoi les autorit\u00e9s ne choisissent pas le dialogue plut\u00f4t que l\u2019expulsion qui co\u00fbte plus cher. \u00c9vacuer un terrain, c\u2019est 4<\/i><i>\u00a0<\/i><i>000<\/i><i>\u00a0<\/i><i>euros.<\/i>\u00a0\u00bb Et r\u00e9pond \u00e0 son tour\u00a0: \u00ab\u00a0<i>On nous demande pourquoi on vit en groupe. C\u2019est pour se prot\u00e9ger des violences.<\/i>\u00a0\u00bb Car les cas n\u2019ont pas manqu\u00e9, d\u2019attaques violentes, de tentatives d\u2019incendie.<\/p>\n<p>\u00ab\u00a0<i>Oui, il y a des nuisances qui peuvent exc\u00e9der les voisins<\/i>\u00a0\u00bb, reconna\u00eet Framboise Robert, responsable de l\u2019association culturelle Arte Cavhalo. Rare signataire \u00e0 conna\u00eetre la situation de tr\u00e8s pr\u00e8s pour avoir travaill\u00e9 plus de 16\u00a0ans avec les enfants des squats. \u00ab<i>\u00a0<\/i><i>Mais si on nous laissait le temps d\u2019organiser des activit\u00e9s avec des aides, bien encadr\u00e9es, bien g\u00e9r\u00e9es, avec un budget au lieu de couper les subventions des associations, \u00e7a pourrait bien se passer.<\/i><i>\u00a0<\/i>\u00bb \u00c0 Gardanne ou \u00e0 Lyon, des exp\u00e9riences d\u2019accompagnement ont fait leurs preuves. \u00ab\u00a0<i>Ici, les projets sur les friches Euromed n\u2019ont fait que repousser les squats, de Bougainville \u00e0 G\u00e8ze, \u00e0 la Belle de Mai<\/i><i>\u00a0<\/i>\u00bb, regrette-t-elle.<\/p>\n<p>\u00ab\u00a0<i>Nous devons faire entendre notre voix<\/i>\u00a0\u00bb ont convenu les familles. \u00ab\u00a0<i>Nous sommes ici pour dire que ces familles ne sont pas seules<\/i><i>\u00a0<\/i>\u00bb, a rappel\u00e9 Laurent Sapin avec \u00e0 ses c\u00f4t\u00e9s une militante de Front commun et Imram Trocm\u00e9, \u00e9lu LFI des 4-5. Une repr\u00e9sentante d\u2019Un centre-ville pour tous et du Collectif d\u2019habitants organis\u00e9s du 3<sup>e<\/sup> (CGO3) propose \u00ab<i>\u00a0<\/i><i>d\u2019agir ensemble, de cr\u00e9er des liens<\/i><i>\u00a0<\/i>\u00bb. Le premier pas se fera sur le plan judiciaire. Sans toit, ces familles ne sont pas sans droits. Ma\u00eetre Adam Borie annonce\u00a0: \u00ab\u00a0<i>Ces familles n\u2019\u00e9taient pas repr\u00e9sent\u00e9es lors de l\u2019ordonnance. Elles ont droit au d\u00e9bat devant un juge. Nous allons saisir le Juge de l\u2019ex\u00e9cution.<\/i><i>\u00a0<\/i>\u00bb De quoi gagner un d\u00e9lai.<\/p>\n<\/p><\/div>\n","protected":false},"excerpt":{"rendered":"Un terrain &agrave; la Valentine dans le 11e&nbsp;arrondissement, un autre dans le 15e, une caserne dans le 3e &agrave; l&rsquo;abandon depuis des lustres et squatt&eacute;e &agrave; plusieurs reprises. Seule certitude sur ces sites occup&eacute;s &#8230;","protected":false},"author":1,"featured_media":39656,"comment_status":"open","ping_status":"open","sticky":false,"template":"","format":"standard","meta":{"footnotes":""},"categories":[3926,3925,330,20],"tags":[964,138,1124,10,430,5820,822,309,1026,57,1405,754,541,16,1263,1943,1131,1064,2692,260,6230,916,99],"news-destination":[3944],"news-source":[475],"is_homepage":[],"ta_other":[],"class_list":["post-39655","post","type-post","status-publish","format-standard","has-post-thumbnail","hentry","category-accueil-merge","category-accueil-third","category-politique","category-societe","tag-accompagnement","tag-associations","tag-belle-de-mai","tag-bouches-du-rhone","tag-budget","tag-conference-de-presse","tag-coupes-budgetaires","tag-eau","tag-electricite","tag-enfants","tag-expulsion","tag-familles","tag-lfi","tag-marseille","tag-militants","tag-personnes-agees","tag-prefecture","tag-riverains","tag-roms","tag-solidarite","tag-squats","tag-subventions","tag-ville-de-marseille","news-destination-homepage","news-source-website"],"_links":{"self":[{"href":"https:\/\/euapp01.newsmemory.com\/lamarseillaise\/news\/wp-json\/wp\/v2\/posts\/39655","targetHints":{"allow":["GET"]}}],"collection":[{"href":"https:\/\/euapp01.newsmemory.com\/lamarseillaise\/news\/wp-json\/wp\/v2\/posts"}],"about":[{"href":"https:\/\/euapp01.newsmemory.com\/lamarseillaise\/news\/wp-json\/wp\/v2\/types\/post"}],"author":[{"embeddable":true,"href":"https:\/\/euapp01.newsmemory.com\/lamarseillaise\/news\/wp-json\/wp\/v2\/users\/1"}],"replies":[{"embeddable":true,"href":"https:\/\/euapp01.newsmemory.com\/lamarseillaise\/news\/wp-json\/wp\/v2\/comments?post=39655"}],"version-history":[{"count":1,"href":"https:\/\/euapp01.newsmemory.com\/lamarseillaise\/news\/wp-json\/wp\/v2\/posts\/39655\/revisions"}],"predecessor-version":[{"id":39657,"href":"https:\/\/euapp01.newsmemory.com\/lamarseillaise\/news\/wp-json\/wp\/v2\/posts\/39655\/revisions\/39657"}],"wp:featuredmedia":[{"embeddable":true,"href":"https:\/\/euapp01.newsmemory.com\/lamarseillaise\/news\/wp-json\/wp\/v2\/media\/39656"}],"wp:attachment":[{"href":"https:\/\/euapp01.newsmemory.com\/lamarseillaise\/news\/wp-json\/wp\/v2\/media?parent=39655"}],"wp:term":[{"taxonomy":"category","embeddable":true,"href":"https:\/\/euapp01.newsmemory.com\/lamarseillaise\/news\/wp-json\/wp\/v2\/categories?post=39655"},{"taxonomy":"post_tag","embeddable":true,"href":"https:\/\/euapp01.newsmemory.com\/lamarseillaise\/news\/wp-json\/wp\/v2\/tags?post=39655"},{"taxonomy":"news-destination","embeddable":true,"href":"https:\/\/euapp01.newsmemory.com\/lamarseillaise\/news\/wp-json\/wp\/v2\/news-destination?post=39655"},{"taxonomy":"news-source","embeddable":true,"href":"https:\/\/euapp01.newsmemory.com\/lamarseillaise\/news\/wp-json\/wp\/v2\/news-source?post=39655"},{"taxonomy":"is_homepage","embeddable":true,"href":"https:\/\/euapp01.newsmemory.com\/lamarseillaise\/news\/wp-json\/wp\/v2\/is_homepage?post=39655"},{"taxonomy":"ta_other","embeddable":true,"href":"https:\/\/euapp01.newsmemory.com\/lamarseillaise\/news\/wp-json\/wp\/v2\/ta_other?post=39655"}],"curies":[{"name":"wp","href":"https:\/\/api.w.org\/{rel}","templated":true}]}}