{"id":39652,"date":"2026-08-19T07:19:00","date_gmt":"2026-08-19T05:19:00","guid":{"rendered":"https:\/\/euapp01.newsmemory.com\/lamarseillaise\/news\/?p=39652"},"modified":"2026-08-24T07:00:14","modified_gmt":"2026-08-24T05:00:14","slug":"lallocation-de-rentree-victime-de-son-succes","status":"publish","type":"post","link":"https:\/\/euapp01.newsmemory.com\/lamarseillaise\/news\/2026\/08\/19\/lallocation-de-rentree-victime-de-son-succes\/","title":{"rendered":"L\u2019allocation de rentr\u00e9e victime de son succ\u00e8s"},"content":{"rendered":"<div class=\"paragraph\">\n<p>\u00ab <i>S<\/i><i>ans cette aide, on n\u2019y arriverait pas.<\/i><i>\u00a0<\/i>\u00bb Safia, accompagn\u00e9e de ses deux minots, Na\u00ebl et Na\u00efl, \u00e9cume le rayon bureau du magasin Action du Centre Bourse \u00e0 Marseille, ce mardi. Dans son caddie, on retrouve des cahiers, des stylos, des classeurs&#8230; En bref, l\u2019ensemble de l\u2019attirail n\u00e9cessaire pour \u00e9quiper les petits \u00e9coliers. \u00ab\u00a0<i>Avec mes deux enfants, j\u2019en ai pour plusieurs dizaines d\u2019euros juste en cahiers&#8230; Et je ne parle m\u00eame pas du sac et des livres<\/i><i>\u00a0<\/i><i>!<\/i><i>\u00a0<\/i>\u00bb, d\u00e9veloppe la Marseillaise.<\/p>\n<p>Autour d\u2019elle, plusieurs familles font de m\u00eame et il faut parfois un peu jouer des coudes pour se frayer un chemin dans les trav\u00e9es. D\u2019un c\u00f4t\u00e9, une m\u00e8re questionne sa fille qui a la liste de courses \u00e0 la main\u00a0: \u00ab\u00a0<i>C\u2019est bien un classeur avec 4 anneaux qu\u2019il faut<\/i><i>\u00a0<\/i><i>?<\/i><i>\u00a0<\/i>\u00bb De l\u2019autre, un minot tire la manche de son p\u00e8re en direction des casques et autres souris pour jeux vid\u00e9o du rayon adjacent. Pas de chance, c\u2019est bien pour la rentr\u00e9e scolaire qu\u2019ils sont venus et le petit polisson est vite rappel\u00e9 \u00e0 l\u2019ordre.<\/p>\n<\/p><\/div>\n<div class=\"intext\"> 70\u00a0millions d\u2019euros<br \/>\n               <br \/>dans le d\u00e9partement\n              <\/div>\n<div class=\"paragraph\">\n<p>Car si le magasin fait le plein en ce 18\u00a0ao\u00fbt, c\u2019est notamment car l\u2019allocation de rentr\u00e9e scolaire (ARS) a \u00e9t\u00e9 vers\u00e9e ce jour. Dans les Bouches-du-Rh\u00f4ne plus de 94\u00a0000\u00a0familles \u00e9ligibles ont re\u00e7u cette aide qui oscille entre 426 et 466\u00a0euros par enfant, selon les chiffres de la CAF (Caisse d\u2019allocations familiales) publi\u00e9s ce mardi. Cette derni\u00e8re rappelle justement qu\u2019\u00e0 \u00ab\u00a0<i>chaque rentr\u00e9e scolaire, les familles font face \u00e0 un surcro\u00eet de d\u00e9penses qui peut mettre en difficult\u00e9 les plus modestes<\/i><i>\u00a0<\/i>\u00bb et \u00e9voque une \u00ab\u00a0<i>aide indispensable aux familles modestes<\/i><i>\u00a0<\/i>\u00bb.<\/p>\n<p>Safia, m\u00e8re c\u00e9libataire au petit salaire confirme\u00a0: \u00ab<i>\u00a0<\/i><i>C\u2019est d\u00e9j\u00e0 compliqu\u00e9 de finir le mois en temps normal. Si l\u2019allocation n\u2019\u00e9tait pas l\u00e0, on ne pourrait pas acheter tout ce qu\u2019il faut pour l\u2019\u00e9cole, ou alors il faudrait taper dans d\u2019autres d\u00e9penses.<\/i>\u00a0\u00bb La CAF fait d\u2019ailleurs \u00e9cho aux propos de la Marseillaise dans son analyse\u00a0: \u00ab<i>\u00a0<\/i><i>Pour faire face \u00e0 cette d\u00e9pense suppl\u00e9mentaire les familles adoptent diverses strat\u00e9gies comme la r\u00e9duction des autres d\u00e9penses du foyer. Si elles n\u2019avaient pas per\u00e7u l\u2019ARS, elles auraient d\u00fb diminuer encore plus leurs autres d\u00e9penses.<\/i><i>\u00a0<\/i>\u00bb<\/p>\n<p>Rappelons que l\u2019ARS est vers\u00e9e, sous conditions, pour les enfants scolaris\u00e9s de 6 \u00e0 18 ans selon les revenus de leurs parents. Dans le d\u00e9partement, le montant total de l\u2019aide s\u2019\u00e9l\u00e8ve \u00e0 70\u00a0548\u00a0129\u00a0euros. C\u2019est dire les besoins&#8230; Et sur le terrain, elle est visiblement victime de son succ\u00e8s vu l\u2019affluence au Centre Bourse. Juste \u00e0 c\u00f4t\u00e9 du magasin Action, on retrouve Chaussea d\u2019o\u00f9 sort \u00e9galement une famille avec une paire de chaussures neuves pour sa minote. \u00c0 l\u2019\u00e9tage du dessus, le rayon pour la rentr\u00e9e scolaire de la Fnac attire aussi quelques familles. Bien loin donc des fantasmes d\u2019achats de t\u00e9l\u00e9 et smartphone relay\u00e9s par certains m\u00e9dias&#8230;<\/p>\n<\/p><\/div>\n<div class=\"paragraph\">\n<p><b>Emma\u00fcs d\u00e9monte les clich\u00e9s<\/b><\/p>\n<p>Dans une enqu\u00eate publi\u00e9e ce mardi, Emma\u00fcs France questionne \u00ab \u00c0 quoi sert l\u2019allocation de rentr\u00e9e scolaire ? \u00bb, en r\u00e9ponse aux clich\u00e9s naus\u00e9abonds distill\u00e9s dans certains m\u00e9dias relayant l\u2019id\u00e9e que l\u2019ARS serve \u00e0 payer des \u00ab abonnements Netflix \u00bb. Avec une s\u00e9rie d\u2019une vingtaine d\u2019entretiens aupr\u00e8s de familles modestes, Emma\u00fcs montre la r\u00e9alit\u00e9 de l\u2019utilisation de l\u2019ARS : \u00ab Elle permet d\u2019acheter des fournitures, des v\u00eatements ou des \u00e9quipements neufs, plus solides ou de meilleure qualit\u00e9 que ceux auxquels ces familles ont habituellement acc\u00e8s. \u00bb Et insiste : \u00ab <i>Les enqu\u00eates statistiques convergent sur un point : les d\u00e9penses support\u00e9es par les familles \u00e0 la rentr\u00e9e sont proches du montant de l\u2019allocation.<\/i> \u00bb Un lien direct entre rentr\u00e9e scolaire et cette allocation donc.<\/p>\n<p>A.B.<\/p>\n<\/p><\/div>\n","protected":false},"excerpt":{"rendered":"&laquo; Sans cette aide, on n&rsquo;y arriverait pas.&nbsp;&raquo; Safia, accompagn&eacute;e de ses deux minots, Na&euml;l et Na&iuml;l, &eacute;cume le rayon bureau du magasin Action du Centre Bourse &agrave; Marseille, ce mardi. Dans son caddie, &#8230;","protected":false},"author":1,"featured_media":39653,"comment_status":"open","ping_status":"open","sticky":false,"template":"","format":"standard","meta":{"footnotes":""},"categories":[3926,3925,331,20],"tags":[1129,10,1598,2996,1728,133,2994,16,978,712,1052,2959],"news-destination":[3944],"news-source":[475],"is_homepage":[],"ta_other":[],"class_list":["post-39652","post","type-post","status-publish","format-standard","has-post-thumbnail","hentry","category-accueil-merge","category-accueil-third","category-social","category-societe","tag-ars","tag-bouches-du-rhone","tag-caf","tag-centre-bourse","tag-chaussures","tag-departement","tag-magasins","tag-marseille","tag-parents","tag-rentree-scolaire","tag-revenus","tag-smartphone","news-destination-homepage","news-source-website"],"_links":{"self":[{"href":"https:\/\/euapp01.newsmemory.com\/lamarseillaise\/news\/wp-json\/wp\/v2\/posts\/39652","targetHints":{"allow":["GET"]}}],"collection":[{"href":"https:\/\/euapp01.newsmemory.com\/lamarseillaise\/news\/wp-json\/wp\/v2\/posts"}],"about":[{"href":"https:\/\/euapp01.newsmemory.com\/lamarseillaise\/news\/wp-json\/wp\/v2\/types\/post"}],"author":[{"embeddable":true,"href":"https:\/\/euapp01.newsmemory.com\/lamarseillaise\/news\/wp-json\/wp\/v2\/users\/1"}],"replies":[{"embeddable":true,"href":"https:\/\/euapp01.newsmemory.com\/lamarseillaise\/news\/wp-json\/wp\/v2\/comments?post=39652"}],"version-history":[{"count":1,"href":"https:\/\/euapp01.newsmemory.com\/lamarseillaise\/news\/wp-json\/wp\/v2\/posts\/39652\/revisions"}],"predecessor-version":[{"id":39654,"href":"https:\/\/euapp01.newsmemory.com\/lamarseillaise\/news\/wp-json\/wp\/v2\/posts\/39652\/revisions\/39654"}],"wp:featuredmedia":[{"embeddable":true,"href":"https:\/\/euapp01.newsmemory.com\/lamarseillaise\/news\/wp-json\/wp\/v2\/media\/39653"}],"wp:attachment":[{"href":"https:\/\/euapp01.newsmemory.com\/lamarseillaise\/news\/wp-json\/wp\/v2\/media?parent=39652"}],"wp:term":[{"taxonomy":"category","embeddable":true,"href":"https:\/\/euapp01.newsmemory.com\/lamarseillaise\/news\/wp-json\/wp\/v2\/categories?post=39652"},{"taxonomy":"post_tag","embeddable":true,"href":"https:\/\/euapp01.newsmemory.com\/lamarseillaise\/news\/wp-json\/wp\/v2\/tags?post=39652"},{"taxonomy":"news-destination","embeddable":true,"href":"https:\/\/euapp01.newsmemory.com\/lamarseillaise\/news\/wp-json\/wp\/v2\/news-destination?post=39652"},{"taxonomy":"news-source","embeddable":true,"href":"https:\/\/euapp01.newsmemory.com\/lamarseillaise\/news\/wp-json\/wp\/v2\/news-source?post=39652"},{"taxonomy":"is_homepage","embeddable":true,"href":"https:\/\/euapp01.newsmemory.com\/lamarseillaise\/news\/wp-json\/wp\/v2\/is_homepage?post=39652"},{"taxonomy":"ta_other","embeddable":true,"href":"https:\/\/euapp01.newsmemory.com\/lamarseillaise\/news\/wp-json\/wp\/v2\/ta_other?post=39652"}],"curies":[{"name":"wp","href":"https:\/\/api.w.org\/{rel}","templated":true}]}}