{"id":39649,"date":"2026-08-19T07:17:00","date_gmt":"2026-08-19T05:17:00","guid":{"rendered":"https:\/\/euapp01.newsmemory.com\/lamarseillaise\/news\/?p=39649"},"modified":"2026-08-23T16:26:35","modified_gmt":"2026-08-23T14:26:35","slug":"a-six-fours-le-maire-rn-frederic-boccaletti-ejecte-sa-premiere-adjointe","status":"publish","type":"post","link":"https:\/\/euapp01.newsmemory.com\/lamarseillaise\/news\/2026\/08\/19\/a-six-fours-le-maire-rn-frederic-boccaletti-ejecte-sa-premiere-adjointe\/","title":{"rendered":"\u00c0 Six-Fours, le maire RN Fr\u00e9d\u00e9ric Boccaletti \u00e9jecte sa premi\u00e8re adjointe"},"content":{"rendered":"<div class=\"paragraph\">\n<p>Fr\u00e9d\u00e9ric Boccaletti (RN) vient de retirer l\u2019ensemble de ses d\u00e9l\u00e9gations \u00e0 sa premi\u00e8re adjointe Carolyn Salva, une pr\u00e9sidente d\u2019association pas suffisamment en phase, on dirait, avec la ligne d\u2019un parti auquel du reste elle n\u2019a jamais appartenu. Et cela alors que l\u2019int\u00e9ress\u00e9e est absente, partie en vacances avec sa fille.<\/p>\n<p>Une mise \u00e0 l\u2019\u00e9cart exp\u00e9ditive puisque le conseil municipal va se r\u00e9unir d\u00e8s samedi pour d\u00e9signer une ou un rempla\u00e7ant plus docile ou plus proche des id\u00e9es d\u2019extr\u00eame droite. En charge des affaires sociales et des solidarit\u00e9s, peut-\u00eatre a-t-elle touch\u00e9 du doigt le double discours du Rassemblement national et refus\u00e9 de cautionner l\u2019imposture. Ce qui aurait provoqu\u00e9 l\u2019ire du premier magistrat et sa r\u00e9vocation pure et simple. Le sieur Boccaletti n\u2019a lui en revanche rien d\u2019un tendre ou d\u2019une brebis \u00e9gar\u00e9e mais bien, malgr\u00e9 l\u2019image qu\u2019il est parvenu \u00e0 imposer et les sourires de fa\u00e7ade, un id\u00e9ologue pur et dur. Pour m\u00e9moire l\u2019ancien libraire n\u00e9gationniste a \u00e9t\u00e9 condamn\u00e9 en 2000 \u00e0 un an de prison dont six mois ferme pour \u00ab\u00a0violence en r\u00e9union avec arme\u00a0\u00bb.<\/p>\n<\/p><\/div>\n<div class=\"intext\"> L\u2019imposture manifeste<br \/>\n               <br \/>de l\u2019extr\u00eame droite\n              <\/div>\n<div class=\"paragraph\">\n<p>Mais que diable allait-elle faire dans cette gal\u00e8re\u00a0? Contact\u00e9e hier par message sur les r\u00e9seaux sociaux, Carolyn Salva a promis de s\u2019exprimer publiquement sur les raisons de son \u00e9viction d\u00e8s son retour sur la terre ferme le 29\u00a0ao\u00fbt.<\/p>\n<p>En attendant, c\u2019est vrai que beaucoup de militants associatifs connaissant l\u2019engagement de l\u2019int\u00e9ress\u00e9e en mati\u00e8re d\u2019inclusion des personnes, notamment des enfants, en situation de handicap \u00e0 la t\u00eate de l\u2019Attrap\u2019R\u00eaves, s\u2019\u00e9taient \u00e9mus de la retrouver aux c\u00f4t\u00e9s de Fr\u00e9d\u00e9ric Boccaletti. Le genre de prise de guerre dont le RN a besoin pour gagner les \u00e9lections municipales en faisant campagne localement pour des listes soi-disant sans \u00e9tiquette, ouvertes \u00e0 la soci\u00e9t\u00e9 civile.<\/p>\n<p>En attendant, cinq mois seulement apr\u00e8s l\u2019installation de la majorit\u00e9 municipale qui a gagn\u00e9 de quelques voix \u00e0 peine, le maire s\u2019ampute de sa premi\u00e8re adjointe, c\u2019est-\u00e0-dire de la personne cens\u00e9e lui \u00eatre le plus proche, ce qui fait plus que d\u00e9sordre.<\/p>\n<p>Interrog\u00e9 par notre confr\u00e8re de <i>Var-matin<\/i> ce dernier a mis laconiquement en avant quelques \u00ab<i>\u00a0<\/i><i>divergences sur la conduite des affaires municipale<\/i>s\u00a0\u00bb.<\/p>\n<p>Par pudeur, certainement.<\/p>\n<\/p><\/div>\n","protected":false},"excerpt":{"rendered":"Fr&eacute;d&eacute;ric Boccaletti (RN) vient de retirer l&rsquo;ensemble de ses d&eacute;l&eacute;gations &agrave; sa premi&egrave;re adjointe Carolyn Salva, une pr&eacute;sidente d&rsquo;association pas suffisamment en phase, on dirait, avec la &#8230;","protected":false},"author":1,"featured_media":39650,"comment_status":"open","ping_status":"open","sticky":false,"template":"","format":"standard","meta":{"footnotes":""},"categories":[3926,3925,330,20],"tags":[328,441,1066,544,2289,194,554,31,5728],"news-destination":[3944],"news-source":[475],"is_homepage":[],"ta_other":[],"class_list":["post-39649","post","type-post","status-publish","format-standard","has-post-thumbnail","hentry","category-accueil-merge","category-accueil-third","category-politique","category-societe","tag-engagement","tag-extreme-droite","tag-handicap","tag-rassemblement-national","tag-six-fours-les-plages","tag-social","tag-societe-civile","tag-var","tag-var-matin","news-destination-homepage","news-source-website"],"_links":{"self":[{"href":"https:\/\/euapp01.newsmemory.com\/lamarseillaise\/news\/wp-json\/wp\/v2\/posts\/39649","targetHints":{"allow":["GET"]}}],"collection":[{"href":"https:\/\/euapp01.newsmemory.com\/lamarseillaise\/news\/wp-json\/wp\/v2\/posts"}],"about":[{"href":"https:\/\/euapp01.newsmemory.com\/lamarseillaise\/news\/wp-json\/wp\/v2\/types\/post"}],"author":[{"embeddable":true,"href":"https:\/\/euapp01.newsmemory.com\/lamarseillaise\/news\/wp-json\/wp\/v2\/users\/1"}],"replies":[{"embeddable":true,"href":"https:\/\/euapp01.newsmemory.com\/lamarseillaise\/news\/wp-json\/wp\/v2\/comments?post=39649"}],"version-history":[{"count":1,"href":"https:\/\/euapp01.newsmemory.com\/lamarseillaise\/news\/wp-json\/wp\/v2\/posts\/39649\/revisions"}],"predecessor-version":[{"id":39651,"href":"https:\/\/euapp01.newsmemory.com\/lamarseillaise\/news\/wp-json\/wp\/v2\/posts\/39649\/revisions\/39651"}],"wp:featuredmedia":[{"embeddable":true,"href":"https:\/\/euapp01.newsmemory.com\/lamarseillaise\/news\/wp-json\/wp\/v2\/media\/39650"}],"wp:attachment":[{"href":"https:\/\/euapp01.newsmemory.com\/lamarseillaise\/news\/wp-json\/wp\/v2\/media?parent=39649"}],"wp:term":[{"taxonomy":"category","embeddable":true,"href":"https:\/\/euapp01.newsmemory.com\/lamarseillaise\/news\/wp-json\/wp\/v2\/categories?post=39649"},{"taxonomy":"post_tag","embeddable":true,"href":"https:\/\/euapp01.newsmemory.com\/lamarseillaise\/news\/wp-json\/wp\/v2\/tags?post=39649"},{"taxonomy":"news-destination","embeddable":true,"href":"https:\/\/euapp01.newsmemory.com\/lamarseillaise\/news\/wp-json\/wp\/v2\/news-destination?post=39649"},{"taxonomy":"news-source","embeddable":true,"href":"https:\/\/euapp01.newsmemory.com\/lamarseillaise\/news\/wp-json\/wp\/v2\/news-source?post=39649"},{"taxonomy":"is_homepage","embeddable":true,"href":"https:\/\/euapp01.newsmemory.com\/lamarseillaise\/news\/wp-json\/wp\/v2\/is_homepage?post=39649"},{"taxonomy":"ta_other","embeddable":true,"href":"https:\/\/euapp01.newsmemory.com\/lamarseillaise\/news\/wp-json\/wp\/v2\/ta_other?post=39649"}],"curies":[{"name":"wp","href":"https:\/\/api.w.org\/{rel}","templated":true}]}}