{"id":39646,"date":"2026-08-19T07:02:00","date_gmt":"2026-08-19T05:02:00","guid":{"rendered":"https:\/\/euapp01.newsmemory.com\/lamarseillaise\/news\/?p=39646"},"modified":"2026-08-22T20:22:10","modified_gmt":"2026-08-22T18:22:10","slug":"entretien-neirlay-andrad-au-venezuela-le-rejet-de-toute-forme-de-domination","status":"publish","type":"post","link":"https:\/\/euapp01.newsmemory.com\/lamarseillaise\/news\/2026\/08\/19\/entretien-neirlay-andrad-au-venezuela-le-rejet-de-toute-forme-de-domination\/","title":{"rendered":"[Entretien] Neirlay Andrad, Au Venezuela, le rejet de \u00ab&nbsp;toute forme de domination&nbsp;\u00bb"},"content":{"rendered":"<div class=\"paragraph\">\n<p><b>Depuis l\u2019enl\u00e8vement ill\u00e9gal par les \u00c9tats-Unis du pr\u00e9sident du Venezuela Nicol\u00e1s Maduro, le pays est dirig\u00e9 par la pr\u00e9sidente par int\u00e9rim Delcy Rodriguez. Celle-ci semble s\u2019\u00eatre accommod\u00e9e de la tutelle impos\u00e9e par Washington \u00e0 Caracas, acc\u00e9dant \u00e0 chacune des exigences de l\u2019administration de Donald Trump<\/b><b>\u00a0<\/b><b>; entre exploitation de la reprise de l\u2019activit\u00e9 p\u00e9troli\u00e8re au profit des multinationales am\u00e9ricaines &#8211; mais pas des habitants &#8211; et r\u00e9tablissement des relations consulaires avec Isra\u00ebl. Pendant ce temps, la population v\u00e9n\u00e9zu\u00e9lienne peine \u00e0 se relever des cons\u00e9quences des s\u00e9ismes, plongeant davantage dans la pauvret\u00e9.<\/b><\/p>\n<\/p><\/div>\n<div class=\"paragraph\">\n<p>La Marseillaise\u00a0: <b>Quelle est la situation politique dans le pays depuis le d\u00e9but de la \u00ab<\/b><b>\u00a0<\/b><b>tutelle<\/b><b>\u00a0<\/b><b>\u00bb am\u00e9ricaine<\/b><b>\u00a0<\/b><b>?<\/b><\/p>\n<p>Neirlay Andrade\u00a0: Le triumvirat dirig\u00e9 par Delcy Rodr\u00edguez, son fr\u00e8re et pr\u00e9sident du Parlement, Jorge Rodr\u00edguez, et le ministre de l\u2019Int\u00e9rieur, Diosdado Cabello, exerce ill\u00e9galement le contr\u00f4le interne. Le gouvernement aurait d\u00fb organiser des \u00e9lections apr\u00e8s l\u2019enl\u00e8vement de Nicol\u00e1s Maduro, comme le pr\u00e9voit la Constitution. Or, ce groupe s\u2019est empar\u00e9 du pouvoir et agit sous la direction de la Maison Blanche. Pour Washington, la priorit\u00e9 imm\u00e9diate n\u2019est pas le r\u00e9tablissement de la souverainet\u00e9 populaire ou des libert\u00e9s d\u00e9mocratiques, comme on le faisait croire \u00e0 l\u2019opinion publique. Son v\u00e9ritable objectif est de garantir des conditions favorables au pillage du pays, et le PSUV [le Parti socialiste unifi\u00e9 du Venezuela, au pouvoir, Ndlr.] en est devenu le garant. Pendant des ann\u00e9es, le gouvernement de Maduro a construit un faux discours de confrontation avec les \u00c9tats-Unis. Aujourd\u2019hui, cette relation est pr\u00e9sent\u00e9e comme une n\u00e9cessit\u00e9. Le peuple v\u00e9n\u00e9zu\u00e9lien doit r\u00e9soudre sa crise politique et sociale sans que Washington ne d\u00e9cide de la date des \u00e9lections, des personnes autoris\u00e9es \u00e0 y participer ou de la mani\u00e8re dont le p\u00e9trole sera g\u00e9r\u00e9. Cela ne signifie pas pour autant d\u00e9fendre l\u2019ancien gouvernement de Maduro ni ignorer la profonde crise politique qui l\u2019a pr\u00e9c\u00e9d\u00e9. C\u2019est pr\u00e9cis\u00e9ment parce que nous d\u00e9non\u00e7ons l\u2019autoritarisme, la corruption et la destruction des droits d\u00e9mocratiques sous le PSUV que nous refusons la solution consistant \u00e0 remplacer une forme de subordination par une autre. L\u2019alternative pour le Venezuela ne peut pas \u00eatre de choisir entre l\u2019autoritarisme du PSUV et la tutelle imp\u00e9rialiste.<\/p>\n<p><b>Les manifestations contre l\u2019imp\u00e9rialisme am\u00e9ricain sont-elles fr\u00e9quentes<\/b><b>\u00a0<\/b><b>? <\/b><\/p>\n<p>N.A.\u00a0: Il n\u2019y a pas eu de mobilisations anti-imp\u00e9rialistes massives depuis le 3\u00a0janvier. La direction du parti au pouvoir a neutralis\u00e9 toute initiative susceptible de compromettre ses relations avec la Maison Blanche. La campagne exigeant la lib\u00e9ration de Maduro et son retour au Venezuela a \u00e9t\u00e9 brusquement abandonn\u00e9e et remplac\u00e9e par une campagne visant \u00e0 promouvoir la \u00ab\u00a0renaissance\u00a0\u00bb du pays dans le cadre d\u2019un nouveau dispositif de \u00ab\u00a0coop\u00e9ration\u00a0\u00bb avec Washington. Cependant, des manifestations antisionistes importantes ont r\u00e9cemment eu lieu dans plusieurs villes du pays, en signe de rejet de la pr\u00e9sence des forces militaires isra\u00e9liennes, int\u00e9gr\u00e9es \u00e0 l\u2019\u00e9quipe charg\u00e9e de diriger le processus de reconstruction des zones sinistr\u00e9es \u00e0 la suite des tremblements de terre. Ces rassemblements, bien que de faible ampleur, ont \u00e9t\u00e9 men\u00e9s par des militants de base du PSUV qui rejettent le revirement op\u00e9r\u00e9 par la direction du parti [qui a r\u00e9tabli les liens consulaires avec Isra\u00ebl, Ndlr.]. Le PCV \u0153uvre aux c\u00f4t\u00e9s d\u2019organisations politiques et sociales \u00e0 la construction d\u2019une alternative d\u00e9mocratique, populaire et souveraine, visant \u00e0 r\u00e9tablir la Constitution et \u00e0 lutter contre le pillage, l\u2019autoritarisme et toute forme de domination \u00e9trang\u00e8re.<\/p>\n<p><b>Marco Rubio a \u00e9t\u00e9 qualifi\u00e9 par le <\/b><i><b>New York Times<\/b><\/i><b> comme le \u00ab<\/b><b>\u00a0<\/b><b>vice-roi du Venezuela<\/b><b>\u00a0<\/b><b>\u00bb. Qu\u2019est-ce que cela signifie<\/b><b>\u00a0<\/b><b>? <\/b><\/p>\n<p>N.A.\u00a0: Marco Rubio joue un r\u00f4le cl\u00e9 dans la domination des \u00c9tats-Unis sur le Venezuela. Il a \u00e9t\u00e9 l\u2019artisan du \u00ab\u00a0plan\u00a0\u00bb mis en \u0153uvre apr\u00e8s les bombardements du 3\u00a0janvier et propos\u00e9 une feuille de route en trois phases\u00a0: \u00ab\u00a0Stabilisation, relance et transition.\u00a0\u00bb La premi\u00e8re vise soi-disant \u00e0 \u00e9viter le chaos\u00a0; la deuxi\u00e8me phase est directement li\u00e9e \u00e0 la garantie de l\u2019acc\u00e8s des entreprises am\u00e9ricaines au p\u00e9trole v\u00e9n\u00e9zu\u00e9lien\u00a0; et la troisi\u00e8me serait une \u00e9ventuelle transition politique. En d\u2019autres termes, la soi-disant transition d\u00e9mocratique semble subordonn\u00e9e \u00e0 une phase pr\u00e9alable de stabilisation et de relance \u00e9conomique selon des conditions d\u00e9finies par les \u00c9tats-Unis.<\/p>\n<p><b>La production p\u00e9troli\u00e8re semble avoir repris mais qui profite des b\u00e9n\u00e9fices \u00e9conomiques<\/b><b>\u00a0<\/b><b>? <\/b><\/p>\n<p>N.A.\u00a0: Il est fondamental de savoir qui contr\u00f4le cette production, g\u00e8re les recettes et empoche les revenus p\u00e9troliers. Et c\u2019est l\u00e0 qu\u2019un changement tr\u00e8s important est en train de s\u2019op\u00e9rer. La nouvelle r\u00e9forme de la loi organique sur les hydrocarbures renforce l\u2019ouverture du secteur aux multinationales et r\u00e9duit la capacit\u00e9 de l\u2019\u00c9tat \u00e0 s\u2019approprier les revenus. Donc, m\u00eame si l\u2019\u00c9tat peut conserver formellement une participation au capital, il perd la capacit\u00e9 effective de d\u00e9cider de la gestion de l\u2019activit\u00e9 et de la part de ces revenus qui reste au Venezuela. Les fonds provenant de la commercialisation du p\u00e9trole sont g\u00e9r\u00e9s par le biais de m\u00e9canismes plac\u00e9s sous contr\u00f4le am\u00e9ricain. Selon Donald Trump, les \u00c9tats-Unis ont d\u00e9j\u00e0 tir\u00e9 plus de 13\u00a0milliards de dollars de la vente du p\u00e9trole v\u00e9n\u00e9zu\u00e9lien. \u00c0 cela s\u2019ajoute la ren\u00e9gociation de la dette ext\u00e9rieure. Le Venezuela est accabl\u00e9 par des obligations dont le montant r\u00e9el n\u2019est m\u00eame pas \u00e9tabli de mani\u00e8re transparente. La reprise du secteur p\u00e9trolier sert essentiellement \u00e0 satisfaire les cr\u00e9anciers et \u00e0 garantir les b\u00e9n\u00e9fices des multinationales, alors que les salaires et les retraites restent pratiquement gel\u00e9s, le peuple v\u00e9n\u00e9zu\u00e9lien n\u2019en profite pas. Cela se r\u00e9percute directement sur les conditions de vie\u00a0; environ 68% des m\u00e9nages vivent dans la pauvret\u00e9 et 32% dans l\u2019extr\u00eame pauvret\u00e9.<\/p>\n<p><b>Comment jugez-vous la gestion du s\u00e9isme par le gouvernement actuel<\/b><b>\u00a0<\/b><b>?<\/b><\/p>\n<p>N.A.\u00a0: Les s\u00e9ismes du 24\u00a0juin dernier constituent sans aucun doute la catastrophe naturelle la plus d\u00e9vastatrice qu\u2019ait connue le Venezuela dans son histoire moderne. Cette trag\u00e9die a frapp\u00e9 un pays plong\u00e9 dans une profonde crise politique, \u00e9conomique et sociale qui a priv\u00e9 l\u2019\u00c9tat de moyens suffisants pour faire face \u00e0 une urgence de cette ampleur. Pour se rendre compte de l\u2019ampleur de la d\u00e9t\u00e9rioration des institutions, il suffit d\u2019observer la situation de la Fondation v\u00e9n\u00e9zu\u00e9lienne de recherches sismologiques (Funvisis). Son r\u00e9seau de surveillance est pass\u00e9 de 250 \u00e0 300 stations op\u00e9rationnelles au cours des ann\u00e9es 1990 \u00e0 seulement quatre actives en 2026. Des enqu\u00eates ind\u00e9pendantes ont r\u00e9v\u00e9l\u00e9 qu\u2019au cours des premi\u00e8res 24h, l\u2019\u00c9tat avait d\u00e9ploy\u00e9 4\u00a0000\u00a0fonctionnaires civils et militaires, soit 12,6% de l\u2019effectif total mobilis\u00e9 pendant toute la dur\u00e9e de la situation d\u2019urgence. Au cours des premi\u00e8res heures, la majeure partie des op\u00e9rations de sauvetage a \u00e9t\u00e9 men\u00e9e par des voisins et des b\u00e9n\u00e9voles. Aujourd\u2019hui encore, pr\u00e8s de deux mois apr\u00e8s les s\u00e9ismes, il y a toujours des milliers de disparus et aucune donn\u00e9e officielle \u00e0 ce sujet.<\/p>\n<\/p><\/div>\n","protected":false},"excerpt":{"rendered":"Depuis l&rsquo;enl&egrave;vement ill&eacute;gal par les &Eacute;tats-Unis du pr&eacute;sident du Venezuela Nicol&aacute;s Maduro, le pays est dirig&eacute; par la pr&eacute;sidente par int&eacute;rim Delcy Rodriguez. Celle-ci semble &#8230;","protected":false},"author":1,"featured_media":39647,"comment_status":"open","ping_status":"open","sticky":false,"template":"","format":"standard","meta":{"footnotes":""},"categories":[3926,3924,337],"tags":[3119,343,847,4368,3516,4365],"news-destination":[3944],"news-source":[475],"is_homepage":[],"ta_other":[],"class_list":["post-39646","post","type-post","status-publish","format-standard","has-post-thumbnail","hentry","category-accueil-merge","category-accueil-second","category-international","tag-bombardements","tag-entretien","tag-manifestations","tag-nicolas-maduro","tag-reconstruction","tag-venezuela","news-destination-homepage","news-source-website"],"_links":{"self":[{"href":"https:\/\/euapp01.newsmemory.com\/lamarseillaise\/news\/wp-json\/wp\/v2\/posts\/39646","targetHints":{"allow":["GET"]}}],"collection":[{"href":"https:\/\/euapp01.newsmemory.com\/lamarseillaise\/news\/wp-json\/wp\/v2\/posts"}],"about":[{"href":"https:\/\/euapp01.newsmemory.com\/lamarseillaise\/news\/wp-json\/wp\/v2\/types\/post"}],"author":[{"embeddable":true,"href":"https:\/\/euapp01.newsmemory.com\/lamarseillaise\/news\/wp-json\/wp\/v2\/users\/1"}],"replies":[{"embeddable":true,"href":"https:\/\/euapp01.newsmemory.com\/lamarseillaise\/news\/wp-json\/wp\/v2\/comments?post=39646"}],"version-history":[{"count":1,"href":"https:\/\/euapp01.newsmemory.com\/lamarseillaise\/news\/wp-json\/wp\/v2\/posts\/39646\/revisions"}],"predecessor-version":[{"id":39648,"href":"https:\/\/euapp01.newsmemory.com\/lamarseillaise\/news\/wp-json\/wp\/v2\/posts\/39646\/revisions\/39648"}],"wp:featuredmedia":[{"embeddable":true,"href":"https:\/\/euapp01.newsmemory.com\/lamarseillaise\/news\/wp-json\/wp\/v2\/media\/39647"}],"wp:attachment":[{"href":"https:\/\/euapp01.newsmemory.com\/lamarseillaise\/news\/wp-json\/wp\/v2\/media?parent=39646"}],"wp:term":[{"taxonomy":"category","embeddable":true,"href":"https:\/\/euapp01.newsmemory.com\/lamarseillaise\/news\/wp-json\/wp\/v2\/categories?post=39646"},{"taxonomy":"post_tag","embeddable":true,"href":"https:\/\/euapp01.newsmemory.com\/lamarseillaise\/news\/wp-json\/wp\/v2\/tags?post=39646"},{"taxonomy":"news-destination","embeddable":true,"href":"https:\/\/euapp01.newsmemory.com\/lamarseillaise\/news\/wp-json\/wp\/v2\/news-destination?post=39646"},{"taxonomy":"news-source","embeddable":true,"href":"https:\/\/euapp01.newsmemory.com\/lamarseillaise\/news\/wp-json\/wp\/v2\/news-source?post=39646"},{"taxonomy":"is_homepage","embeddable":true,"href":"https:\/\/euapp01.newsmemory.com\/lamarseillaise\/news\/wp-json\/wp\/v2\/is_homepage?post=39646"},{"taxonomy":"ta_other","embeddable":true,"href":"https:\/\/euapp01.newsmemory.com\/lamarseillaise\/news\/wp-json\/wp\/v2\/ta_other?post=39646"}],"curies":[{"name":"wp","href":"https:\/\/api.w.org\/{rel}","templated":true}]}}