{"id":39643,"date":"2026-08-19T07:04:00","date_gmt":"2026-08-19T05:04:00","guid":{"rendered":"https:\/\/euapp01.newsmemory.com\/lamarseillaise\/news\/?p=39643"},"modified":"2026-08-27T07:04:02","modified_gmt":"2026-08-27T05:04:02","slug":"a-avignon-les-acteurs-de-la-solidarite-prets-a-attaquer-larrete-anti-mendicite","status":"publish","type":"post","link":"https:\/\/euapp01.newsmemory.com\/lamarseillaise\/news\/2026\/08\/19\/a-avignon-les-acteurs-de-la-solidarite-prets-a-attaquer-larrete-anti-mendicite\/","title":{"rendered":"\u00c0 Avignon, les acteurs de la solidarit\u00e9 pr\u00eats \u00e0 attaquer \u00ab&nbsp;l\u2019arr\u00eat\u00e9 anti mendicit\u00e9&nbsp;\u00bb"},"content":{"rendered":"<div class=\"paragraph\">\n<p>\u00ab <i>L<\/i><i>a ville d\u2019Avignon agit et continuera d\u2019agir avec responsabilit\u00e9 et humanit\u00e9 sans opposer s\u00e9curit\u00e9 et solidarit\u00e9.<\/i>\u00a0\u00bb Voil\u00e0 comment, <a rel=\"noopener noreferrer\" href=\"https:\/\/www.lamarseillaise.fr\/societe\/sans-abris-la-mairie-d-avignon-repond-vertement-aux-cafetiers-OF14552963\" target=\"_blank\">il y a trois\u00a0<\/a><a rel=\"noopener noreferrer\" href=\"https:\/\/www.lamarseillaise.fr\/societe\/sans-abris-la-mairie-d-avignon-repond-vertement-aux-cafetiers-OF14552963\" target=\"_blank\">ans d\u00e9j\u00e0, la maire d\u2019Avignon d\u2019alors C\u00e9cile Helle (PS) r\u00e9pondait au syndicat des restaurateurs<\/a> et h\u00f4teliers qui d\u00e9non\u00e7ait l\u2019inaction de la municipalit\u00e9 face \u00e0 la pr\u00e9sence accrue de sans-abri en centre-ville. Les municipales sont depuis pass\u00e9es par l\u00e0 et, dans la torpeur estivale post Festival, Olivier Galzi (DVD) a pri<a rel=\"noopener noreferrer\" href=\"https:\/\/www.lamarseillaise.fr\/politique\/a-avignon-un-arrete-conteste-contre-l-occupation-de-l-espace-public-KP20587638\" target=\"_blank\">s un arr\u00eat\u00e9 r\u00e9glementant l\u2019occupation de l\u2019espace public visant \u00e0 pr\u00e9venir des troubles \u00e0 l\u2019ordre public (notre \u00e9dition du 14\u00a0<\/a><a rel=\"noopener noreferrer\" href=\"https:\/\/www.lamarseillaise.fr\/politique\/a-avignon-un-arrete-conteste-contre-l-occupation-de-l-espace-public-KP20587638\" target=\"_blank\">ao\u00fbt)<\/a>.<\/p>\n<p>\u00ab<i>\u00a0<\/i><i>Un arr\u00eat\u00e9 anti-mendicit\u00e9<\/i>\u00a0\u00bb, comme le qualifie Thierry Mila. Le pr\u00e9sident de la f\u00e9d\u00e9ration Paca des acteurs de la solidarit\u00e9, qui f\u00e9d\u00e8re un r\u00e9seau de structures engag\u00e9es aux c\u00f4t\u00e9s des personnes en situation de pr\u00e9carit\u00e9, n\u2019a pas tard\u00e9 \u00e0 envoyer un courrier au maire. La missive lui demande de retirer cette mesure et d\u2019organiser une \u00ab\u00a0<i>rencontre avec les f\u00e9d\u00e9rations et les associations du territoire pour trouver une solution digne pour les personnes dans une ville de culture et d\u2019accueil s\u2019il en est.<\/i><i>\u00a0<\/i>\u00bb Ce recours \u00ab\u00a0<i>gracieux et pr\u00e9-contentieux<\/i><i>\u00a0<\/i>\u00bb, re\u00e7u ce mardi en mairie, pourrait rapidement \u00eatre suivi d\u2019un r\u00e9f\u00e9r\u00e9 suspension directement d\u00e9pos\u00e9 au tribunal administratif. \u00ab\u00a0<i>Si on n\u2019a pas de retour d\u2019ici \u00e0 jeudi, tout est pr\u00eat pour attaquer<\/i><i>\u00a0<\/i>\u00bb, assure Thierry Mila.<\/p>\n<p>Sollicit\u00e9e par nos soins, la Ville semble peu encline, dans l\u2019imm\u00e9diat, \u00e0 une rencontre. \u00ab\u00a0<i>On va leur r\u00e9pondre en rappelant les grands principes de l\u2019arr\u00eat\u00e9 car ils ont une lecture diff\u00e9rente de la n\u00f4tre<\/i>\u00a0\u00bb, r\u00e9pond la mairie. Qui r\u00e9affirme ne pas vouloir \u00ab\u00a0<i>stigmatiser une certaine population et la mendicit\u00e9 mais concilier tranquillit\u00e9 publique et accompagnement des plus vuln\u00e9rables en caract\u00e9risant les troubles pour mieux cibler les personnes qui n\u2019arrivent pas \u00e0 \u00eatre prises en charge<\/i>\u00a0\u00bb. Le pr\u00e9sident de la f\u00e9d\u00e9ration des acteurs de la solidarit\u00e9 y voit plut\u00f4t un moyen \u00ab\u00a0<i>de nettoyer Avignon, comme l\u2019ont fait d\u2019autres villes dans une course \u00e0 l\u2019\u00e9chalote contre les personnes pr\u00e9caires qui vivent \u00e0 la rue, d\u00e9j\u00e0 stigmatis\u00e9es par la vie<\/i><i>\u00a0<\/i>\u00bb. De mani\u00e8re plus globale, Thierry Mila d\u00e9plore aussi la politique de l\u2019\u00c9tat\u00a0: \u00ab\u00a0<i>On ne peut pas dire d\u2019un c\u00f4t\u00e9 on ne veut plus de mendiants et, de l\u2019autre, couper les fonds aux associations.<\/i>\u00a0\u00bb<\/p>\n<\/p><\/div>\n<div class=\"intext\"> De \u00ab\u00a0s\u00e9rieuses interrogations\u00a0\u00bb\n              <\/div>\n<div class=\"paragraph\">\n<p>Le courrier adress\u00e9 \u00e0 Olivier Galzi, tr\u00e8s circonstanci\u00e9, soul\u00e8ve de \u00ab\u00a0<i>s\u00e9rieuses interrogations<\/i>\u00a0\u00bb quant au respect des libert\u00e9s publiques, de la notion \u00ab\u00a0<i>d\u2019occupation prolong\u00e9e<\/i>\u00a0\u00bb et met aussi en avant la jurisprudence du Conseil d\u2019\u00c9tat, de la Cour europ\u00e9enne des droits de l\u2019homme ou une d\u00e9cision du comit\u00e9 europ\u00e9en des droits sociaux. Au tout d\u00e9but de la campagne des municipales, Olivier Galzi avait d\u00e9fendu la possibilit\u00e9 d\u2019un arr\u00eat\u00e9 anti-mendicit\u00e9 avant de ne plus \u00e9voquer, dans ces termes, le sujet. Mi-f\u00e9vrier, d<a rel=\"noopener noreferrer\" href=\"https:\/\/www.lamarseillaise.fr\/politique\/sur-le-volet-social-olivier-galzi-croit-au-ruissellement-local-BJ19672146\" target=\"_blank\">ans nos colonnes, le futur maire insistait sur sa volont\u00e9 d\u2019aider ceux qui veulent s\u2019en sortir mais, pour les autres<\/a>, \u00ab\u00a0<i>envoyer le signal qu\u2019Avignon ne sera pas la ville qui les accueillera de mani\u00e8re favorable<\/i>\u00a0\u00bb. L\u2019arr\u00eat\u00e9 vient traduire cette volont\u00e9 qui, pour le PCF, \u00ab\u00a0<i>d\u00e9place la pauvret\u00e9<\/i>\u00a0\u00bb .<\/p>\n<\/p><\/div>\n<div class=\"paragraph\">\n<p><b>Pour le PCF, la pauvret\u00e9 est d\u00e9plac\u00e9e<\/b><\/p>\n<p>Parmi les r\u00e9actions suscit\u00e9es par l\u2019arr\u00eat\u00e9, la section PCF d\u2019Avignon-Mori\u00e8res-Le Pontet estime, dans un communiqu\u00e9, que \u00ab <i>faire partir les personnes \u00e0 la rue ne les fait pas dispara\u00eetre. Cela les d\u00e9place vers d\u2019autres rues, d\u2019autres quartiers, loin des commerces et des espaces fr\u00e9quent\u00e9s <\/i>\u00bb. Sans \u00ab<i> contester la n\u00e9cessit\u00e9 de garantir la tranquillit\u00e9 et la libre circulation<\/i> \u00bb, les communistes insistent : \u00ab <i>Ce dont Avignon a besoin, ce n\u2019est pas de rendre la pauvret\u00e9 invisible, mais de traiter ses causes. <\/i>\u00bb Et d\u2019appeler \u00e0 \u00ab <i>renforcer l\u2019accompagnement, l\u2019h\u00e9bergement et l\u2019acc\u00e8s aux soins <\/i>\u00bb.<\/p>\n<p>F.C.<\/p>\n<\/p><\/div>\n","protected":false},"excerpt":{"rendered":"&laquo; La ville d&rsquo;Avignon agit et continuera d&rsquo;agir avec responsabilit&eacute; et humanit&eacute; sans opposer s&eacute;curit&eacute; et solidarit&eacute;.&nbsp;&raquo; Voil&agrave; comment, il y a trois&nbsp;ans d&eacute;j&agrave;, la &#8230;","protected":false},"author":1,"featured_media":39644,"comment_status":"open","ping_status":"open","sticky":false,"template":"","format":"standard","meta":{"footnotes":""},"categories":[3926,3924,330,20],"tags":[495,138,174,2609,190,1722,1600,5790,442,478,4914,1281,250,271,260,790,171,720],"news-destination":[3944],"news-source":[475],"is_homepage":[],"ta_other":[],"class_list":["post-39643","post","type-post","status-publish","format-standard","has-post-thumbnail","hentry","category-accueil-merge","category-accueil-second","category-politique","category-societe","tag-495","tag-associations","tag-avignon","tag-ccas","tag-cecile-helle","tag-droits","tag-droits-sociaux","tag-libertes-publiques","tag-mairie","tag-municipales","tag-olivier-galzi","tag-pauvrete","tag-pcf","tag-precarite","tag-solidarite","tag-tribunal-administratif","tag-vaucluse","tag-ville","news-destination-homepage","news-source-website"],"_links":{"self":[{"href":"https:\/\/euapp01.newsmemory.com\/lamarseillaise\/news\/wp-json\/wp\/v2\/posts\/39643","targetHints":{"allow":["GET"]}}],"collection":[{"href":"https:\/\/euapp01.newsmemory.com\/lamarseillaise\/news\/wp-json\/wp\/v2\/posts"}],"about":[{"href":"https:\/\/euapp01.newsmemory.com\/lamarseillaise\/news\/wp-json\/wp\/v2\/types\/post"}],"author":[{"embeddable":true,"href":"https:\/\/euapp01.newsmemory.com\/lamarseillaise\/news\/wp-json\/wp\/v2\/users\/1"}],"replies":[{"embeddable":true,"href":"https:\/\/euapp01.newsmemory.com\/lamarseillaise\/news\/wp-json\/wp\/v2\/comments?post=39643"}],"version-history":[{"count":1,"href":"https:\/\/euapp01.newsmemory.com\/lamarseillaise\/news\/wp-json\/wp\/v2\/posts\/39643\/revisions"}],"predecessor-version":[{"id":39645,"href":"https:\/\/euapp01.newsmemory.com\/lamarseillaise\/news\/wp-json\/wp\/v2\/posts\/39643\/revisions\/39645"}],"wp:featuredmedia":[{"embeddable":true,"href":"https:\/\/euapp01.newsmemory.com\/lamarseillaise\/news\/wp-json\/wp\/v2\/media\/39644"}],"wp:attachment":[{"href":"https:\/\/euapp01.newsmemory.com\/lamarseillaise\/news\/wp-json\/wp\/v2\/media?parent=39643"}],"wp:term":[{"taxonomy":"category","embeddable":true,"href":"https:\/\/euapp01.newsmemory.com\/lamarseillaise\/news\/wp-json\/wp\/v2\/categories?post=39643"},{"taxonomy":"post_tag","embeddable":true,"href":"https:\/\/euapp01.newsmemory.com\/lamarseillaise\/news\/wp-json\/wp\/v2\/tags?post=39643"},{"taxonomy":"news-destination","embeddable":true,"href":"https:\/\/euapp01.newsmemory.com\/lamarseillaise\/news\/wp-json\/wp\/v2\/news-destination?post=39643"},{"taxonomy":"news-source","embeddable":true,"href":"https:\/\/euapp01.newsmemory.com\/lamarseillaise\/news\/wp-json\/wp\/v2\/news-source?post=39643"},{"taxonomy":"is_homepage","embeddable":true,"href":"https:\/\/euapp01.newsmemory.com\/lamarseillaise\/news\/wp-json\/wp\/v2\/is_homepage?post=39643"},{"taxonomy":"ta_other","embeddable":true,"href":"https:\/\/euapp01.newsmemory.com\/lamarseillaise\/news\/wp-json\/wp\/v2\/ta_other?post=39643"}],"curies":[{"name":"wp","href":"https:\/\/api.w.org\/{rel}","templated":true}]}}