{"id":39640,"date":"2026-08-19T08:59:00","date_gmt":"2026-08-19T06:59:00","guid":{"rendered":"https:\/\/euapp01.newsmemory.com\/lamarseillaise\/news\/?p=39640"},"modified":"2026-08-24T07:52:36","modified_gmt":"2026-08-24T05:52:36","slug":"mortalite-infantile-la-region-desarmee","status":"publish","type":"post","link":"https:\/\/euapp01.newsmemory.com\/lamarseillaise\/news\/2026\/08\/19\/mortalite-infantile-la-region-desarmee\/","title":{"rendered":"Mortalit\u00e9 infantile&nbsp;: la r\u00e9gion d\u00e9sarm\u00e9e"},"content":{"rendered":"<div class=\"paragraph\">\n<p>C\u2019est un document que le gouvernement voulait garder dans les tiroirs. Sept mois apr\u00e8s avoir rendu ses conclusions, l\u2019Inspection g\u00e9n\u00e9rale des affaires sociales (Igas) a finalement \u00e9t\u00e9 autoris\u00e9e le 4\u00a0ao\u00fbt dernier \u00e0 publier son rapport consacr\u00e9 \u00e0 la hausse de la mortalit\u00e9 infantile, au moment m\u00eame o\u00f9 le <i>Canard encha\u00een\u00e9<\/i> en d\u00e9voilait le contenu.<\/p>\n<p>C\u2019est que le constat est dramatique. \u00ab\u00a0<i>Connaissant une lente mais continue d\u00e9gradation de ses indicateurs de sant\u00e9 p\u00e9rinatale au cours des quinze derni\u00e8res ann\u00e9es, la France se retrouve d\u00e9sormais en 23<\/i><i><sup>e<\/sup><\/i><i> position au sein de l\u2019Union europ\u00e9enne (UE) en termes de mortalit\u00e9 infantile, une chute marqu\u00e9e par rapport aux ann\u00e9es 1990, o\u00f9 elle figurait parmi les pays les mieux class\u00e9s<\/i><i>\u00a0<\/i>\u00bb, pointe le rapport. Depuis 2011, ce taux a augment\u00e9 de 0,6 point pour atteindre 4,1 d\u00e9c\u00e8s avant le premier anniversaire pour 1\u00a0000\u00a0naissances. \u00ab\u00a0<i>Si la France connaissait le taux de mortalit\u00e9 infantile moyen de l\u2019UE, soit 3,3<\/i><i>\u00a0<\/i><i>\u2030, ce sont les morts de 529<\/i><i>\u00a0<\/i><i>enfants dans leur premi\u00e8re ann\u00e9e qui auraient pu \u00eatre \u00e9vit\u00e9es en 2024<\/i><i>\u00a0<\/i>\u00bb, \u00e9crit l\u2019Igas. En Provence-Alpes-C\u00f4te d\u2019Azur, 182 nouveau-n\u00e9s qui ont perdu la vie en 2024, soit 3,7 d\u00e9c\u00e8s pour 1\u00a0000\u00a0naissances, contre 2,8 en 2012. Si l\u2019augmentation est la plus forte dans les Alpes-de-Haute-Provence, les Bouches-du-Rh\u00f4ne restent les premiers concern\u00e9s avec 3,5 d\u00e9c\u00e8s pour 1\u00a0000\u00a0naissances sur la p\u00e9riode 2020-2024.<\/p>\n<\/p><\/div>\n<div class=\"intext\"> La pr\u00e9carit\u00e9 en cause\n              <\/div>\n<div class=\"paragraph\">\n<p>Derri\u00e8re ces drames, pour moiti\u00e9 li\u00e9s \u00e0 des naissances pr\u00e9matur\u00e9es, \u00ab\u00a0<i>l\u2019accroissement de la pr\u00e9carit\u00e9 sociale et des difficult\u00e9s socio-\u00e9conomiques joue un r\u00f4le important<\/i><i>\u00a0<\/i>\u00bb, souligne l\u2019Igas. En premi\u00e8re ligne, les femmes n\u00e9es \u00e0 l\u2019\u00e9tranger, avec \u00ab\u00a0<i>des barri\u00e8res \u00e0 l\u2019acc\u00e8s primaire aux soins et des soins sous-optimaux<\/i><i>\u00a0<\/i>\u00bb, s\u2019alarme l\u2019Igas. Un constat qui vaut aussi en Provence-Alpes-C\u00f4te d\u2019Azur. Dans son bulletin r\u00e9gional th\u00e9matique publi\u00e9 le 8\u00a0juillet dernier, Sant\u00e9 publique France pointe \u00ab\u00a0<i>des indicateurs de pr\u00e9carit\u00e9 et de morbidit\u00e9 maternelle plus d\u00e9favorables dans les Bouches-du-Rh\u00f4ne<\/i><i>\u00a0<\/i>\u00bb. 20,8% des femmes ayant accouch\u00e9 y b\u00e9n\u00e9ficient de la compl\u00e9mentaire sant\u00e9 solidaire ou de l\u2019aide m\u00e9dicale de l\u2019\u00c9tat, trois points de plus que la moyenne nationale. Parmi les facteurs de risque, le bulletin pointe aussi la forte augmentation du surpoids et de l\u2019ob\u00e9sit\u00e9 avant la grossesse qui concerne d\u00e9sormais un tiers des m\u00e8res.<\/p>\n<\/p><\/div>\n<div class=\"intext\"> 150\u00a0millions n\u00e9cessaires\n              <\/div>\n<div class=\"paragraph\">\n<p>C\u2019est dans ce contexte que l\u2019Assembl\u00e9e nationale avait vot\u00e9, en mai 2025, un moratoire de trois ans sur la fermeture des maternit\u00e9s. Leur nombre a \u00e9t\u00e9 divis\u00e9 par deux en trente ans en France, dans un contexte de chute de la natalit\u00e9. Dans la r\u00e9gion, elles sont quatre \u00e0 avoir ferm\u00e9 ces dix derni\u00e8res ann\u00e9es, dont trois cliniques priv\u00e9es, alors qu\u2019une femme sur vingt y a un temps de trajet sup\u00e9rieur \u00e0 45\u00a0minutes pour accoucher. \u00ab\u00a0<i>On ne saurait soutenir qu\u2019il existerait un lien univoque entre l\u2019organisation de l\u2019offre de maternit\u00e9s et les r\u00e9sultats enregistr\u00e9s en termes de mortalit\u00e9 infantile<\/i><i>\u00a0<\/i>\u00bb, objecte cependant l\u2019Igas.<\/p>\n<p>Son rapport insiste davantage sur la n\u00e9cessit\u00e9 de renforcer la pr\u00e9vention et le d\u00e9pistage, le suivi post-natal, et en particulier de \u00ab\u00a0<i>se donner les moyens de toucher les publics les plus vuln\u00e9rables et les plus \u00e9loign\u00e9s des parcours de soins<\/i><i>\u00a0<\/i>\u00bb. Mais surtout, il reprend l\u2019alerte de la Soci\u00e9t\u00e9 fran\u00e7aise de n\u00e9onatalogie. \u00ab\u00a0<i>Les unit\u00e9s<\/i> [de soins intensifs et r\u00e9animation] <i>sont satur\u00e9es, avec des taux d\u2019occupation trop \u00e9lev\u00e9s, ce qui a un impact sur la qualit\u00e9 des soins et sur la mortalit\u00e9<\/i><i>\u00a0<\/i>\u00bb, \u00e9crit l\u2019Igas. Un quart des services refuse r\u00e9guli\u00e8rement des entr\u00e9es critiques faute de place, et le sous-effectif infirmier augmente la mortalit\u00e9 des grands pr\u00e9matur\u00e9s. Dans la r\u00e9gion, 94 \u00e9v\u00e9nements graves ind\u00e9sirables ont \u00e9t\u00e9 d\u00e9clar\u00e9s en 2017 et 2024. Celle-ci est la moins bien dot\u00e9e de l\u2019Hexagone en mati\u00e8re de r\u00e9animation en n\u00e9onatalogie\u00a0: on n\u2019y compte que 0,71 lit pour 1\u00a0000 naissances, quand l\u2019Igas r\u00e9clame un ratio d\u2019un lit pour 1\u00a0000\u00a0naissances. Selon la Soci\u00e9t\u00e9 fran\u00e7aise de n\u00e9onatalogie, il faudrait consacrer au moins 150\u00a0millions de plus par an pour ajuster les effectifs soignants et le nombre de lits. \u00ab\u00a0<i>Une telle mesure se justifie d\u2019un point de vue \u00e9thique, m\u00e9dico-\u00e9conomique et soci\u00e9tal<\/i><i>\u00a0<\/i>\u00bb, r\u00e9sume l\u2019Igas.<\/p>\n<\/p><\/div>\n<div class=\"paragraph\">\n<p><b>Un accompagnement pour les femmes enceintes dans le 3e arrondissement<\/b><\/p>\n<p>Depuis le d\u00e9but de l\u2019ann\u00e9e, la Ville de Marseille a mis en place un dispositif Bien Na\u00eetre \u00e0 Marseille, avec l\u2019ambition d\u2019accompagner une centaine de femmes enceintes dans le 3e arrondissement, o\u00f9 plus de 52% de la population vit sous le seuil de pauvret\u00e9. Lanc\u00e9 dans le cadre de sa politique de pr\u00e9vention et de lutte contre l\u2019ob\u00e9sit\u00e9 infantile, ce programme propose deux ateliers \u00ab Alimentation et grossesse \u00bb ainsi que \u00ab Alimentation de b\u00e9b\u00e9 \u00bb, avec des conseils personnalis\u00e9s pour les participantes, auxquels s\u2019ajoutent des activit\u00e9s hebdomadaires de marche, yoga, pilates, propos\u00e9es par des associations locales. Identifi\u00e9es par la protection m\u00e9dicale et infantile (PMI) ou par la maison de sant\u00e9 pluriprofessionnelle Peyssonnel qui accueille les ateliers, les participantes peuvent int\u00e9grer le dispositif au troisi\u00e8me mois de la grossesse, avec un accompagnement qui se poursuit avec quatre rendez-vous annuels apr\u00e8s l\u2019accouchement, pour un suivi durable. Surtout, elles re\u00e7oivent une aide financi\u00e8re de 45 euros par mois pendant cinq mois pour pouvoir acc\u00e9der \u00e0 une alimentation de qualit\u00e9, qui peut \u00eatre d\u00e9pens\u00e9e dans des lieux choisis pour la qualit\u00e9 de leurs produits.<\/p>\n<p>Y.S.<\/p>\n<\/p><\/div>\n","protected":false},"excerpt":{"rendered":"C&rsquo;est un document que le gouvernement voulait garder dans les tiroirs. Sept mois apr&egrave;s avoir rendu ses conclusions, l&rsquo;Inspection g&eacute;n&eacute;rale des affaires sociales (Igas) a finalement &eacute;t&eacute; autoris&eacute;e &#8230;","protected":false},"author":1,"featured_media":39685,"comment_status":"open","ping_status":"open","sticky":false,"template":"","format":"standard","meta":{"footnotes":""},"categories":[3926,3925,20],"tags":[820,10,1070,387,572,528,362,6272,16,2891,1761,2332,4494,5420,271,431,594,222,256,30,194,1530,392,1889],"news-destination":[3944],"news-source":[475],"is_homepage":[],"ta_other":[],"class_list":["post-39640","post","type-post","status-publish","format-standard","has-post-thumbnail","hentry","category-accueil-merge","category-accueil-third","category-societe","tag-assemblee-nationale","tag-bouches-du-rhone","tag-depistage","tag-femmes","tag-france","tag-gouvernement","tag-hopitaux","tag-igas","tag-marseille","tag-maternite","tag-mortalite","tag-naissance","tag-natalite","tag-obesite","tag-precarite","tag-prevention","tag-rapport","tag-region-sud-paca","tag-sante","tag-sante-publique","tag-social","tag-soignants","tag-solidaire","tag-statistiques","news-destination-homepage","news-source-website"],"_links":{"self":[{"href":"https:\/\/euapp01.newsmemory.com\/lamarseillaise\/news\/wp-json\/wp\/v2\/posts\/39640","targetHints":{"allow":["GET"]}}],"collection":[{"href":"https:\/\/euapp01.newsmemory.com\/lamarseillaise\/news\/wp-json\/wp\/v2\/posts"}],"about":[{"href":"https:\/\/euapp01.newsmemory.com\/lamarseillaise\/news\/wp-json\/wp\/v2\/types\/post"}],"author":[{"embeddable":true,"href":"https:\/\/euapp01.newsmemory.com\/lamarseillaise\/news\/wp-json\/wp\/v2\/users\/1"}],"replies":[{"embeddable":true,"href":"https:\/\/euapp01.newsmemory.com\/lamarseillaise\/news\/wp-json\/wp\/v2\/comments?post=39640"}],"version-history":[{"count":1,"href":"https:\/\/euapp01.newsmemory.com\/lamarseillaise\/news\/wp-json\/wp\/v2\/posts\/39640\/revisions"}],"predecessor-version":[{"id":39642,"href":"https:\/\/euapp01.newsmemory.com\/lamarseillaise\/news\/wp-json\/wp\/v2\/posts\/39640\/revisions\/39642"}],"wp:featuredmedia":[{"embeddable":true,"href":"https:\/\/euapp01.newsmemory.com\/lamarseillaise\/news\/wp-json\/wp\/v2\/media\/39685"}],"wp:attachment":[{"href":"https:\/\/euapp01.newsmemory.com\/lamarseillaise\/news\/wp-json\/wp\/v2\/media?parent=39640"}],"wp:term":[{"taxonomy":"category","embeddable":true,"href":"https:\/\/euapp01.newsmemory.com\/lamarseillaise\/news\/wp-json\/wp\/v2\/categories?post=39640"},{"taxonomy":"post_tag","embeddable":true,"href":"https:\/\/euapp01.newsmemory.com\/lamarseillaise\/news\/wp-json\/wp\/v2\/tags?post=39640"},{"taxonomy":"news-destination","embeddable":true,"href":"https:\/\/euapp01.newsmemory.com\/lamarseillaise\/news\/wp-json\/wp\/v2\/news-destination?post=39640"},{"taxonomy":"news-source","embeddable":true,"href":"https:\/\/euapp01.newsmemory.com\/lamarseillaise\/news\/wp-json\/wp\/v2\/news-source?post=39640"},{"taxonomy":"is_homepage","embeddable":true,"href":"https:\/\/euapp01.newsmemory.com\/lamarseillaise\/news\/wp-json\/wp\/v2\/is_homepage?post=39640"},{"taxonomy":"ta_other","embeddable":true,"href":"https:\/\/euapp01.newsmemory.com\/lamarseillaise\/news\/wp-json\/wp\/v2\/ta_other?post=39640"}],"curies":[{"name":"wp","href":"https:\/\/api.w.org\/{rel}","templated":true}]}}