{"id":39637,"date":"2026-08-19T06:34:00","date_gmt":"2026-08-19T04:34:00","guid":{"rendered":"https:\/\/euapp01.newsmemory.com\/lamarseillaise\/news\/?p=39637"},"modified":"2026-08-19T10:09:43","modified_gmt":"2026-08-19T08:09:43","slug":"lincurie-qui-menace-les-nourrissons","status":"publish","type":"post","link":"https:\/\/euapp01.newsmemory.com\/lamarseillaise\/news\/2026\/08\/19\/lincurie-qui-menace-les-nourrissons\/","title":{"rendered":"L\u2019incurie qui menace les nourrissons"},"content":{"rendered":"<div class=\"paragraph\">\n<p>Il est des classements qui font froid dans le dos. En trente ans, la France a d\u00e9gringol\u00e9 de plusieurs \u00e9tages en mati\u00e8re de sant\u00e9 p\u00e9rinatale. Il s\u2019agit des soins apport\u00e9s aux nouveau-n\u00e9s. Le pays pointe d\u00e9sormais \u00e0 la 23<sup>e<\/sup>\u00a0place au sein de l\u2019union europ\u00e9enne. Ce classement se traduit par des vies perdues alors que les discours natalistes font flor\u00e8s notamment dans la bouche du pr\u00e9sident Emmanuel Macron, aux manettes depuis dix ans. Le locataire de l\u2019\u00c9lys\u00e9e, \u00e0 l\u2019heure de son bilan, ne fait pas illusion. Son \u00ab\u00a0r\u00e9armement d\u00e9mographique\u00a0\u00bb, expression aussi paternaliste qu\u2019insultante pour les femmes, est une fanfaronnade.<\/p>\n<p><b>R\u00e9pondre aux manquements<\/b><\/p>\n<p>Pour preuve, le sort r\u00e9serv\u00e9 au rapport de l\u2019inspection g\u00e9n\u00e9rale des affaires sociales (l\u2019Igas) sur la mortalit\u00e9 infantile. Mis au fond d\u2019un tiroir tant il \u00e9nonce une v\u00e9rit\u00e9 crue et une r\u00e9alit\u00e9 plus qu\u2019alarmante, il m\u00e9rite d\u2019\u00eatre connu et diffus\u00e9 pour r\u00e9pondre justement aux graves manquements qu\u2019il r\u00e9v\u00e8le. Baisse de lits de n\u00e9onatalogie, augmentation de la pr\u00e9carit\u00e9 et des difficult\u00e9s \u00e9conomiques sont autant de facteurs qui expliquent la tr\u00e8s forte hausse de la mortalit\u00e9 infantile en France et singuli\u00e8rement en Provence-Alpes-C\u00f4te d\u2019Azur. La politique macroniste exon\u00e9rant notamment de l\u2019imp\u00f4t les hauts revenus et les entreprises du CAC40 a eu pour cons\u00e9quence une asphyxie des services publics et en particulier de l\u2019h\u00f4pital. Pourtant, au regard du budget d\u2019un pays aussi riche, un peu moins de 200\u00a0millions d\u2019euros par an permettrait d\u2019assurer des places suffisantes \u00e0 l\u2019h\u00f4pital pour soigner et sauver les nouveau-n\u00e9s. Le scandale n\u2019en est que plus grand.<\/p>\n<\/p><\/div>\n","protected":false},"excerpt":{"rendered":"Il est des classements qui font froid dans le dos. En trente ans, la France a d&eacute;gringol&eacute; de plusieurs &eacute;tages en mati&egrave;re de sant&eacute; p&eacute;rinatale. Il s&rsquo;agit des soins apport&eacute;s aux nouveau-n&eacute;s. &#8230;","protected":false},"author":1,"featured_media":39638,"comment_status":"open","ping_status":"open","sticky":false,"template":"","format":"standard","meta":{"footnotes":""},"categories":[332],"tags":[1372,575,572,6272,1761,4494,594],"news-destination":[],"news-source":[475],"is_homepage":[],"ta_other":[],"class_list":["post-39637","post","type-post","status-publish","format-standard","has-post-thumbnail","hentry","category-edito","tag-editoriaux","tag-emmanuel-macron","tag-france","tag-igas","tag-mortalite","tag-natalite","tag-rapport","news-source-website"],"_links":{"self":[{"href":"https:\/\/euapp01.newsmemory.com\/lamarseillaise\/news\/wp-json\/wp\/v2\/posts\/39637","targetHints":{"allow":["GET"]}}],"collection":[{"href":"https:\/\/euapp01.newsmemory.com\/lamarseillaise\/news\/wp-json\/wp\/v2\/posts"}],"about":[{"href":"https:\/\/euapp01.newsmemory.com\/lamarseillaise\/news\/wp-json\/wp\/v2\/types\/post"}],"author":[{"embeddable":true,"href":"https:\/\/euapp01.newsmemory.com\/lamarseillaise\/news\/wp-json\/wp\/v2\/users\/1"}],"replies":[{"embeddable":true,"href":"https:\/\/euapp01.newsmemory.com\/lamarseillaise\/news\/wp-json\/wp\/v2\/comments?post=39637"}],"version-history":[{"count":1,"href":"https:\/\/euapp01.newsmemory.com\/lamarseillaise\/news\/wp-json\/wp\/v2\/posts\/39637\/revisions"}],"predecessor-version":[{"id":39639,"href":"https:\/\/euapp01.newsmemory.com\/lamarseillaise\/news\/wp-json\/wp\/v2\/posts\/39637\/revisions\/39639"}],"wp:featuredmedia":[{"embeddable":true,"href":"https:\/\/euapp01.newsmemory.com\/lamarseillaise\/news\/wp-json\/wp\/v2\/media\/39638"}],"wp:attachment":[{"href":"https:\/\/euapp01.newsmemory.com\/lamarseillaise\/news\/wp-json\/wp\/v2\/media?parent=39637"}],"wp:term":[{"taxonomy":"category","embeddable":true,"href":"https:\/\/euapp01.newsmemory.com\/lamarseillaise\/news\/wp-json\/wp\/v2\/categories?post=39637"},{"taxonomy":"post_tag","embeddable":true,"href":"https:\/\/euapp01.newsmemory.com\/lamarseillaise\/news\/wp-json\/wp\/v2\/tags?post=39637"},{"taxonomy":"news-destination","embeddable":true,"href":"https:\/\/euapp01.newsmemory.com\/lamarseillaise\/news\/wp-json\/wp\/v2\/news-destination?post=39637"},{"taxonomy":"news-source","embeddable":true,"href":"https:\/\/euapp01.newsmemory.com\/lamarseillaise\/news\/wp-json\/wp\/v2\/news-source?post=39637"},{"taxonomy":"is_homepage","embeddable":true,"href":"https:\/\/euapp01.newsmemory.com\/lamarseillaise\/news\/wp-json\/wp\/v2\/is_homepage?post=39637"},{"taxonomy":"ta_other","embeddable":true,"href":"https:\/\/euapp01.newsmemory.com\/lamarseillaise\/news\/wp-json\/wp\/v2\/ta_other?post=39637"}],"curies":[{"name":"wp","href":"https:\/\/api.w.org\/{rel}","templated":true}]}}