{"id":39632,"date":"2026-08-18T15:17:00","date_gmt":"2026-08-18T13:17:00","guid":{"rendered":"https:\/\/euapp01.newsmemory.com\/lamarseillaise\/news\/?p=39632"},"modified":"2026-08-19T12:14:55","modified_gmt":"2026-08-19T10:14:55","slug":"exclusif-herve-manchon-sur-labattage-darbres-a-marseille-je-suis-horrifie-on-est-a-rebours-des-enjeux-du-siecle","status":"publish","type":"post","link":"https:\/\/euapp01.newsmemory.com\/lamarseillaise\/news\/2026\/08\/18\/exclusif-herve-manchon-sur-labattage-darbres-a-marseille-je-suis-horrifie-on-est-a-rebours-des-enjeux-du-siecle\/","title":{"rendered":"[Exclusif] Herv\u00e9 Menchon sur l\u2019abattage d\u2019arbres \u00e0 Marseille: \u00ab Je suis horrifi\u00e9. On est \u00e0 rebours des enjeux du si\u00e8cle \u00bb"},"content":{"rendered":"<div class=\"paragraph\">\n<p><b>La Marseillaise : De nombreux Marseillais et militants associatifs sont choqu\u00e9s par la destruction par les services de la Ville d\u2019une quarantaine d\u2019arbres de haute tige dans la pin\u00e8de du parc Bonneveine. Comment est-ce possible dans un projet qui vise \u00e0 renaturer un parc public ?<\/b><\/p>\n<p>Herv\u00e9 Menchon : Je suis triste et tr\u00e8s en col\u00e8re et je comprends et je ressens l\u2019\u00e9motion des gens et des associations. C\u2019est tr\u00e8s dur aujourd\u2019hui, en p\u00e9riode de canicule, avec ce que l\u2019on sait du d\u00e9r\u00e8glement climatique et de ce qui nous attend. Apr\u00e8s, je n\u2019ai pas \u00e9t\u00e9 impliqu\u00e9 dans ce dossier que je n\u2019ai pas pilot\u00e9. C\u2019est un parc qui est labellis\u00e9 EcoJardin et qui impliqu\u00e9 dans le programme \u00ab Territoires Engag\u00e9s pour la Nature \u00bb et sur lequel j\u2019attendais justement des r\u00e9ponses de mes services. Aujourd\u2019hui, demain, rien ne sera \u00e9quivalent \u00e0 la protection et au maintien des arbres matures qui existent. Ce qui s\u2019est pass\u00e9, ce n\u2019est juste pas possible ! 2050, c\u2019est dans 24 ans. Les arbres qu\u2019on plantera aujourd\u2019hui n\u2019apporteront jamais la m\u00eame ombre, la m\u00eame fra\u00eecheur et ne seront jamais le m\u00eame habitat que ceux qu\u2019on a abattus. On mettra des d\u00e9cennies \u00e0 r\u00e9cup\u00e9rer la continuit\u00e9 \u00e9cologique qu\u2019apportaient ces arbres. On a d\u00e9truit une canop\u00e9e et au-del\u00e0 un stockage carbone qui freine le d\u00e9r\u00e8glement climatique.<\/p>\n<p><b>Au-del\u00e0 du d\u00e9compte des arbres abattus, c\u2019est aussi la m\u00e9thodologie de travail au sein d\u2019une mairie \u00e0 composante \u00e9cologique qui est questionn\u00e9e selon vous ?<\/b><\/p>\n<p>H. M. : Un arbre, c\u2019est un monde. Il n\u2019y a pas une esp\u00e8ce prot\u00e9g\u00e9e et d\u2019autres esp\u00e8ces qu\u2019on pourrait d\u00e9truire. Pas aujourd\u2019hui, pas au XXIe si\u00e8cle. On ne peut pas r\u00e9fl\u00e9chir comme \u00e7a alors qu\u2019on est en train d\u2019essayer de construire une plan\u00e8te vivable en 2050 et que se pose la question de l\u2019habitabilit\u00e9 de la ville de Marseille en 2050. Ce qui s\u2019est pass\u00e9 est digne de la politique agricole du XIXe si\u00e8cle ou du productivisme du XXe si\u00e8cle. On est ailleurs l\u00e0, on est dans l\u2019espace. On ne peut faire du g\u00e9nie contre la nature. \u00c7a n\u2019existe pas ! On doit faire alliance avec la nature, d\u00e8s aujourd\u2019hui, partout \u00e0 Marseille, sur terre, en mer, en ville et pas seulement dans les parcs et jardins. La biodiversit\u00e9, c\u2019est \u00e7a. J\u2019ai une \u00abdivision\u00bb biodiversit\u00e9, mais qui n\u2019est m\u00eame pas une direction biodiversit\u00e9, et qui ne s\u2019occupe pas des parcs et jardins. Je ne peux pas travailler avec ces outils-l\u00e0 aujourd\u2019hui.<\/p>\n<p>En tant qu\u2019\u00e9cologiste engag\u00e9, je me suis battu pour sauver les 16 arbres du square L\u00e9vy, pour sauver la pin\u00e8de du Roy d\u2019Espagne, les jardins Joseph-Aiguier, le parc de la Mathilde. Je viens de l\u00e0, moi et je ne cautionnerai jamais l\u2019abattage de 30 \u00e0 40 arbres ! Il existe d\u2019autres solutions que l\u2019abattage. M\u00eame si on a des rapports d\u2019experts, on peut avoir des contre-expertises. Il y a s\u00fbrement un g\u00e9nie humain qui est capable de maintenir les arbres. Alors peut-\u00eatre qu\u2019il \u00e9tait trop tard, qu\u2019il y a la r\u00e9alit\u00e9 et le temps administratifs. Il y a eu aussi les \u00e9lections au milieu qui ont fait que chacun prend ses marques.<\/p>\n<p><b>Les associations dont FNE13 ont le sentiment qu\u2019on leur a jou\u00e9 un mauvais tour, d\u2019avoir \u00e9t\u00e9 pris pour des idiots, en abattant pr\u00e9cipitamment en pleine discussion. Vous comprenez ?<\/b><\/p>\n<p>Les associations m\u2019ont sollicit\u00e9. Je n\u2019ai pas r\u00e9pondu parce que ce n\u2019\u00e9tait pas mon dossier. On m\u2019a mis adjoint \u00e0 la biodiversit\u00e9 mais je ne suis pas la caution des massacres de la biodiversit\u00e9. Je veux \u00eatre adjoint \u00e0 la biodiversit\u00e9 sinon \u00e7a ne sert \u00e0 rien et je vais \u00e0 nouveau grimper aux arbres. M\u00eame sur le tramway des Catalans, je ne suis pas chaud parce qu\u2019il faut couper des arbres. Aujourd\u2019hui, on aura du mal \u00e0 avoir des arbres. On ne sait pas si les arbres qu\u2019on plante aujourd\u2019hui vont survivre. On n\u2019aura peut-\u00eatre pas l\u2019eau pour les arroser avec une temp\u00e9rature de 50 degr\u00e9s. Un arbre, c\u2019est du vivant, ce n\u2019est pas un meuble ! Ce n\u2019est pas du mobilier urbain. Avec un arbre, il y a des champignons, des insectes utiles \u00e0 la vie qui nourrissent des esp\u00e8ces prot\u00e9g\u00e9es justement. L\u00e0, franchement, on est \u00e0 rebours de mes ambitions, \u00e0 rebours des enjeux du si\u00e8cle. Je suis horrifi\u00e9.<\/p>\n<p><b>Est-que cela suscite des discussions au sein de la gouvernance municipale ?<\/b><\/p>\n<p>J\u2019aurai bient\u00f4t une r\u00e9union avec Perrine Prigent [ndr : adjointe DVG d\u00e9l\u00e9gu\u00e9e aux espaces verts qui pilote le dossier]. Je pense que l\u00e0, une r\u00e9union avec le maire de Marseille s\u2019impose. C\u2019est tout le sens de mon engagement politique qui est remis en question aujourd\u2019hui.<\/p>\n<p><b>Recueillis par David Coquille<\/b><\/p>\n<\/p><\/div>\n","protected":false},"excerpt":{"rendered":"La Marseillaise : De nombreux Marseillais et militants associatifs sont choqu&eacute;s par la destruction par les services de la Ville d&rsquo;une quarantaine d&rsquo;arbres de haute tige dans la pin&egrave;de du parc Bonneveine. Comment est-ce &#8230;","protected":false},"author":1,"featured_media":39633,"comment_status":"open","ping_status":"open","sticky":false,"template":"","format":"standard","meta":{"footnotes":""},"categories":[3926,3924,20],"tags":[2311,771,138,84,10,372,3136,2866,1550,2823,1490,90,328,343,2606,4032,487,94,377,1443,16,3611,1263,4737,4053,191,38,537,1325,1478,99],"news-destination":[3944],"news-source":[475],"is_homepage":[],"ta_other":[],"class_list":["post-39632","post","type-post","status-publish","format-standard","has-post-thumbnail","hentry","category-accueil-merge","category-accueil-second","category-societe","tag-agricole","tag-alliance","tag-associations","tag-biodiversite","tag-bouches-du-rhone","tag-canicule","tag-catalans","tag-champignons","tag-dereglement-climatique","tag-destruction","tag-direction","tag-eelv","tag-engagement","tag-entretien","tag-espaces-verts","tag-especes-protegees","tag-gouvernance","tag-herve-menchon","tag-insectes","tag-mairie-de-marseille","tag-marseille","tag-massacres","tag-militants","tag-mobilier","tag-perrine-prigent","tag-politique","tag-programme","tag-protection","tag-solutions","tag-territoires","tag-ville-de-marseille","news-destination-homepage","news-source-website"],"_links":{"self":[{"href":"https:\/\/euapp01.newsmemory.com\/lamarseillaise\/news\/wp-json\/wp\/v2\/posts\/39632","targetHints":{"allow":["GET"]}}],"collection":[{"href":"https:\/\/euapp01.newsmemory.com\/lamarseillaise\/news\/wp-json\/wp\/v2\/posts"}],"about":[{"href":"https:\/\/euapp01.newsmemory.com\/lamarseillaise\/news\/wp-json\/wp\/v2\/types\/post"}],"author":[{"embeddable":true,"href":"https:\/\/euapp01.newsmemory.com\/lamarseillaise\/news\/wp-json\/wp\/v2\/users\/1"}],"replies":[{"embeddable":true,"href":"https:\/\/euapp01.newsmemory.com\/lamarseillaise\/news\/wp-json\/wp\/v2\/comments?post=39632"}],"version-history":[{"count":3,"href":"https:\/\/euapp01.newsmemory.com\/lamarseillaise\/news\/wp-json\/wp\/v2\/posts\/39632\/revisions"}],"predecessor-version":[{"id":39636,"href":"https:\/\/euapp01.newsmemory.com\/lamarseillaise\/news\/wp-json\/wp\/v2\/posts\/39632\/revisions\/39636"}],"wp:featuredmedia":[{"embeddable":true,"href":"https:\/\/euapp01.newsmemory.com\/lamarseillaise\/news\/wp-json\/wp\/v2\/media\/39633"}],"wp:attachment":[{"href":"https:\/\/euapp01.newsmemory.com\/lamarseillaise\/news\/wp-json\/wp\/v2\/media?parent=39632"}],"wp:term":[{"taxonomy":"category","embeddable":true,"href":"https:\/\/euapp01.newsmemory.com\/lamarseillaise\/news\/wp-json\/wp\/v2\/categories?post=39632"},{"taxonomy":"post_tag","embeddable":true,"href":"https:\/\/euapp01.newsmemory.com\/lamarseillaise\/news\/wp-json\/wp\/v2\/tags?post=39632"},{"taxonomy":"news-destination","embeddable":true,"href":"https:\/\/euapp01.newsmemory.com\/lamarseillaise\/news\/wp-json\/wp\/v2\/news-destination?post=39632"},{"taxonomy":"news-source","embeddable":true,"href":"https:\/\/euapp01.newsmemory.com\/lamarseillaise\/news\/wp-json\/wp\/v2\/news-source?post=39632"},{"taxonomy":"is_homepage","embeddable":true,"href":"https:\/\/euapp01.newsmemory.com\/lamarseillaise\/news\/wp-json\/wp\/v2\/is_homepage?post=39632"},{"taxonomy":"ta_other","embeddable":true,"href":"https:\/\/euapp01.newsmemory.com\/lamarseillaise\/news\/wp-json\/wp\/v2\/ta_other?post=39632"}],"curies":[{"name":"wp","href":"https:\/\/api.w.org\/{rel}","templated":true}]}}