{"id":39626,"date":"2026-08-18T09:58:00","date_gmt":"2026-08-18T07:58:00","guid":{"rendered":"https:\/\/euapp01.newsmemory.com\/lamarseillaise\/news\/?p=39626"},"modified":"2026-08-18T10:15:32","modified_gmt":"2026-08-18T08:15:32","slug":"apres-une-nouvelle-panne-le-maire-daubagne-interpelle-enedis","status":"publish","type":"post","link":"https:\/\/euapp01.newsmemory.com\/lamarseillaise\/news\/2026\/08\/18\/apres-une-nouvelle-panne-le-maire-daubagne-interpelle-enedis\/","title":{"rendered":"Apr\u00e8s une nouvelle panne, le maire d\u2019Aubagne interpelle Enedis"},"content":{"rendered":"<div class=\"paragraph\">\n<p>D\u00e9j\u00e0 au mois de juin puis au mois de juillet dernier l\u2019\u00e9dile avait demand\u00e9 des explications face \u00e0 des coupures de courant r\u00e9p\u00e9t\u00e9es. \u00ab La situation atteint d\u00e9sormais un niveau d\u2019urgence critique \u00bb, s\u2019inqui\u00e8te la municipalit\u00e9 face \u00e0 des pannes qui ont touch\u00e9 notamment une r\u00e9sidence senior mais aussi l\u2019usine de potabilisation du Pin Vert. En cause, l\u2019encha\u00eenement de vagues de chaleur qui s\u2019ajoutent \u00e0 un r\u00e9seau v\u00e9tuste d\u00e9pass\u00e9 par les nouveaux usages et l\u2019urbanisation des derni\u00e8res ann\u00e9es sans mise \u00e0 niveau proportionn\u00e9e du r\u00e9seau, selon la Ville. \u00ab<i> Enedis doit maintenant d\u00e9ployer les moyens financiers et techniques \u00e0 la hauteur des besoins d\u2019Aubagne. Les Aubagnais ont droit \u00e0 un service public de l\u2019\u00e9lectricit\u00e9 fiable et durable <\/i>\u00bb, demande donc Jean-Pierre Squillari en se disant pr\u00eat \u00e0 simplifier les proc\u00e9dures et fournir du foncier, et saluant les salari\u00e9s mobilis\u00e9s sur le terrain.<\/p>\n<\/p><\/div>\n","protected":false},"excerpt":{"rendered":"D&eacute;j&agrave; au mois de juin puis au mois de juillet dernier l&rsquo;&eacute;dile avait demand&eacute; des explications face &agrave; des coupures de courant r&eacute;p&eacute;t&eacute;es. &laquo; La situation atteint d&eacute;sormais un &#8230;","protected":false},"author":1,"featured_media":39627,"comment_status":"open","ping_status":"open","sticky":false,"template":"","format":"standard","meta":{"footnotes":""},"categories":[330],"tags":[3275,493,10,372,373,207,6235,6100,163,3499,1188,419,962],"news-destination":[],"news-source":[475],"is_homepage":[],"ta_other":[],"class_list":["post-39626","post","type-post","status-publish","format-standard","has-post-thumbnail","hentry","category-politique","tag-adaptation-climatique","tag-aubagne","tag-bouches-du-rhone","tag-canicule","tag-chaleur","tag-changement-climatique","tag-coupures-delectricite","tag-enedis","tag-financement","tag-jean-pierre-squillari","tag-moyens","tag-rechauffement-climatique","tag-salaries","news-source-website"],"_links":{"self":[{"href":"https:\/\/euapp01.newsmemory.com\/lamarseillaise\/news\/wp-json\/wp\/v2\/posts\/39626","targetHints":{"allow":["GET"]}}],"collection":[{"href":"https:\/\/euapp01.newsmemory.com\/lamarseillaise\/news\/wp-json\/wp\/v2\/posts"}],"about":[{"href":"https:\/\/euapp01.newsmemory.com\/lamarseillaise\/news\/wp-json\/wp\/v2\/types\/post"}],"author":[{"embeddable":true,"href":"https:\/\/euapp01.newsmemory.com\/lamarseillaise\/news\/wp-json\/wp\/v2\/users\/1"}],"replies":[{"embeddable":true,"href":"https:\/\/euapp01.newsmemory.com\/lamarseillaise\/news\/wp-json\/wp\/v2\/comments?post=39626"}],"version-history":[{"count":1,"href":"https:\/\/euapp01.newsmemory.com\/lamarseillaise\/news\/wp-json\/wp\/v2\/posts\/39626\/revisions"}],"predecessor-version":[{"id":39628,"href":"https:\/\/euapp01.newsmemory.com\/lamarseillaise\/news\/wp-json\/wp\/v2\/posts\/39626\/revisions\/39628"}],"wp:featuredmedia":[{"embeddable":true,"href":"https:\/\/euapp01.newsmemory.com\/lamarseillaise\/news\/wp-json\/wp\/v2\/media\/39627"}],"wp:attachment":[{"href":"https:\/\/euapp01.newsmemory.com\/lamarseillaise\/news\/wp-json\/wp\/v2\/media?parent=39626"}],"wp:term":[{"taxonomy":"category","embeddable":true,"href":"https:\/\/euapp01.newsmemory.com\/lamarseillaise\/news\/wp-json\/wp\/v2\/categories?post=39626"},{"taxonomy":"post_tag","embeddable":true,"href":"https:\/\/euapp01.newsmemory.com\/lamarseillaise\/news\/wp-json\/wp\/v2\/tags?post=39626"},{"taxonomy":"news-destination","embeddable":true,"href":"https:\/\/euapp01.newsmemory.com\/lamarseillaise\/news\/wp-json\/wp\/v2\/news-destination?post=39626"},{"taxonomy":"news-source","embeddable":true,"href":"https:\/\/euapp01.newsmemory.com\/lamarseillaise\/news\/wp-json\/wp\/v2\/news-source?post=39626"},{"taxonomy":"is_homepage","embeddable":true,"href":"https:\/\/euapp01.newsmemory.com\/lamarseillaise\/news\/wp-json\/wp\/v2\/is_homepage?post=39626"},{"taxonomy":"ta_other","embeddable":true,"href":"https:\/\/euapp01.newsmemory.com\/lamarseillaise\/news\/wp-json\/wp\/v2\/ta_other?post=39626"}],"curies":[{"name":"wp","href":"https:\/\/api.w.org\/{rel}","templated":true}]}}