{"id":39620,"date":"2026-08-18T09:19:00","date_gmt":"2026-08-18T07:19:00","guid":{"rendered":"https:\/\/euapp01.newsmemory.com\/lamarseillaise\/news\/?p=39620"},"modified":"2026-08-18T10:15:32","modified_gmt":"2026-08-18T08:15:32","slug":"cest-lete-six-siecles-dhistoire-de-la-ciotat-racontes-sur-les-planches","status":"publish","type":"post","link":"https:\/\/euapp01.newsmemory.com\/lamarseillaise\/news\/2026\/08\/18\/cest-lete-six-siecles-dhistoire-de-la-ciotat-racontes-sur-les-planches\/","title":{"rendered":"[C\u2019est l\u2019\u00e9t\u00e9] Six si\u00e8cles d\u2019histoire de La&nbsp;Ciotat racont\u00e9s sur les planches"},"content":{"rendered":"<div class=\"paragraph\">\n<p>\u00ab <i>L<\/i><i>e concept de ce spectacle, c\u2019est de mettre en valeur des personnages qui ont marqu\u00e9 l\u2019histoire de La<\/i><i>\u00a0<\/i><i>Ciotat et La<\/i><i>\u00a0<\/i><i>Provence<\/i>\u00a0\u00bb, explique Mireille Benedetti, pr\u00e9sidente de l\u2019association \u00ab\u00a0<i>La Ciotat, il \u00e9tait une fois<\/i><i>\u00a0<\/i>\u00bb et sc\u00e9nariste et metteuse en sc\u00e8ne du spectacle <i>La Ciotat, il \u00e9tait une fois 600<\/i><i>\u00a0<\/i><i>ans d\u2019histoire<\/i>. \u00ab<i>\u00a0<\/i><i>Je voulais mettre en valeur la particularit\u00e9 de La Ciotat<\/i><i>\u00a0<\/i><i>: les habitants se sont toujours battus pour pr\u00e9server l\u2019authenticit\u00e9 et les valeurs de la ville<\/i>\u00a0\u00bb, ajoute-t-elle. Le spectacle commence en 1429, date de cr\u00e9ation de la ville, marquant la prise d\u2019ind\u00e9pendance par rapport \u00e0 la ville voisine, Ceyreste. \u00ab\u00a0<i>Il y a neuf actes, un final et un entracte<\/i><i>\u00a0<\/i>\u00bb, pr\u00e9cise Mireille Benedetti.<\/p>\n<\/p><\/div>\n<div class=\"intext\"> Pour petits et grands\n              <\/div>\n<div class=\"paragraph\">\n<p>Le spectacle \u00ab\u00a0<i>est pr\u00e9vu pour touristes et locaux, petits et grands<\/i>\u00a0\u00bb, insiste-t-elle. La sc\u00e9nariste travaille depuis six\u00a0mois sur le spectacle. Au printemps, l\u2019association a lanc\u00e9 des castings pour r\u00e9unir 100\u00a0acteurs, \u00ab\u00a0<i>la plus petite \u00e0 2<\/i><i>\u00a0<\/i><i>ans et demi, le plus \u00e2g\u00e9 83<\/i><i>\u00a0<\/i><i>ans<\/i>\u00a0\u00bb, dit-elle. Pour les combats, ce sont des escrimeurs professionnels, provenant de la troupe des Dragons de Cond\u00e9 de Fr\u00e9jus. Les 100\u00a0com\u00e9diens incarneront au total 500 personnages.<\/p>\n<p>Les portes du Th\u00e9\u00e2tre de la mer s\u2019ouvriront, jeudi et vendredi, \u00e0 partir de 18h. D\u00e8s 18h30, des animations sont pr\u00e9vues pour \u00ab\u00a0<i>vivre agr\u00e9ablement l\u2019attente<\/i>\u00a0\u00bb. Une taverne gourmande tenue par l\u2019association sera sur place. Le spectacle commence \u00e0 20h. \u00ab\u00a0<i>Il reste des places<\/i><i>\u00a0<\/i><i>!<\/i>\u00a0\u00bb, indique Mireille Benedetti. Pour s\u2019en procurer, il y a une billetterie en ligne sur \u00ab\u00a0<i><a rel=\"nofollow noopener noreferrer\" href=\"https:\/\/www.helloasso.com\/associations\/la-ciotat-il-etait-une-fois\" target=\"_blank\">Helloasso.com La Ciotat, il \u00e9tait une fois<\/a><\/i>\u00a0\u00bb. Il est \u00e9galement possible d\u2019obtenir des billets, ce mardi matin et \u00e0 partir de 20h au comit\u00e9 des f\u00eates de La Ciotat, puis mercredi, jeudi et vendredi d\u00e8s 17h au Th\u00e9\u00e2tre de la mer. Un acc\u00e8s PMR est pr\u00e9vu. Le tarif est de 20\u00a0euros pour les adultes, 15\u00a0euros pour les enfants de moins de 12\u00a0ans et pour les groupes \u00e0 partir de 10\u00a0personnes.<\/p>\n<p><b>Gabrielle Cartellier<\/b><\/p>\n<\/p><\/div>\n","protected":false},"excerpt":{"rendered":"&laquo; Le concept de ce spectacle, c&rsquo;est de mettre en valeur des personnages qui ont marqu&eacute; l&rsquo;histoire de La&nbsp;Ciotat et La&nbsp;Provence&nbsp;&raquo;, explique Mireille Benedetti, pr&eacute;sidente de l&rsquo;association &#8230;","protected":false},"author":1,"featured_media":39621,"comment_status":"open","ping_status":"open","sticky":false,"template":"","format":"standard","meta":{"footnotes":""},"categories":[32],"tags":[1277,10,6085,1122,57,58,106,743,529,1241,4506,720],"news-destination":[],"news-source":[475],"is_homepage":[],"ta_other":[],"class_list":["post-39620","post","type-post","status-publish","format-standard","has-post-thumbnail","hentry","category-culture","tag-animations","tag-bouches-du-rhone","tag-cest-lete","tag-creation","tag-enfants","tag-famille","tag-habitants","tag-la-ciotat","tag-spectacle","tag-theatre","tag-theatre-de-la-mer","tag-ville","news-source-website"],"_links":{"self":[{"href":"https:\/\/euapp01.newsmemory.com\/lamarseillaise\/news\/wp-json\/wp\/v2\/posts\/39620","targetHints":{"allow":["GET"]}}],"collection":[{"href":"https:\/\/euapp01.newsmemory.com\/lamarseillaise\/news\/wp-json\/wp\/v2\/posts"}],"about":[{"href":"https:\/\/euapp01.newsmemory.com\/lamarseillaise\/news\/wp-json\/wp\/v2\/types\/post"}],"author":[{"embeddable":true,"href":"https:\/\/euapp01.newsmemory.com\/lamarseillaise\/news\/wp-json\/wp\/v2\/users\/1"}],"replies":[{"embeddable":true,"href":"https:\/\/euapp01.newsmemory.com\/lamarseillaise\/news\/wp-json\/wp\/v2\/comments?post=39620"}],"version-history":[{"count":1,"href":"https:\/\/euapp01.newsmemory.com\/lamarseillaise\/news\/wp-json\/wp\/v2\/posts\/39620\/revisions"}],"predecessor-version":[{"id":39622,"href":"https:\/\/euapp01.newsmemory.com\/lamarseillaise\/news\/wp-json\/wp\/v2\/posts\/39620\/revisions\/39622"}],"wp:featuredmedia":[{"embeddable":true,"href":"https:\/\/euapp01.newsmemory.com\/lamarseillaise\/news\/wp-json\/wp\/v2\/media\/39621"}],"wp:attachment":[{"href":"https:\/\/euapp01.newsmemory.com\/lamarseillaise\/news\/wp-json\/wp\/v2\/media?parent=39620"}],"wp:term":[{"taxonomy":"category","embeddable":true,"href":"https:\/\/euapp01.newsmemory.com\/lamarseillaise\/news\/wp-json\/wp\/v2\/categories?post=39620"},{"taxonomy":"post_tag","embeddable":true,"href":"https:\/\/euapp01.newsmemory.com\/lamarseillaise\/news\/wp-json\/wp\/v2\/tags?post=39620"},{"taxonomy":"news-destination","embeddable":true,"href":"https:\/\/euapp01.newsmemory.com\/lamarseillaise\/news\/wp-json\/wp\/v2\/news-destination?post=39620"},{"taxonomy":"news-source","embeddable":true,"href":"https:\/\/euapp01.newsmemory.com\/lamarseillaise\/news\/wp-json\/wp\/v2\/news-source?post=39620"},{"taxonomy":"is_homepage","embeddable":true,"href":"https:\/\/euapp01.newsmemory.com\/lamarseillaise\/news\/wp-json\/wp\/v2\/is_homepage?post=39620"},{"taxonomy":"ta_other","embeddable":true,"href":"https:\/\/euapp01.newsmemory.com\/lamarseillaise\/news\/wp-json\/wp\/v2\/ta_other?post=39620"}],"curies":[{"name":"wp","href":"https:\/\/api.w.org\/{rel}","templated":true}]}}