{"id":39614,"date":"2026-08-18T09:31:00","date_gmt":"2026-08-18T07:31:00","guid":{"rendered":"https:\/\/euapp01.newsmemory.com\/lamarseillaise\/news\/?p=39614"},"modified":"2026-08-18T10:15:32","modified_gmt":"2026-08-18T08:15:32","slug":"cest-lete-du-classique-accessible-a-tous-a-leglise-sainte-anne","status":"publish","type":"post","link":"https:\/\/euapp01.newsmemory.com\/lamarseillaise\/news\/2026\/08\/18\/cest-lete-du-classique-accessible-a-tous-a-leglise-sainte-anne\/","title":{"rendered":"[C\u2019est l\u2019\u00e9t\u00e9] Du classique accessible \u00e0 tous \u00e0 l\u2019\u00e9glise Sainte-Anne"},"content":{"rendered":"<div class=\"paragraph\">\n<p>Et si la musique classique sortait des sentiers battus\u00a0? C\u2019est toute l\u2019ambition des Concerts de Sainte-Anne qui s\u2019ouvrent ce mardi pour une deuxi\u00e8me \u00e9dition, avec trois rendez-vous jusqu\u2019au 1<sup>er<\/sup> septembre. \u00c0 19h, l\u2019\u00e9glise Sainte-Anne, place Baverel, dans le 8<sup>e<\/sup> arrondissement de Marseille, accueille une programmation accessible \u00e0 tous, avec une entr\u00e9e \u00e0 prix libre.<\/p>\n<p>\u00ab <i>L\u2019an dernier, on a constat\u00e9 que, l\u2019\u00e9t\u00e9, il n\u2019y a quasiment rien \u00e0 Marseille en mati\u00e8re de musique classique.<\/i> <i>Tout le monde n\u2019a pas la chance d\u2019aller en festival donc on s\u2019est dit qu\u2019il fallait prolonger les concerts<\/i><i>\u00a0<\/i>\u00bb, explique Philippe Gueit, directeur artistique des concerts, qui sera \u00e9galement au piano.<\/p>\n<p>Pour cette premi\u00e8re soir\u00e9e, le programme sera \u00e9clectique. Avec Fabrice Ropolo \u00e0 la fl\u00fbte, Philippe Gueit proposera une heure musicale allant de Bach \u00e0 Morricone, en passant par Ibert, Saint-Sa\u00ebns, Mozart et Donizetti.<\/p>\n<p>Le mardi 25 ao\u00fbt, le pianiste sera en duo avec le trompettiste Thierry Amiot, pour pr\u00e9senter leur CD <i>Grandes M\u00e9lodies<\/i>, enregistr\u00e9 dans cette m\u00eame \u00e9glise. \u00ab\u00a0<i>L\u2019originalit\u00e9, c\u2019est qu\u2019on a choisi un duo pour trompette et piano, bien moins connu que la trompette et l\u2019orgue<\/i><i>\u00a0<\/i>\u00bb, pr\u00e9cise Philippe Gueit. Enfin, le 1<sup>er<\/sup>\u00a0septembre, le pianiste donnera un r\u00e9cital consacr\u00e9 \u00e0 Albeniz, Liszt, Schubert et Chopin, entre grandes pages du r\u00e9pertoire et d\u00e9couvertes.<\/p>\n<\/p><\/div>\n<div class=\"intext\"> S\u00e9duire les n\u00e9ophytes\n              <\/div>\n<div class=\"paragraph\">\n<p>Ici, pas question de r\u00e9server le classique aux seuls initi\u00e9s. \u00ab<i>\u00a0<\/i><i>On tient \u00e0 l\u2019accessibilit\u00e9 du classique pour tous, d\u2019o\u00f9 l\u2019entr\u00e9e \u00e0 prix libre, <\/i>souligne Philippe Gueit<i>. On associe encore trop souvent le classique \u00e0 un r\u00e9pertoire r\u00e9serv\u00e9.<\/i><i>\u00a0<\/i>\u00bb Avec 200\u00a0places, sans r\u00e9servation, chacun peut pousser la porte de l\u2019\u00e9glise et se laisser surprendre. \u00ab\u00a0<i>C\u2019est important de proposer aux gens des choses qu\u2019ils n\u2019aiment pas forc\u00e9ment pour susciter la d\u00e9couverte<\/i>\u00a0\u00bb, poursuit-il.<\/p>\n<p>\u00c0 Sainte-Anne, le cadre participe pleinement \u00e0 cette invitation. \u00ab<i>\u00a0<\/i><i>Souvent, les \u00e9glises r\u00e9sonnent trop. L\u00e0, l\u2019acoustique est excellente<\/i><i>\u00a0<\/i>\u00bb, assure le directeur artistique, qui appr\u00e9cie aussi \u00ab<i>\u00a0<\/i><i>la grande proximit\u00e9 offerte par le lieu avec le public<\/i><i>\u00a0<\/i>\u00bb.<\/p>\n<\/p><\/div>\n","protected":false},"excerpt":{"rendered":"Et si la musique classique sortait des sentiers battus&nbsp;? C&rsquo;est toute l&rsquo;ambition des Concerts de Sainte-Anne qui s&rsquo;ouvrent ce mardi pour une deuxi&egrave;me &eacute;dition, avec trois rendez-vous jusqu&rsquo;au 1er septembre. &#8230;","protected":false},"author":1,"featured_media":39615,"comment_status":"open","ping_status":"open","sticky":false,"template":"","format":"standard","meta":{"footnotes":""},"categories":[32],"tags":[10,6085,400,1998,16,1923,325,1310,1324,997,38],"news-destination":[],"news-source":[475],"is_homepage":[],"ta_other":[],"class_list":["post-39614","post","type-post","status-publish","format-standard","has-post-thumbnail","hentry","category-culture","tag-bouches-du-rhone","tag-cest-lete","tag-concerts","tag-eglise","tag-marseille","tag-marseille-8e-arrondissement","tag-musique","tag-musique-classique","tag-piano","tag-programmation","tag-programme","news-source-website"],"_links":{"self":[{"href":"https:\/\/euapp01.newsmemory.com\/lamarseillaise\/news\/wp-json\/wp\/v2\/posts\/39614","targetHints":{"allow":["GET"]}}],"collection":[{"href":"https:\/\/euapp01.newsmemory.com\/lamarseillaise\/news\/wp-json\/wp\/v2\/posts"}],"about":[{"href":"https:\/\/euapp01.newsmemory.com\/lamarseillaise\/news\/wp-json\/wp\/v2\/types\/post"}],"author":[{"embeddable":true,"href":"https:\/\/euapp01.newsmemory.com\/lamarseillaise\/news\/wp-json\/wp\/v2\/users\/1"}],"replies":[{"embeddable":true,"href":"https:\/\/euapp01.newsmemory.com\/lamarseillaise\/news\/wp-json\/wp\/v2\/comments?post=39614"}],"version-history":[{"count":1,"href":"https:\/\/euapp01.newsmemory.com\/lamarseillaise\/news\/wp-json\/wp\/v2\/posts\/39614\/revisions"}],"predecessor-version":[{"id":39616,"href":"https:\/\/euapp01.newsmemory.com\/lamarseillaise\/news\/wp-json\/wp\/v2\/posts\/39614\/revisions\/39616"}],"wp:featuredmedia":[{"embeddable":true,"href":"https:\/\/euapp01.newsmemory.com\/lamarseillaise\/news\/wp-json\/wp\/v2\/media\/39615"}],"wp:attachment":[{"href":"https:\/\/euapp01.newsmemory.com\/lamarseillaise\/news\/wp-json\/wp\/v2\/media?parent=39614"}],"wp:term":[{"taxonomy":"category","embeddable":true,"href":"https:\/\/euapp01.newsmemory.com\/lamarseillaise\/news\/wp-json\/wp\/v2\/categories?post=39614"},{"taxonomy":"post_tag","embeddable":true,"href":"https:\/\/euapp01.newsmemory.com\/lamarseillaise\/news\/wp-json\/wp\/v2\/tags?post=39614"},{"taxonomy":"news-destination","embeddable":true,"href":"https:\/\/euapp01.newsmemory.com\/lamarseillaise\/news\/wp-json\/wp\/v2\/news-destination?post=39614"},{"taxonomy":"news-source","embeddable":true,"href":"https:\/\/euapp01.newsmemory.com\/lamarseillaise\/news\/wp-json\/wp\/v2\/news-source?post=39614"},{"taxonomy":"is_homepage","embeddable":true,"href":"https:\/\/euapp01.newsmemory.com\/lamarseillaise\/news\/wp-json\/wp\/v2\/is_homepage?post=39614"},{"taxonomy":"ta_other","embeddable":true,"href":"https:\/\/euapp01.newsmemory.com\/lamarseillaise\/news\/wp-json\/wp\/v2\/ta_other?post=39614"}],"curies":[{"name":"wp","href":"https:\/\/api.w.org\/{rel}","templated":true}]}}