{"id":39608,"date":"2026-08-18T09:20:00","date_gmt":"2026-08-18T07:20:00","guid":{"rendered":"https:\/\/euapp01.newsmemory.com\/lamarseillaise\/news\/?p=39608"},"modified":"2026-08-19T18:20:34","modified_gmt":"2026-08-19T16:20:34","slug":"cest-lete-un-atelier-a-lombre-du-musee-ziem","status":"publish","type":"post","link":"https:\/\/euapp01.newsmemory.com\/lamarseillaise\/news\/2026\/08\/18\/cest-lete-un-atelier-a-lombre-du-musee-ziem\/","title":{"rendered":"[C\u2019est l\u2019\u00e9t\u00e9] Un atelier \u00e0 l\u2019ombre du mus\u00e9e Ziem"},"content":{"rendered":"<div class=\"paragraph\">\n<p>Depuis 1908, le mus\u00e9e expose les \u0153uvres de Felix Ziem et d\u2019autres peintures et arts graphiques du XIX<sup>e<\/sup> et XX<sup>e<\/sup>\u00a0si\u00e8cle. Ce mercredi, ce sera au tour des visiteurs de cr\u00e9er au cours d\u2019un atelier \u00ab\u00a0\u00e0 l\u2019ombre du mus\u00e9e\u00a0\u00bb, entre amis en famille ou seul, guid\u00e9 par un professionnel de 10h \u00e0 11h, les visiteurs d\u00e9couvrent une \u0153uvre avant de s\u2019initier aux diff\u00e9rentes pratiques artistiques (peinture, collage ou dessin). Il sera tout de m\u00eame possible de visiter le mus\u00e9e librement et gratuitement comme \u00e0 l\u2019accoutum\u00e9e, ainsi que d\u2019assister \u00e0 la pr\u00e9sentation d\u2019une \u0153uvre par un m\u00e9diateur. La moiti\u00e9 de l\u2019\u00e9tablissement est consacr\u00e9e aux \u0153uvres de l\u2019artiste qui lui a donn\u00e9 son nom\u00a0: Felix Ziem. Il \u00e9tait un peintre Fran\u00e7ais pr\u00e9curseur du mouvement de l\u2019impressionnisme et a peint en grande partie des paysages. L\u2019autre partie du mus\u00e9e est d\u00e9di\u00e9e \u00e0 divers artistes contemporains de Felix Ziem tels que Emile Loubon ou Ernest Pignon-Ernest. Le mus\u00e9e est ouvert du mercredi au dimanche inclus, de 14h \u00e0 18h. Pour s\u2019inscrire \u00e0 l\u2019atelier, plus d\u2019informations sont disponibles sur le site de la ville de Martigues.<\/p>\n<p><b>Louis Golliot <\/b><\/p>\n<\/p><\/div>\n","protected":false},"excerpt":{"rendered":"Depuis 1908, le mus&eacute;e expose les &oelig;uvres de Felix Ziem et d&rsquo;autres peintures et arts graphiques du XIXe et XXe&nbsp;si&egrave;cle. Ce mercredi, ce sera au tour des visiteurs de cr&eacute;er au cours d&rsquo;un atelier &#8230;","protected":false},"author":1,"featured_media":39609,"comment_status":"open","ping_status":"open","sticky":false,"template":"","format":"standard","meta":{"footnotes":""},"categories":[918,3926,3925,32,20],"tags":[130,10,6085,5584,1122,3406,57,5637,5051,58,754,63,153,3581,1993,502],"news-destination":[3944],"news-source":[475],"is_homepage":[],"ta_other":[],"class_list":["post-39608","post","type-post","status-publish","format-standard","has-post-thumbnail","hentry","category-accueil","category-accueil-merge","category-accueil-third","category-culture","category-societe","tag-ateliers","tag-bouches-du-rhone","tag-cest-lete","tag-collage","tag-creation","tag-dessin","tag-enfants","tag-ernest-pignon-ernest","tag-eveil-artistique","tag-famille","tag-familles","tag-martigues","tag-musee","tag-musee-ziem","tag-oeuvres-dart","tag-peinture","news-destination-homepage","news-source-website"],"_links":{"self":[{"href":"https:\/\/euapp01.newsmemory.com\/lamarseillaise\/news\/wp-json\/wp\/v2\/posts\/39608","targetHints":{"allow":["GET"]}}],"collection":[{"href":"https:\/\/euapp01.newsmemory.com\/lamarseillaise\/news\/wp-json\/wp\/v2\/posts"}],"about":[{"href":"https:\/\/euapp01.newsmemory.com\/lamarseillaise\/news\/wp-json\/wp\/v2\/types\/post"}],"author":[{"embeddable":true,"href":"https:\/\/euapp01.newsmemory.com\/lamarseillaise\/news\/wp-json\/wp\/v2\/users\/1"}],"replies":[{"embeddable":true,"href":"https:\/\/euapp01.newsmemory.com\/lamarseillaise\/news\/wp-json\/wp\/v2\/comments?post=39608"}],"version-history":[{"count":1,"href":"https:\/\/euapp01.newsmemory.com\/lamarseillaise\/news\/wp-json\/wp\/v2\/posts\/39608\/revisions"}],"predecessor-version":[{"id":39610,"href":"https:\/\/euapp01.newsmemory.com\/lamarseillaise\/news\/wp-json\/wp\/v2\/posts\/39608\/revisions\/39610"}],"wp:featuredmedia":[{"embeddable":true,"href":"https:\/\/euapp01.newsmemory.com\/lamarseillaise\/news\/wp-json\/wp\/v2\/media\/39609"}],"wp:attachment":[{"href":"https:\/\/euapp01.newsmemory.com\/lamarseillaise\/news\/wp-json\/wp\/v2\/media?parent=39608"}],"wp:term":[{"taxonomy":"category","embeddable":true,"href":"https:\/\/euapp01.newsmemory.com\/lamarseillaise\/news\/wp-json\/wp\/v2\/categories?post=39608"},{"taxonomy":"post_tag","embeddable":true,"href":"https:\/\/euapp01.newsmemory.com\/lamarseillaise\/news\/wp-json\/wp\/v2\/tags?post=39608"},{"taxonomy":"news-destination","embeddable":true,"href":"https:\/\/euapp01.newsmemory.com\/lamarseillaise\/news\/wp-json\/wp\/v2\/news-destination?post=39608"},{"taxonomy":"news-source","embeddable":true,"href":"https:\/\/euapp01.newsmemory.com\/lamarseillaise\/news\/wp-json\/wp\/v2\/news-source?post=39608"},{"taxonomy":"is_homepage","embeddable":true,"href":"https:\/\/euapp01.newsmemory.com\/lamarseillaise\/news\/wp-json\/wp\/v2\/is_homepage?post=39608"},{"taxonomy":"ta_other","embeddable":true,"href":"https:\/\/euapp01.newsmemory.com\/lamarseillaise\/news\/wp-json\/wp\/v2\/ta_other?post=39608"}],"curies":[{"name":"wp","href":"https:\/\/api.w.org\/{rel}","templated":true}]}}