{"id":39599,"date":"2026-08-18T08:24:00","date_gmt":"2026-08-18T06:24:00","guid":{"rendered":"https:\/\/euapp01.newsmemory.com\/lamarseillaise\/news\/?p=39599"},"modified":"2026-08-18T10:15:32","modified_gmt":"2026-08-18T08:15:32","slug":"cest-lete-concert-de-musiques-grecques-en-plein-air-a-marseille","status":"publish","type":"post","link":"https:\/\/euapp01.newsmemory.com\/lamarseillaise\/news\/2026\/08\/18\/cest-lete-concert-de-musiques-grecques-en-plein-air-a-marseille\/","title":{"rendered":"[C\u2019est l\u2019\u00e9t\u00e9] Concert de musiques grecques en plein air \u00e0 Marseille"},"content":{"rendered":"<div class=\"paragraph\">\n<p>Une parenth\u00e8se musicale grecque y sera propos\u00e9e par Tassos Tsitsivakos, au bouzouki (instrument traditionnel grec) et au chant, accompagn\u00e9 de Evelise Mendes, \u00e0 l\u2019accord\u00e9on et au chant. Le duo performera des musiques urbaines traditionnelles.<\/p>\n<p><b>A.GC.<\/b><\/p>\n<p><i>De 18h \u00e0 19h.<\/i><\/p>\n<p><i>Gratuit.<\/i><\/p>\n<\/p><\/div>\n","protected":false},"excerpt":{"rendered":"Une parenth&egrave;se musicale grecque y sera propos&eacute;e par Tassos Tsitsivakos, au bouzouki (instrument traditionnel grec) et au chant, accompagn&eacute; de Evelise Mendes, &agrave; l&rsquo;accord&eacute;on et au chant. Le duo performera des &#8230;","protected":false},"author":1,"featured_media":39600,"comment_status":"open","ping_status":"open","sticky":false,"template":"","format":"standard","meta":{"footnotes":""},"categories":[32],"tags":[10,6085,3409,34,1083,6270,16,325,2000],"news-destination":[],"news-source":[475],"is_homepage":[],"ta_other":[],"class_list":["post-39599","post","type-post","status-publish","format-standard","has-post-thumbnail","hentry","category-culture","tag-bouches-du-rhone","tag-cest-lete","tag-chant","tag-concert","tag-gratuit","tag-grec","tag-marseille","tag-musique","tag-plein-air","news-source-website"],"_links":{"self":[{"href":"https:\/\/euapp01.newsmemory.com\/lamarseillaise\/news\/wp-json\/wp\/v2\/posts\/39599","targetHints":{"allow":["GET"]}}],"collection":[{"href":"https:\/\/euapp01.newsmemory.com\/lamarseillaise\/news\/wp-json\/wp\/v2\/posts"}],"about":[{"href":"https:\/\/euapp01.newsmemory.com\/lamarseillaise\/news\/wp-json\/wp\/v2\/types\/post"}],"author":[{"embeddable":true,"href":"https:\/\/euapp01.newsmemory.com\/lamarseillaise\/news\/wp-json\/wp\/v2\/users\/1"}],"replies":[{"embeddable":true,"href":"https:\/\/euapp01.newsmemory.com\/lamarseillaise\/news\/wp-json\/wp\/v2\/comments?post=39599"}],"version-history":[{"count":1,"href":"https:\/\/euapp01.newsmemory.com\/lamarseillaise\/news\/wp-json\/wp\/v2\/posts\/39599\/revisions"}],"predecessor-version":[{"id":39601,"href":"https:\/\/euapp01.newsmemory.com\/lamarseillaise\/news\/wp-json\/wp\/v2\/posts\/39599\/revisions\/39601"}],"wp:featuredmedia":[{"embeddable":true,"href":"https:\/\/euapp01.newsmemory.com\/lamarseillaise\/news\/wp-json\/wp\/v2\/media\/39600"}],"wp:attachment":[{"href":"https:\/\/euapp01.newsmemory.com\/lamarseillaise\/news\/wp-json\/wp\/v2\/media?parent=39599"}],"wp:term":[{"taxonomy":"category","embeddable":true,"href":"https:\/\/euapp01.newsmemory.com\/lamarseillaise\/news\/wp-json\/wp\/v2\/categories?post=39599"},{"taxonomy":"post_tag","embeddable":true,"href":"https:\/\/euapp01.newsmemory.com\/lamarseillaise\/news\/wp-json\/wp\/v2\/tags?post=39599"},{"taxonomy":"news-destination","embeddable":true,"href":"https:\/\/euapp01.newsmemory.com\/lamarseillaise\/news\/wp-json\/wp\/v2\/news-destination?post=39599"},{"taxonomy":"news-source","embeddable":true,"href":"https:\/\/euapp01.newsmemory.com\/lamarseillaise\/news\/wp-json\/wp\/v2\/news-source?post=39599"},{"taxonomy":"is_homepage","embeddable":true,"href":"https:\/\/euapp01.newsmemory.com\/lamarseillaise\/news\/wp-json\/wp\/v2\/is_homepage?post=39599"},{"taxonomy":"ta_other","embeddable":true,"href":"https:\/\/euapp01.newsmemory.com\/lamarseillaise\/news\/wp-json\/wp\/v2\/ta_other?post=39599"}],"curies":[{"name":"wp","href":"https:\/\/api.w.org\/{rel}","templated":true}]}}