{"id":39596,"date":"2026-08-18T08:26:00","date_gmt":"2026-08-18T06:26:00","guid":{"rendered":"https:\/\/euapp01.newsmemory.com\/lamarseillaise\/news\/?p=39596"},"modified":"2026-08-18T10:15:32","modified_gmt":"2026-08-18T08:15:32","slug":"cest-lete-recital-de-pianos-en-duo-a-la-seyne-sur-mer","status":"publish","type":"post","link":"https:\/\/euapp01.newsmemory.com\/lamarseillaise\/news\/2026\/08\/18\/cest-lete-recital-de-pianos-en-duo-a-la-seyne-sur-mer\/","title":{"rendered":"[C\u2019est l\u2019\u00e9t\u00e9] R\u00e9cital de pianos en duo \u00e0 La Seyne-sur-Mer"},"content":{"rendered":"<div class=\"paragraph\">\n<p>\u00c0\u00a0l\u2019occasion du festival international Sand &#038; Chopin en Seyne, le duo Mousse\u00eeon r\u00e9interpr\u00e9tera Mozart comme Chopin, \u00e0 quatre mains.<\/p>\n<p><b>A.GC.<\/b><\/p>\n<p><i>\u00c0 21h. <\/i><\/p>\n<p><i>Gratuit pour les moins de 18<\/i><i>\u00a0<\/i><i>ans, 25 euros plein tarif.<\/i><\/p>\n<\/p><\/div>\n","protected":false},"excerpt":{"rendered":"&Agrave;&nbsp;l&rsquo;occasion du festival international Sand &amp; Chopin en Seyne, le duo Mousse&icirc;on r&eacute;interpr&eacute;tera Mozart comme Chopin, &agrave; quatre mains. A.GC.&Agrave; 21h. Gratuit pour les moins de 18&nbsp;ans, 25 euros &#8230;","protected":false},"author":1,"featured_media":39597,"comment_status":"open","ping_status":"open","sticky":false,"template":"","format":"standard","meta":{"footnotes":""},"categories":[32],"tags":[6085,34,329,73,398,325,1310,1324,31],"news-destination":[],"news-source":[475],"is_homepage":[],"ta_other":[],"class_list":["post-39596","post","type-post","status-publish","format-standard","has-post-thumbnail","hentry","category-culture","tag-cest-lete","tag-concert","tag-festival","tag-international","tag-la-seyne-sur-mer","tag-musique","tag-musique-classique","tag-piano","tag-var","news-source-website"],"_links":{"self":[{"href":"https:\/\/euapp01.newsmemory.com\/lamarseillaise\/news\/wp-json\/wp\/v2\/posts\/39596","targetHints":{"allow":["GET"]}}],"collection":[{"href":"https:\/\/euapp01.newsmemory.com\/lamarseillaise\/news\/wp-json\/wp\/v2\/posts"}],"about":[{"href":"https:\/\/euapp01.newsmemory.com\/lamarseillaise\/news\/wp-json\/wp\/v2\/types\/post"}],"author":[{"embeddable":true,"href":"https:\/\/euapp01.newsmemory.com\/lamarseillaise\/news\/wp-json\/wp\/v2\/users\/1"}],"replies":[{"embeddable":true,"href":"https:\/\/euapp01.newsmemory.com\/lamarseillaise\/news\/wp-json\/wp\/v2\/comments?post=39596"}],"version-history":[{"count":1,"href":"https:\/\/euapp01.newsmemory.com\/lamarseillaise\/news\/wp-json\/wp\/v2\/posts\/39596\/revisions"}],"predecessor-version":[{"id":39598,"href":"https:\/\/euapp01.newsmemory.com\/lamarseillaise\/news\/wp-json\/wp\/v2\/posts\/39596\/revisions\/39598"}],"wp:featuredmedia":[{"embeddable":true,"href":"https:\/\/euapp01.newsmemory.com\/lamarseillaise\/news\/wp-json\/wp\/v2\/media\/39597"}],"wp:attachment":[{"href":"https:\/\/euapp01.newsmemory.com\/lamarseillaise\/news\/wp-json\/wp\/v2\/media?parent=39596"}],"wp:term":[{"taxonomy":"category","embeddable":true,"href":"https:\/\/euapp01.newsmemory.com\/lamarseillaise\/news\/wp-json\/wp\/v2\/categories?post=39596"},{"taxonomy":"post_tag","embeddable":true,"href":"https:\/\/euapp01.newsmemory.com\/lamarseillaise\/news\/wp-json\/wp\/v2\/tags?post=39596"},{"taxonomy":"news-destination","embeddable":true,"href":"https:\/\/euapp01.newsmemory.com\/lamarseillaise\/news\/wp-json\/wp\/v2\/news-destination?post=39596"},{"taxonomy":"news-source","embeddable":true,"href":"https:\/\/euapp01.newsmemory.com\/lamarseillaise\/news\/wp-json\/wp\/v2\/news-source?post=39596"},{"taxonomy":"is_homepage","embeddable":true,"href":"https:\/\/euapp01.newsmemory.com\/lamarseillaise\/news\/wp-json\/wp\/v2\/is_homepage?post=39596"},{"taxonomy":"ta_other","embeddable":true,"href":"https:\/\/euapp01.newsmemory.com\/lamarseillaise\/news\/wp-json\/wp\/v2\/ta_other?post=39596"}],"curies":[{"name":"wp","href":"https:\/\/api.w.org\/{rel}","templated":true}]}}