{"id":39590,"date":"2026-08-18T07:37:00","date_gmt":"2026-08-18T05:37:00","guid":{"rendered":"https:\/\/euapp01.newsmemory.com\/lamarseillaise\/news\/?p=39590"},"modified":"2026-08-22T19:19:43","modified_gmt":"2026-08-22T17:19:43","slug":"jean-louis-nogaro-prepare-une-biographie-de-jean-claude-izzo","status":"publish","type":"post","link":"https:\/\/euapp01.newsmemory.com\/lamarseillaise\/news\/2026\/08\/18\/jean-louis-nogaro-prepare-une-biographie-de-jean-claude-izzo\/","title":{"rendered":"Jean-Louis Nogaro pr\u00e9pare une biographie de Jean-Claude Izzo"},"content":{"rendered":"<div class=\"paragraph\">\n<p>Vendredi, avec son fils, Jean-Louis Nogaro \u00e9tait au V\u00e9lodrome pour assister \u00e0 OM &#8211; Atl\u00e9tico.<\/p>\n<p>\u00ab\u00a0<i>Je suis St\u00e9phanois, mais mon club et ma ville de c\u0153ur, ont un point commun, Marseille<\/i><i>\u00a0<\/i>\u00bb avoue-t-il. Son amour pour la cit\u00e9 phoc\u00e9enne l\u2019a conduit \u00e0 d\u00e9couvrir Jean-Claude Izzo. \u00ab\u00a0<i>Comme beaucoup, c\u2019est par Total Kh\u00e9ops que je suis entr\u00e9 dans son univers.<\/i><i>\u00a0<\/i>\u00bb Mais celui qui est \u00e9diteur de polar a voulu gratter un peu plus. Partir \u00e0 la d\u00e9couverte de ce qui a pu inciter le journaliste de <i>La<\/i><i>\u00a0<\/i><i>Marseillaise<\/i> \u00e0 se lancer dans l\u2019\u00e9criture.<\/p>\n<p>\u00ab<i>J\u2019ai lu tout ce qu\u2019il \u00e9tait possible, ses po\u00e9sies, ses articles, ses nouvelles. Ce qui m\u2019a permis de d\u00e9couvrir qu\u2019il \u00e9tait beaucoup plus qu\u2019un auteur de polars.<\/i><i>\u00a0<\/i>\u00bb Afin de comprendre l\u2019homme et l\u2019\u00e9crivain, il a donc fait une Anabase marseillaise. \u00ab\u00a0<i>Je viens \u00e0 la d\u00e9couverte des lieux qui ont forg\u00e9 son \u00e9criture. J\u2019ai rencontr\u00e9 son fils S\u00e9bastien, qui m\u2019a fait lire les articles qu\u2019il a \u00e9crits dans le journal de son \u00e9cole, dans lesquels il posait d\u00e9j\u00e0 les jalons de ce qui sera son style.<\/i><i>\u00a0<\/i>\u00bb<\/p>\n<p>Pour Jean-Louis, \u00ab\u00a0<i>c\u2019est un coup de c\u0153ur qui est en train de devenir une v\u00e9ritable biographie. Sur un personnage qui a donn\u00e9 un nouveau souffle dans tous les styles auxquels il a touch\u00e9. Pour moi, il est \u00e0 l\u2019image d\u2019un Andrea Camilleri ou d\u2019un Manuel Vazquez Montalban, avec une mani\u00e8re d\u2019\u00e9crire qui va au-del\u00e0 du lyrisme marseillais<\/i><i>\u00a0<\/i>\u00bb.<\/p>\n<p>Avec son fils, il est donc all\u00e9 sur les pas de Jean-Claude Izzo \u00e0 Marseille. Des Goudes au Panier, en passant par le Peano, il a cherch\u00e9 \u00ab\u00a0<i>le terreau de ses \u0153uvres<\/i><i>\u00a0<\/i>\u00bb. \u00c0 d\u00e9couvrir tr\u00e8s bient\u00f4t.<\/p>\n<\/p><\/div>\n","protected":false},"excerpt":{"rendered":"Vendredi, avec son fils, Jean-Louis Nogaro &eacute;tait au V&eacute;lodrome pour assister &agrave; OM &#8211; Atl&eacute;tico.","protected":false},"author":1,"featured_media":39591,"comment_status":"open","ping_status":"open","sticky":false,"template":"","format":"standard","meta":{"footnotes":""},"categories":[3926,3925,20],"tags":[2180,1229,10,35,3448,2317,126,1958,1248,16,2641,1245],"news-destination":[3944],"news-source":[475],"is_homepage":[],"ta_other":[],"class_list":["post-39590","post","type-post","status-publish","format-standard","has-post-thumbnail","hentry","category-accueil-merge","category-accueil-third","category-societe","tag-auteur","tag-biographie","tag-bouches-du-rhone","tag-culture","tag-jean-claude-izzo","tag-journalistes","tag-la-marseillaise","tag-litterature","tag-livre","tag-marseille","tag-poesie","tag-polar","news-destination-homepage","news-source-website"],"_links":{"self":[{"href":"https:\/\/euapp01.newsmemory.com\/lamarseillaise\/news\/wp-json\/wp\/v2\/posts\/39590","targetHints":{"allow":["GET"]}}],"collection":[{"href":"https:\/\/euapp01.newsmemory.com\/lamarseillaise\/news\/wp-json\/wp\/v2\/posts"}],"about":[{"href":"https:\/\/euapp01.newsmemory.com\/lamarseillaise\/news\/wp-json\/wp\/v2\/types\/post"}],"author":[{"embeddable":true,"href":"https:\/\/euapp01.newsmemory.com\/lamarseillaise\/news\/wp-json\/wp\/v2\/users\/1"}],"replies":[{"embeddable":true,"href":"https:\/\/euapp01.newsmemory.com\/lamarseillaise\/news\/wp-json\/wp\/v2\/comments?post=39590"}],"version-history":[{"count":1,"href":"https:\/\/euapp01.newsmemory.com\/lamarseillaise\/news\/wp-json\/wp\/v2\/posts\/39590\/revisions"}],"predecessor-version":[{"id":39592,"href":"https:\/\/euapp01.newsmemory.com\/lamarseillaise\/news\/wp-json\/wp\/v2\/posts\/39590\/revisions\/39592"}],"wp:featuredmedia":[{"embeddable":true,"href":"https:\/\/euapp01.newsmemory.com\/lamarseillaise\/news\/wp-json\/wp\/v2\/media\/39591"}],"wp:attachment":[{"href":"https:\/\/euapp01.newsmemory.com\/lamarseillaise\/news\/wp-json\/wp\/v2\/media?parent=39590"}],"wp:term":[{"taxonomy":"category","embeddable":true,"href":"https:\/\/euapp01.newsmemory.com\/lamarseillaise\/news\/wp-json\/wp\/v2\/categories?post=39590"},{"taxonomy":"post_tag","embeddable":true,"href":"https:\/\/euapp01.newsmemory.com\/lamarseillaise\/news\/wp-json\/wp\/v2\/tags?post=39590"},{"taxonomy":"news-destination","embeddable":true,"href":"https:\/\/euapp01.newsmemory.com\/lamarseillaise\/news\/wp-json\/wp\/v2\/news-destination?post=39590"},{"taxonomy":"news-source","embeddable":true,"href":"https:\/\/euapp01.newsmemory.com\/lamarseillaise\/news\/wp-json\/wp\/v2\/news-source?post=39590"},{"taxonomy":"is_homepage","embeddable":true,"href":"https:\/\/euapp01.newsmemory.com\/lamarseillaise\/news\/wp-json\/wp\/v2\/is_homepage?post=39590"},{"taxonomy":"ta_other","embeddable":true,"href":"https:\/\/euapp01.newsmemory.com\/lamarseillaise\/news\/wp-json\/wp\/v2\/ta_other?post=39590"}],"curies":[{"name":"wp","href":"https:\/\/api.w.org\/{rel}","templated":true}]}}