{"id":39587,"date":"2026-08-18T07:56:00","date_gmt":"2026-08-18T05:56:00","guid":{"rendered":"https:\/\/euapp01.newsmemory.com\/lamarseillaise\/news\/?p=39587"},"modified":"2026-08-19T18:20:34","modified_gmt":"2026-08-19T16:20:34","slug":"un-avion-militaire-secrase-a-salon-de-provence","status":"publish","type":"post","link":"https:\/\/euapp01.newsmemory.com\/lamarseillaise\/news\/2026\/08\/18\/un-avion-militaire-secrase-a-salon-de-provence\/","title":{"rendered":"Un avion militaire s\u2019\u00e9crase \u00e0 Salon-de-Provence"},"content":{"rendered":"<div class=\"paragraph\">\n<p>\u00ab <i>I<\/i><i>ncroyable et spectaculaire accident d\u2019un avion de la base a\u00e9rienne, ce lundi matin, non loin du magasin Jardipassion. Vraisemblablement victimes d\u2019un incident lors d\u2019un exercice, les deux militaires ont r\u00e9ussi \u00e0 faire poser l\u2019appareil en urgence et \u00e0 s\u2019en extraire<\/i><i>\u00a0<\/i>\u00bb, a indiqu\u00e9 ce lundi 17 ao\u00fbt le maire de Salon-de-Provence, Nicolas Isnard (LR) sur les r\u00e9seaux sociaux. Selon le minist\u00e8re des Arm\u00e9es, c\u2019est aux alentours de 9h45 qu\u2019a eu lieu \u00ab\u00a0<i>un accident a\u00e9rien impliquant un avion l\u00e9ger de formation Cirrus SR-20 de la base a\u00e9rienne 701 alors qu\u2019il r\u00e9alisait un vol d\u2019instruction<\/i>\u00a0\u00bb.<\/p>\n<p>\u00ab\u00a0<i>Les deux membres d\u2019\u00e9quipage militaires, un instructeur et un \u00e9l\u00e8ve pilote de la base a\u00e9rienne de Salon-de-Provence, sont l\u00e9g\u00e8rement bless\u00e9s et ont pu donner l\u2019alerte. L\u2019\u00e9quipage a r\u00e9ussi \u00e0 \u00e9viter les zones d\u2019habitation. Aucun dommage \u00e0 un tiers n\u2019est \u00e0 d\u00e9plorer<\/i><i>\u00a0<\/i>\u00bb, pr\u00e9cise le minist\u00e8re. Les secours, les pompiers de l\u2019Air et de l\u2019Espace ainsi qu\u2019une trentaine de sapeurs-pompiers et une quinzaine d\u2019engins du Service D\u00e9partemental d\u2019Incendie et de Secours (SDIS) sont rapidement intervenus sur les lieux compl\u00e8te le SDIS 13. Conscients, les membres de l\u2019\u00e9quipage ont \u00e9t\u00e9 imm\u00e9diatement pris en charge par les \u00e9quipes m\u00e9dicales de la base a\u00e9rienne. L\u2019enqu\u00eate du Bureau enqu\u00eates accidents pour la s\u00e9curit\u00e9 a\u00e9ronautique d\u2019\u00c9tat (BEA-E) d\u00e9terminera les causes de cet accident.<\/p>\n<p>\u00ab<i>\u00a0<\/i><i>Une enqu\u00eate confi\u00e9e \u00e0 la section de recherche de la gendarmerie de l\u2019Air et de l\u2019Espace est \u00e9galement lanc<\/i><i>\u00e9e<\/i>\u00a0\u00bb indique le minist\u00e8re des arm\u00e9es.<\/p>\n<\/p><\/div>\n","protected":false},"excerpt":{"rendered":"&laquo; Incroyable et spectaculaire accident d&rsquo;un avion de la base a&eacute;rienne, ce lundi matin, non loin du magasin Jardipassion. Vraisemblablement victimes d&rsquo;un incident lors d&rsquo;un exercice, les deux militaires ont &#8230;","protected":false},"author":1,"featured_media":39588,"comment_status":"open","ping_status":"open","sticky":false,"template":"","format":"standard","meta":{"footnotes":""},"categories":[918,3926,3925,20],"tags":[2208,1091,4635,10,1276,4009,1313,5879,381],"news-destination":[3944],"news-source":[475],"is_homepage":[],"ta_other":[],"class_list":["post-39587","post","type-post","status-publish","format-standard","has-post-thumbnail","hentry","category-accueil","category-accueil-merge","category-accueil-third","category-societe","tag-aerien","tag-alerte","tag-avion","tag-bouches-du-rhone","tag-enquete","tag-nicolas-isnard","tag-salon-de-provence","tag-sdis","tag-secours","news-destination-homepage","news-source-website"],"_links":{"self":[{"href":"https:\/\/euapp01.newsmemory.com\/lamarseillaise\/news\/wp-json\/wp\/v2\/posts\/39587","targetHints":{"allow":["GET"]}}],"collection":[{"href":"https:\/\/euapp01.newsmemory.com\/lamarseillaise\/news\/wp-json\/wp\/v2\/posts"}],"about":[{"href":"https:\/\/euapp01.newsmemory.com\/lamarseillaise\/news\/wp-json\/wp\/v2\/types\/post"}],"author":[{"embeddable":true,"href":"https:\/\/euapp01.newsmemory.com\/lamarseillaise\/news\/wp-json\/wp\/v2\/users\/1"}],"replies":[{"embeddable":true,"href":"https:\/\/euapp01.newsmemory.com\/lamarseillaise\/news\/wp-json\/wp\/v2\/comments?post=39587"}],"version-history":[{"count":1,"href":"https:\/\/euapp01.newsmemory.com\/lamarseillaise\/news\/wp-json\/wp\/v2\/posts\/39587\/revisions"}],"predecessor-version":[{"id":39589,"href":"https:\/\/euapp01.newsmemory.com\/lamarseillaise\/news\/wp-json\/wp\/v2\/posts\/39587\/revisions\/39589"}],"wp:featuredmedia":[{"embeddable":true,"href":"https:\/\/euapp01.newsmemory.com\/lamarseillaise\/news\/wp-json\/wp\/v2\/media\/39588"}],"wp:attachment":[{"href":"https:\/\/euapp01.newsmemory.com\/lamarseillaise\/news\/wp-json\/wp\/v2\/media?parent=39587"}],"wp:term":[{"taxonomy":"category","embeddable":true,"href":"https:\/\/euapp01.newsmemory.com\/lamarseillaise\/news\/wp-json\/wp\/v2\/categories?post=39587"},{"taxonomy":"post_tag","embeddable":true,"href":"https:\/\/euapp01.newsmemory.com\/lamarseillaise\/news\/wp-json\/wp\/v2\/tags?post=39587"},{"taxonomy":"news-destination","embeddable":true,"href":"https:\/\/euapp01.newsmemory.com\/lamarseillaise\/news\/wp-json\/wp\/v2\/news-destination?post=39587"},{"taxonomy":"news-source","embeddable":true,"href":"https:\/\/euapp01.newsmemory.com\/lamarseillaise\/news\/wp-json\/wp\/v2\/news-source?post=39587"},{"taxonomy":"is_homepage","embeddable":true,"href":"https:\/\/euapp01.newsmemory.com\/lamarseillaise\/news\/wp-json\/wp\/v2\/is_homepage?post=39587"},{"taxonomy":"ta_other","embeddable":true,"href":"https:\/\/euapp01.newsmemory.com\/lamarseillaise\/news\/wp-json\/wp\/v2\/ta_other?post=39587"}],"curies":[{"name":"wp","href":"https:\/\/api.w.org\/{rel}","templated":true}]}}