{"id":39584,"date":"2026-08-18T08:03:00","date_gmt":"2026-08-18T06:03:00","guid":{"rendered":"https:\/\/euapp01.newsmemory.com\/lamarseillaise\/news\/?p=39584"},"modified":"2026-08-18T10:15:32","modified_gmt":"2026-08-18T08:15:32","slug":"les-bibliotheques-davignon-en-mode-ete-et-menage","status":"publish","type":"post","link":"https:\/\/euapp01.newsmemory.com\/lamarseillaise\/news\/2026\/08\/18\/les-bibliotheques-davignon-en-mode-ete-et-menage\/","title":{"rendered":"Les biblioth\u00e8ques d\u2019Avignon en mode \u00e9t\u00e9 et m\u00e9nage"},"content":{"rendered":"<div class=\"paragraph\">\n<p>Ces interventions des modifications des jours et horaires d\u2019ouverture, voire des fermetures. Ainsi, la principale biblioth\u00e8que, Ceccano, vient de fermer et rouvrira le 1<sup>er<\/sup> septembre. Un laps de temps permettant un nettoyage en profondeur aussi bien du mobilier, sols que des livres et \u00e9tag\u00e8res. Ce mardi, la biblioth\u00e8que Renaud-Barrault rouvre apr\u00e8s 15 jours de m\u00e9nage-fermeture. \u00c0 noter que les biblioth\u00e8ques Pierre Boulle, Champfleury, Paul et Alice Cluchier et Saint-Chamand ne rouvriront qu\u2019en septembre. D\u00e9tail sur <a rel=\"nofollow noopener noreferrer\" href=\"https:\/\/bibliotheques.avignon.fr\/\" target=\"_blank\">bibliotheques.avignon.fr<\/a><\/p>\n<\/p><\/div>\n","protected":false},"excerpt":{"rendered":"Ces interventions des modifications des jours et horaires d&rsquo;ouverture, voire des fermetures. Ainsi, la principale biblioth&egrave;que, Ceccano, vient de fermer et rouvrira le 1er septembre. Un laps de temps permettant un nettoyage en &#8230;","protected":false},"author":1,"featured_media":39585,"comment_status":"open","ping_status":"open","sticky":false,"template":"","format":"standard","meta":{"footnotes":""},"categories":[20],"tags":[174,1995,336,105,96,1700,171,720],"news-destination":[],"news-source":[475],"is_homepage":[],"ta_other":[],"class_list":["post-39584","post","type-post","status-publish","format-standard","has-post-thumbnail","hentry","category-societe","tag-avignon","tag-bibliotheques","tag-ete","tag-fermeture","tag-municipalite","tag-nettoyage","tag-vaucluse","tag-ville","news-source-website"],"_links":{"self":[{"href":"https:\/\/euapp01.newsmemory.com\/lamarseillaise\/news\/wp-json\/wp\/v2\/posts\/39584","targetHints":{"allow":["GET"]}}],"collection":[{"href":"https:\/\/euapp01.newsmemory.com\/lamarseillaise\/news\/wp-json\/wp\/v2\/posts"}],"about":[{"href":"https:\/\/euapp01.newsmemory.com\/lamarseillaise\/news\/wp-json\/wp\/v2\/types\/post"}],"author":[{"embeddable":true,"href":"https:\/\/euapp01.newsmemory.com\/lamarseillaise\/news\/wp-json\/wp\/v2\/users\/1"}],"replies":[{"embeddable":true,"href":"https:\/\/euapp01.newsmemory.com\/lamarseillaise\/news\/wp-json\/wp\/v2\/comments?post=39584"}],"version-history":[{"count":1,"href":"https:\/\/euapp01.newsmemory.com\/lamarseillaise\/news\/wp-json\/wp\/v2\/posts\/39584\/revisions"}],"predecessor-version":[{"id":39586,"href":"https:\/\/euapp01.newsmemory.com\/lamarseillaise\/news\/wp-json\/wp\/v2\/posts\/39584\/revisions\/39586"}],"wp:featuredmedia":[{"embeddable":true,"href":"https:\/\/euapp01.newsmemory.com\/lamarseillaise\/news\/wp-json\/wp\/v2\/media\/39585"}],"wp:attachment":[{"href":"https:\/\/euapp01.newsmemory.com\/lamarseillaise\/news\/wp-json\/wp\/v2\/media?parent=39584"}],"wp:term":[{"taxonomy":"category","embeddable":true,"href":"https:\/\/euapp01.newsmemory.com\/lamarseillaise\/news\/wp-json\/wp\/v2\/categories?post=39584"},{"taxonomy":"post_tag","embeddable":true,"href":"https:\/\/euapp01.newsmemory.com\/lamarseillaise\/news\/wp-json\/wp\/v2\/tags?post=39584"},{"taxonomy":"news-destination","embeddable":true,"href":"https:\/\/euapp01.newsmemory.com\/lamarseillaise\/news\/wp-json\/wp\/v2\/news-destination?post=39584"},{"taxonomy":"news-source","embeddable":true,"href":"https:\/\/euapp01.newsmemory.com\/lamarseillaise\/news\/wp-json\/wp\/v2\/news-source?post=39584"},{"taxonomy":"is_homepage","embeddable":true,"href":"https:\/\/euapp01.newsmemory.com\/lamarseillaise\/news\/wp-json\/wp\/v2\/is_homepage?post=39584"},{"taxonomy":"ta_other","embeddable":true,"href":"https:\/\/euapp01.newsmemory.com\/lamarseillaise\/news\/wp-json\/wp\/v2\/ta_other?post=39584"}],"curies":[{"name":"wp","href":"https:\/\/api.w.org\/{rel}","templated":true}]}}