{"id":39581,"date":"2026-08-18T08:07:00","date_gmt":"2026-08-18T06:07:00","guid":{"rendered":"https:\/\/euapp01.newsmemory.com\/lamarseillaise\/news\/?p=39581"},"modified":"2026-08-18T10:15:32","modified_gmt":"2026-08-18T08:15:32","slug":"a-marseille-les-gens-du-voyage-ont-quitte-le-stade-mouton","status":"publish","type":"post","link":"https:\/\/euapp01.newsmemory.com\/lamarseillaise\/news\/2026\/08\/18\/a-marseille-les-gens-du-voyage-ont-quitte-le-stade-mouton\/","title":{"rendered":"\u00c0 Marseille, les gens du voyage ont quitt\u00e9 le stade Mouton"},"content":{"rendered":"<div class=\"paragraph\">\n<p>\u00ab <i>O<\/i><i>n a laiss\u00e9 le terrain plus propre qu\u2019on ne l\u2019a trouv\u00e9.<\/i><i>\u00a0<\/i>\u00bb<i> <\/i>Devant le stade Mouton, des repr\u00e9sentants de la communaut\u00e9 des gens du voyage et membres de l\u2019association Action grand passage (AGP) font constater par un huissier l\u2019\u00e9tat dans lequel ils rendent le terrain de rugby. Install\u00e9e depuis le 26\u00a0juillet, la communaut\u00e9 des gens du voyage a quitt\u00e9 le stade ce dimanche, un jour avant la date d\u2019\u00e9vacuation exig\u00e9e par le tribunal administratif de Marseille, saisi par la Ville de Marseille.<\/p>\n<\/p><\/div>\n<div class=\"intext\"> Manque d\u2019infrastructures\n              <\/div>\n<div class=\"paragraph\">\n<p>\u00ab\u00a0<i>Si on vient l\u00e0, c\u2019est parce qu\u2019on n\u2019a pas d\u2019aire de grand passage<\/i>\u00a0\u00bb, se d\u00e9sole un autre membre de l\u2019association AGP. Pourtant la loi Besson 2 de 2000 exige ce type d\u2019am\u00e9nagement, d\u00e9di\u00e9e \u00e0 l\u2019accueil temporaire d\u2019un grand nombre de gens du voyage, dans la ville de Marseille.<\/p>\n<p>Un manque d\u2019infrastructures d\u00e9nonc\u00e9 par les membres de l\u2019association et par le pr\u00e9sident du club Marseille Rugby M\u00e9diterran\u00e9e, Augustin Marie qui t\u00e9moignait dans nos colonnes. \u00ab\u00a0<i>\u00c7a ne date pas d\u2019hier<\/i> [l\u2019installation sur le stade]<i>, depuis 15 ans c\u2019est la m\u00eame chose.<\/i> (&#8230;) <i>C\u2019est la faute de toutes les institutions qui n\u2019ont pas fait leur travail, la M\u00e9tropole qui n\u2019a pas les aires d\u2019accueil suffisantes.<\/i><i>\u00a0<\/i>\u00bb Comp\u00e9tence depuis 2014 de la M\u00e9tropole, seul Istres poss\u00e8de une aire de grand passage alors que la loi Besson 2 en impose une \u00e9galement \u00e0 Marseille.<\/p>\n<p>\u00ab\u00a0<i>On a respect\u00e9 notre engagement en partant<\/i>, explique un membre de la communaut\u00e9. <i>Et on essaye de respecter au maximum la loi,<\/i> insiste-t-il.<i> Mais on est stigmatis\u00e9s. On veut juste avoir nos droits pour continuer de voyager, car c\u2019est notre culture<\/i>\u00a0\u00bb, rappelle-t-il.<\/p>\n<p>Contact\u00e9e, la M\u00e9tropole Aix Marseille Provence affirme \u00eatre \u00ab<i>\u00a0<\/i><i>pleinement mobilis\u00e9e pour structurer l\u2019accueil des gens du voyage sur son territoire<\/i><i>\u00a0<\/i>\u00bb. Et d\u2019affirmer que<i> <\/i>\u00ab<i>\u00a0<\/i><i>sur Marseille, le travail de recherches de terrains pour une aire de grand passage est pleinement engag\u00e9<\/i><i>\u00a0<\/i>\u00bb.<\/p>\n<\/p><\/div>\n<div class=\"paragraph\">\n<p>Lire aussi \u00ab <a href=\"https:\/\/www.lamarseillaise.fr\/societe\/rejet-et-precarite-le-quotidien-des-roms-BO20595433\">Rejet et pr\u00e9carit\u00e9, le quotidien des Roms<\/a> \u00bb<\/p>\n<\/p><\/div>\n","protected":false},"excerpt":{"rendered":"&laquo; On a laiss&eacute; le terrain plus propre qu&rsquo;on ne l&rsquo;a trouv&eacute;.&nbsp;&raquo; Devant le stade Mouton, des repr&eacute;sentants de la communaut&eacute; des gens du voyage et membres de l&rsquo;association Action grand passage &#8230;","protected":false},"author":1,"featured_media":39582,"comment_status":"open","ping_status":"open","sticky":false,"template":"","format":"standard","meta":{"footnotes":""},"categories":[20],"tags":[10,231,16,1750,535,790,99],"news-destination":[],"news-source":[475],"is_homepage":[],"ta_other":[],"class_list":["post-39581","post","type-post","status-publish","format-standard","has-post-thumbnail","hentry","category-societe","tag-bouches-du-rhone","tag-gens-du-voyage","tag-marseille","tag-marseille-11e-arrondissement","tag-metropole","tag-tribunal-administratif","tag-ville-de-marseille","news-source-website"],"_links":{"self":[{"href":"https:\/\/euapp01.newsmemory.com\/lamarseillaise\/news\/wp-json\/wp\/v2\/posts\/39581","targetHints":{"allow":["GET"]}}],"collection":[{"href":"https:\/\/euapp01.newsmemory.com\/lamarseillaise\/news\/wp-json\/wp\/v2\/posts"}],"about":[{"href":"https:\/\/euapp01.newsmemory.com\/lamarseillaise\/news\/wp-json\/wp\/v2\/types\/post"}],"author":[{"embeddable":true,"href":"https:\/\/euapp01.newsmemory.com\/lamarseillaise\/news\/wp-json\/wp\/v2\/users\/1"}],"replies":[{"embeddable":true,"href":"https:\/\/euapp01.newsmemory.com\/lamarseillaise\/news\/wp-json\/wp\/v2\/comments?post=39581"}],"version-history":[{"count":1,"href":"https:\/\/euapp01.newsmemory.com\/lamarseillaise\/news\/wp-json\/wp\/v2\/posts\/39581\/revisions"}],"predecessor-version":[{"id":39583,"href":"https:\/\/euapp01.newsmemory.com\/lamarseillaise\/news\/wp-json\/wp\/v2\/posts\/39581\/revisions\/39583"}],"wp:featuredmedia":[{"embeddable":true,"href":"https:\/\/euapp01.newsmemory.com\/lamarseillaise\/news\/wp-json\/wp\/v2\/media\/39582"}],"wp:attachment":[{"href":"https:\/\/euapp01.newsmemory.com\/lamarseillaise\/news\/wp-json\/wp\/v2\/media?parent=39581"}],"wp:term":[{"taxonomy":"category","embeddable":true,"href":"https:\/\/euapp01.newsmemory.com\/lamarseillaise\/news\/wp-json\/wp\/v2\/categories?post=39581"},{"taxonomy":"post_tag","embeddable":true,"href":"https:\/\/euapp01.newsmemory.com\/lamarseillaise\/news\/wp-json\/wp\/v2\/tags?post=39581"},{"taxonomy":"news-destination","embeddable":true,"href":"https:\/\/euapp01.newsmemory.com\/lamarseillaise\/news\/wp-json\/wp\/v2\/news-destination?post=39581"},{"taxonomy":"news-source","embeddable":true,"href":"https:\/\/euapp01.newsmemory.com\/lamarseillaise\/news\/wp-json\/wp\/v2\/news-source?post=39581"},{"taxonomy":"is_homepage","embeddable":true,"href":"https:\/\/euapp01.newsmemory.com\/lamarseillaise\/news\/wp-json\/wp\/v2\/is_homepage?post=39581"},{"taxonomy":"ta_other","embeddable":true,"href":"https:\/\/euapp01.newsmemory.com\/lamarseillaise\/news\/wp-json\/wp\/v2\/ta_other?post=39581"}],"curies":[{"name":"wp","href":"https:\/\/api.w.org\/{rel}","templated":true}]}}