{"id":39578,"date":"2026-08-18T07:45:00","date_gmt":"2026-08-18T05:45:00","guid":{"rendered":"https:\/\/euapp01.newsmemory.com\/lamarseillaise\/news\/?p=39578"},"modified":"2026-08-22T21:11:27","modified_gmt":"2026-08-22T19:11:27","slug":"dans-les-hautes-alpes-une-cellule-de-veille-pour-aider-le-secteur-associatif","status":"publish","type":"post","link":"https:\/\/euapp01.newsmemory.com\/lamarseillaise\/news\/2026\/08\/18\/dans-les-hautes-alpes-une-cellule-de-veille-pour-aider-le-secteur-associatif\/","title":{"rendered":"Dans les Hautes-Alpes, une cellule de veille pour aider le secteur associatif"},"content":{"rendered":"<div class=\"paragraph\">\n<p>C\u2019est une avanc\u00e9e que l\u2019Union d\u00e9partementale de l\u2019\u00e9conomie sociale et solidaire (Udess), attendait depuis longtemps. Alors qu\u2019\u00e0 l\u2019\u00e9chelle nationale, le monde associatif subit fermetures, licenciements, ou passage contraints au temps partiel, les donn\u00e9es restent difficiles \u00e0 comptabiliser de mani\u00e8re pr\u00e9cise, tant de nombreuses associations disparaissent ou doivent licencier sans bruit, dans un secteur \u00ab\u00a0habitu\u00e9\u00a0\u00bb \u00e0 faire avec presque rien. C\u2019\u00e9tait tout l\u2019enjeu de la rencontre du 8 juin, entre les repr\u00e9sentants de l\u2019Udess et la sous-pr\u00e9f\u00e8te H\u00e9l\u00e8ne Dargon. Dans un communiqu\u00e9 paru la semaine derni\u00e8re, l\u2019Udess affirme que la pr\u00e9fecture a act\u00e9 la mise en place d\u2019une cellule de veille d\u00e9partementale sur l\u2019emploi ESS, comme propos\u00e9 durant l\u2019entrevue.<\/p>\n<p>\u00ab<i>\u00a0<\/i><i>Les structures de l\u2019\u00e9conomie sociale et solidaire (associations, coop\u00e9ratives, mutuelles) dans notre pays et plus particuli\u00e8rement dans les Hautes-Alpes, <\/i>(&#8230;)<i> rencontrent d\u2019importantes difficult\u00e9s en raison de la diminution ou du d\u00e9calage dans le paiement des financements que les pouvoirs publics lui accordent<\/i>\u00a0\u00bb, pose le communiqu\u00e9. Face \u00e0 cela, le secteur associatif des Hautes-Alpes a d\u00e9j\u00e0 mis en place des dispositifs solidaires innovants, comme un fonds de mutualisation aliment\u00e9 par les structures ESS. \u00ab<i>\u00a0<\/i><i>Mais ce n\u2019est pas suffisant pour aider les entreprises en difficult\u00e9 structurelle<\/i>\u00a0\u00bb, alerte l\u2019Udess. Si \u00ab<i>\u00a0<\/i><i>de nombreux dispositifs nationaux et r\u00e9gionaux de soutien existent en fonction du degr\u00e9 de difficult\u00e9<\/i><i>\u00a0<\/i>\u00bb, l\u2019Udess rappelle que \u00ab<i>\u00a0<\/i><i>la plupart des entreprises de l\u2019ESS ne les connaissent pas<\/i>\u00a0\u00bb. La cellule de veille aura donc pour but, \u00ab\u00a0<i>apr\u00e8s rep\u00e9rage des situations de structures en difficult\u00e9s<\/i><i>\u00a0<\/i>\u00bb, de leur proposer \u00ab<i>\u00a0<\/i><i>des solutions visant \u00e0 les aider \u00e0 traverser la situation de tension qu\u2019elles traversent<\/i><i>\u00a0<\/i>\u00bb. <i><\/i><\/p>\n<p><i><\/i><\/p>\n<\/p><\/div>\n<div class=\"intext\"> Enrayer l\u2019abandon<br \/>\n               <br \/>du monde associatif\n              <\/div>\n<div class=\"paragraph\">\n<p>La derni\u00e8re note d\u2019\u00e9tude du CRESS de la r\u00e9gion Paca le rappelle\u00a0:<i> <\/i>\u00ab<i>\u00a0<\/i><i>L\u2019ESS des Hautes-Alpes ne s\u2019effondre pas. Mais ses bases tremblent.<\/i><i>\u00a0<\/i>\u00bb<i> <\/i>Si l\u2019ESS dans les Hautes-Alpes a vu le nombre d\u2019emploi augmenter en 2025 (+0,8%), le nombre d\u2019\u00e9tablissements employeurs recule <br \/>(-2,8%), tandis que l\u2019augmentation des salaires (+0,1%) a \u00e9t\u00e9 inf\u00e9rieure \u00e0 l\u2019inflation. Dans ce contexte, la cellule de veille d\u00e9partementale sera mise en place \u00ab<i>\u00a0<\/i><i>dans les semaines \u00e0 venir<\/i><i>\u00a0<\/i>\u00bb<i>, <\/i>affirme l\u2019Udess. La mission de son organisation et de son fonctionnement a \u00e9t\u00e9 confi\u00e9e \u00e0 Dalila Ra\u00efs, inspectrice \u00e0 la Direction d\u00e9partementale de l\u2019emploi, du travail, des solidarit\u00e9s et de la protection des populations (DDETSPP). La prochaine se tiendra le 7\u00a0octobre, et d\u2019ici la mise en place formelle de la structure, les entreprises et associations de l\u2019ESS sont invit\u00e9es \u00e0 faire conna\u00eetre leurs difficult\u00e9s \u00e0 l\u2019adresse suivante\u00a0: <a rel=\"nofollow\" href=\"mailto:udess05@udess05.org\">udess05@udess05.org<\/a>.<\/p>\n<\/p><\/div>\n","protected":false},"excerpt":{"rendered":"C&rsquo;est une avanc&eacute;e que l&rsquo;Union d&eacute;partementale de l&rsquo;&eacute;conomie sociale et solidaire (Udess), attendait depuis longtemps. Alors qu&rsquo;&agrave; l&rsquo;&eacute;chelle nationale, le monde associatif subit &#8230;","protected":false},"author":1,"featured_media":39579,"comment_status":"open","ping_status":"open","sticky":false,"template":"","format":"standard","meta":{"footnotes":""},"categories":[3926,3925,338,20],"tags":[4768,143,138,822,427,302,4468,1131,1025,392],"news-destination":[3944],"news-source":[475],"is_homepage":[],"ta_other":[],"class_list":["post-39578","post","type-post","status-publish","format-standard","has-post-thumbnail","hentry","category-accueil-merge","category-accueil-third","category-economie","category-societe","tag-alpes","tag-associatif","tag-associations","tag-coupes-budgetaires","tag-economie-sociale-et-solidaire","tag-emploi","tag-hautes-alpes","tag-prefecture","tag-salaires","tag-solidaire","news-destination-homepage","news-source-website"],"_links":{"self":[{"href":"https:\/\/euapp01.newsmemory.com\/lamarseillaise\/news\/wp-json\/wp\/v2\/posts\/39578","targetHints":{"allow":["GET"]}}],"collection":[{"href":"https:\/\/euapp01.newsmemory.com\/lamarseillaise\/news\/wp-json\/wp\/v2\/posts"}],"about":[{"href":"https:\/\/euapp01.newsmemory.com\/lamarseillaise\/news\/wp-json\/wp\/v2\/types\/post"}],"author":[{"embeddable":true,"href":"https:\/\/euapp01.newsmemory.com\/lamarseillaise\/news\/wp-json\/wp\/v2\/users\/1"}],"replies":[{"embeddable":true,"href":"https:\/\/euapp01.newsmemory.com\/lamarseillaise\/news\/wp-json\/wp\/v2\/comments?post=39578"}],"version-history":[{"count":1,"href":"https:\/\/euapp01.newsmemory.com\/lamarseillaise\/news\/wp-json\/wp\/v2\/posts\/39578\/revisions"}],"predecessor-version":[{"id":39580,"href":"https:\/\/euapp01.newsmemory.com\/lamarseillaise\/news\/wp-json\/wp\/v2\/posts\/39578\/revisions\/39580"}],"wp:featuredmedia":[{"embeddable":true,"href":"https:\/\/euapp01.newsmemory.com\/lamarseillaise\/news\/wp-json\/wp\/v2\/media\/39579"}],"wp:attachment":[{"href":"https:\/\/euapp01.newsmemory.com\/lamarseillaise\/news\/wp-json\/wp\/v2\/media?parent=39578"}],"wp:term":[{"taxonomy":"category","embeddable":true,"href":"https:\/\/euapp01.newsmemory.com\/lamarseillaise\/news\/wp-json\/wp\/v2\/categories?post=39578"},{"taxonomy":"post_tag","embeddable":true,"href":"https:\/\/euapp01.newsmemory.com\/lamarseillaise\/news\/wp-json\/wp\/v2\/tags?post=39578"},{"taxonomy":"news-destination","embeddable":true,"href":"https:\/\/euapp01.newsmemory.com\/lamarseillaise\/news\/wp-json\/wp\/v2\/news-destination?post=39578"},{"taxonomy":"news-source","embeddable":true,"href":"https:\/\/euapp01.newsmemory.com\/lamarseillaise\/news\/wp-json\/wp\/v2\/news-source?post=39578"},{"taxonomy":"is_homepage","embeddable":true,"href":"https:\/\/euapp01.newsmemory.com\/lamarseillaise\/news\/wp-json\/wp\/v2\/is_homepage?post=39578"},{"taxonomy":"ta_other","embeddable":true,"href":"https:\/\/euapp01.newsmemory.com\/lamarseillaise\/news\/wp-json\/wp\/v2\/ta_other?post=39578"}],"curies":[{"name":"wp","href":"https:\/\/api.w.org\/{rel}","templated":true}]}}