{"id":39575,"date":"2026-08-18T07:47:00","date_gmt":"2026-08-18T05:47:00","guid":{"rendered":"https:\/\/euapp01.newsmemory.com\/lamarseillaise\/news\/?p=39575"},"modified":"2026-08-22T21:11:27","modified_gmt":"2026-08-22T19:11:27","slug":"un-incendie-maitrise-au-col-de-matacharre","status":"publish","type":"post","link":"https:\/\/euapp01.newsmemory.com\/lamarseillaise\/news\/2026\/08\/18\/un-incendie-maitrise-au-col-de-matacharre\/","title":{"rendered":"Un incendie ma\u00eetris\u00e9 au col de Matacharre"},"content":{"rendered":"<div class=\"paragraph\">\n<p>Malgr\u00e9 la difficult\u00e9 d\u2019acc\u00e8s \u00e0 un terrain accident\u00e9, le feu a \u00e9t\u00e9 rapidement ma\u00eetris\u00e9. Ce dimanche apr\u00e8s-midi, pendant un \u00e9pisode orageux, des flammes sont apparues sous la barre rocheuse de Vente-Cul, sur les hauteurs qui dominent la commune de la Roche-Des-Arnauds. D\u2019apr\u00e8s le Service d\u00e9partemental d\u2019incendie et de secours (Sdis), le feu s\u2019est propag\u00e9 sur deux hectares. Une cinquantaine de sapeurs-pompiers ont \u00e9t\u00e9 d\u00e9ploy\u00e9s au sol ainsi qu\u2019une quinzaine de v\u00e9hicules. Face la complexit\u00e9 d\u2019agir par voie terrestre, deux canadairs ont \u00e9t\u00e9 d\u00e9ploy\u00e9s le jour m\u00eame. Lundi matin, une douzaine de pompiers \u00e9taient toujours mobilis\u00e9s et le feu \u00e9tait d\u00e9clar\u00e9 fix\u00e9, seul un foyer restait encore actif.<\/p>\n<\/p><\/div>\n<div class=\"intext\"> Les suites de l\u2019incendie<br \/>\n               <br \/>du Bois Noir\n              <\/div>\n<div class=\"paragraph\">\n<p>Une frayeur passag\u00e8re qui a de quoi rassurer apr\u00e8s les ravages caus\u00e9s par l\u2019incendie des Ecrins, enti\u00e8rement \u00e9teint depuis le 13\u00a0ao\u00fbt, soit pr\u00e8s d\u2019un mois apr\u00e8s son d\u00e9clenchement, le 15\u00a0juillet dernier. Entretemps, les flammes apparues sur le secteur du Bois Noir se sont \u00e9tendues sur 510 hectares. Face aux multiples feux de l\u2019\u00e9t\u00e9, le Premier ministre S\u00e9bastien Lecornu a lanc\u00e9 le 12 ao\u00fbt une mission parlementaire pour travailler \u00e0 de nouvelles mesures pour les endiguer. La d\u00e9put\u00e9e socialiste des Hautes-Alpes Val\u00e9rie Rossi a de son c\u00f4t\u00e9 saisi cette occasion pour proposer d\u2019auditionner les \u00e9lus et acteurs concern\u00e9s par l\u2019incendie du Bois Noir. \u00ab<i>\u00a0<\/i><i>L\u2019objectif n\u2019est pas de d\u00e9signer des responsables mais de comprendre, objectiver et tirer tous les enseignements de cet \u00e9v\u00e9nement, afin que demain nos territoires de montagne soient mieux pr\u00e9par\u00e9s<\/i><i>\u00a0<\/i>\u00bb, a-t-elle avanc\u00e9.<\/p>\n<\/p><\/div>\n","protected":false},"excerpt":{"rendered":"Malgr&eacute; la difficult&eacute; d&rsquo;acc&egrave;s &agrave; un terrain accident&eacute;, le feu a &eacute;t&eacute; rapidement ma&icirc;tris&eacute;. Ce dimanche apr&egrave;s-midi, pendant un &eacute;pisode orageux, des flammes sont apparues &#8230;","protected":false},"author":1,"featured_media":39576,"comment_status":"open","ping_status":"open","sticky":false,"template":"","format":"standard","meta":{"footnotes":""},"categories":[3926,3925,20],"tags":[4768,314,318,316,1673,319,1396,3415,320,1674,5879],"news-destination":[3944],"news-source":[475],"is_homepage":[],"ta_other":[],"class_list":["post-39575","post","type-post","status-publish","format-standard","has-post-thumbnail","hentry","category-accueil-merge","category-accueil-third","category-societe","tag-alpes","tag-canadair","tag-feu","tag-feu-de-foret","tag-feux","tag-incendie","tag-incendies","tag-montagne","tag-pompiers","tag-sapeurs-pompiers","tag-sdis","news-destination-homepage","news-source-website"],"_links":{"self":[{"href":"https:\/\/euapp01.newsmemory.com\/lamarseillaise\/news\/wp-json\/wp\/v2\/posts\/39575","targetHints":{"allow":["GET"]}}],"collection":[{"href":"https:\/\/euapp01.newsmemory.com\/lamarseillaise\/news\/wp-json\/wp\/v2\/posts"}],"about":[{"href":"https:\/\/euapp01.newsmemory.com\/lamarseillaise\/news\/wp-json\/wp\/v2\/types\/post"}],"author":[{"embeddable":true,"href":"https:\/\/euapp01.newsmemory.com\/lamarseillaise\/news\/wp-json\/wp\/v2\/users\/1"}],"replies":[{"embeddable":true,"href":"https:\/\/euapp01.newsmemory.com\/lamarseillaise\/news\/wp-json\/wp\/v2\/comments?post=39575"}],"version-history":[{"count":1,"href":"https:\/\/euapp01.newsmemory.com\/lamarseillaise\/news\/wp-json\/wp\/v2\/posts\/39575\/revisions"}],"predecessor-version":[{"id":39577,"href":"https:\/\/euapp01.newsmemory.com\/lamarseillaise\/news\/wp-json\/wp\/v2\/posts\/39575\/revisions\/39577"}],"wp:featuredmedia":[{"embeddable":true,"href":"https:\/\/euapp01.newsmemory.com\/lamarseillaise\/news\/wp-json\/wp\/v2\/media\/39576"}],"wp:attachment":[{"href":"https:\/\/euapp01.newsmemory.com\/lamarseillaise\/news\/wp-json\/wp\/v2\/media?parent=39575"}],"wp:term":[{"taxonomy":"category","embeddable":true,"href":"https:\/\/euapp01.newsmemory.com\/lamarseillaise\/news\/wp-json\/wp\/v2\/categories?post=39575"},{"taxonomy":"post_tag","embeddable":true,"href":"https:\/\/euapp01.newsmemory.com\/lamarseillaise\/news\/wp-json\/wp\/v2\/tags?post=39575"},{"taxonomy":"news-destination","embeddable":true,"href":"https:\/\/euapp01.newsmemory.com\/lamarseillaise\/news\/wp-json\/wp\/v2\/news-destination?post=39575"},{"taxonomy":"news-source","embeddable":true,"href":"https:\/\/euapp01.newsmemory.com\/lamarseillaise\/news\/wp-json\/wp\/v2\/news-source?post=39575"},{"taxonomy":"is_homepage","embeddable":true,"href":"https:\/\/euapp01.newsmemory.com\/lamarseillaise\/news\/wp-json\/wp\/v2\/is_homepage?post=39575"},{"taxonomy":"ta_other","embeddable":true,"href":"https:\/\/euapp01.newsmemory.com\/lamarseillaise\/news\/wp-json\/wp\/v2\/ta_other?post=39575"}],"curies":[{"name":"wp","href":"https:\/\/api.w.org\/{rel}","templated":true}]}}